{"id":407,"date":"2006-09-22T12:20:30","date_gmt":"2006-09-22T12:20:30","guid":{"rendered":"http:\/\/new.kardoskut.hu\/?p=407"},"modified":"2017-11-15T10:41:48","modified_gmt":"2017-11-15T10:41:48","slug":"munkacsy-kiallitason-jartunk","status":"publish","type":"post","link":"https:\/\/www.kardoskut.hu\/?p=407","title":{"rendered":"Munk\u00e1csy ki\u00e1ll\u00edt\u00e1son j\u00e1rtunk"},"content":{"rendered":"<p>P\u00e9ntek d\u00e9lut\u00e1n Kardosk\u00fat minden koroszt\u00e1ly\u00e1t k\u00e9pviseltetve indultunk el egy sz\u00e9p ki\u00e1ll\u00edt\u00e1si \u00e9lm\u00e9ny rem\u00e9ny\u00e9ben B\u00e9k\u00e9scsab\u00e1ra. A 20 f\u0151s csoport tagjai nem csal\u00f3dtak, hiszen p\u00e1ratlan \u00e9s ebben a form\u00e1j\u00e1ban megism\u00e9telhetetlen id\u0151szaki ki\u00e1ll\u00edt\u00e1s l\u00e1that\u00f3 a megyesz\u00e9khelyen. Els\u0151 utunk a Munk\u00e1csy Mih\u00e1ly Eml\u00e9kh\u00e1zba vezetett, ahol a nagyon sz\u00ednvonalas \u00e9s tartalmas t\u00e1rlatvezet\u00e9s sor\u00e1n megismerhett\u00fck a vil\u00e1gh\u00edr\u0171 magyar fest\u0151m\u0171v\u00e9sz csal\u00e1dj\u00e1nak t\u00f6rt\u00e9net\u00e9t, fest\u0151i korszakainak \u00e1llom\u00e1sait, s term\u00e9szetesen gy\u00f6ny\u00f6rk\u00f6dhett\u00fcnk a mester k\u00e9peiben a ki\u00e1ll\u00edtott csal\u00e1di b\u00fatorzatok k\u00f6z\u00f6tt. Az eml\u00e9kh\u00e1z t\u00f6rt\u00e9net\u00e9r\u0151l megtudtuk, hogy a mester sz\u00fclet\u00e9s\u00e9nek 150. \u00e9vfordul\u00f3j\u00e1ra, 1994-ben ny\u00edlt meg a nyolcszob\u00e1s udvarh\u00e1z. Az 1840-es \u00e9vekben \u00e9p\u00fclt klasszicista \u00e9p\u00fclet m\u00e9lt\u00f3 hely az \u00e1lland\u00f3 ki\u00e1ll\u00edt\u00e1s bemutat\u00e1s\u00e1ra. Munk\u00e1csy \u00e9desanyj\u00e1nak a testv\u00e9re, Re\u00f6k Sarolta volt a h\u00e1z \u00e9p\u00edttet\u0151je, Steiner Jakab feles\u00e9ge. N\u00e1luk \u00e9lt Munk\u00e1csy h\u00faga, miut\u00e1n \u00e1rv\u00e1n maradtak. Munk\u00e1csy 8 \u00e9vesen ker\u00fclt Miskolcr\u00f3l B\u00e9k\u00e9scsab\u00e1ra, anyja \u00f6ccs\u00e9hez, Re\u00f6k Istv\u00e1nhoz. \u0150 egyed\u00fcl \u00e9lt, a kisfi\u00fa Munk\u00e1csyt \u0151 tan\u00edtgatta otthon, aki j\u00e1tszani ide, a mostani eml\u00e9kh\u00e1z \u00e9p\u00fclet\u00e9be j\u00e1rt Steiner\u00e9khez. Miut\u00e1n h\u00edres fest\u0151 lett bel\u0151le t\u00f6bbsz\u00f6r is visszat\u00e9rt B\u00e9k\u00e9scsab\u00e1ra, s a v\u00e1ros d\u00edszpolg\u00e1ra lett. Hal\u00e1la ut\u00e1n el\u0151sz\u00f6r itt neveztek el utc\u00e1t r\u00f3la \u00e9s a vil\u00e1gon egyed\u00fcl itt tisztelegnek eml\u00e9kh\u00e1zzal \u00e9letm\u0171ve el\u0151tt. Igen sokat id\u0151zt\u00fcnk az eml\u00e9kh\u00e1zban, ahol a kedves t\u00e1rlatvezet\u0151nk instrukci\u00f3i alapj\u00e1n j\u00f3l felk\u00e9sz\u00fclt\u00fcnk a \u201enagy ki\u00e1ll\u00edt\u00e1s\u201d megtekint\u00e9s\u00e9re. K\u00f6zeledve a Munk\u00e1csy Mih\u00e1ly M\u00fazeum bej\u00e1rat\u00e1hoz l\u00e1ttuk, nem csak a mi csoportunk k\u00edv\u00e1ncsi a h\u00edres alkot\u00e1sokra. R\u00f6vid v\u00e1rakoz\u00e1s ut\u00e1n bejutottunk a csod\u00e1latos termekbe. Nagyon sz\u00e9pen \u00f6sszev\u00e1logatt\u00e1k a rendez\u0151k a ki\u00e1ll\u00edt\u00e1si anyagot. P\u00e1kh Imre Amerik\u00e1ban \u00e9l\u0151 mag\u00e1ngy\u0171jt\u0151 tulajdon\u00e1b\u00f3l 29 festm\u00e9nyt l\u00e1thattunk itt. A vil\u00e1gon a mester k\u00e9peib\u0151l \u0151 rendelkezik a legnagyobb sz\u00e1m\u00fa mag\u00e1ngy\u0171jtem\u00e9nnyel. A t\u00e1rlatra ki\u00e1ll\u00edt\u00e1si anyagot kapott a m\u00fazeum m\u00e1s gy\u0171jtem\u00e9nyekb\u0151l is, az Arad Megyei M\u00fazeumb\u00f3l, a Magyar Nemzeti Gal\u00e9ri\u00e1t\u00f3l, a M\u00f3ra Ferenc M\u00fazeumb\u00f3l. Csod\u00e1lattal n\u00e9zt\u00fck ezeket a Magyarorsz\u00e1gon is ritkas\u00e1gnak sz\u00e1m\u00edt\u00f3 alkot\u00e1sokat, hiszen az itt l\u00e9v\u0151 festm\u00e9nyek tal\u00e1n nem is biztos, hogy Magyarorsz\u00e1gon valamikor is \u00fajra egy\u00fctt l\u00e1that\u00f3ak lesznek. K\u00e1r lett volna elmulasztani ezt a ki\u00e1ll\u00edt\u00e1st! A m\u00fazeumban m\u00e9g megtekintett\u00fck a megy\u00e9nk n\u00e9pi hagyom\u00e1ny\u00e1t bemutat\u00f3 ki\u00e1ll\u00edt\u00e1st is. Az id\u0151sebbek \u00f6r\u00f6mmel eml\u00e9keztek vissza a fiatal korukat megid\u00e9z\u0151 haszn\u00e1lati t\u00e1rgyakra, eszk\u00f6z\u00f6kre \u00e9s a sz\u00e9p n\u00e9pviseletre, amiket mi is, fiatalabbak \u00e9rdekl\u0151dve n\u00e9zt\u00fcnk. B\u00e9k\u00e9scsabai kir\u00e1ndul\u00e1sunk befejez\u00e9sek\u00e9nt m\u00e9g egy r\u00f6vid pihen\u0151re elballagtunk az Andr\u00e1ssy \u00fatra. A s\u00e9t\u00e1l\u00f3utc\u00e1n besz\u00e9lget\u00e9ssel, vacsor\u00e1val t\u00f6lt\u00f6tt\u00fck el az id\u0151nket. Sz\u00e9p k\u00e9pz\u0151m\u0171v\u00e9szeti \u00e9lm\u00e9nyekkel gazdagodva t\u00e9rt\u00fcnk vissza Kardosk\u00fatra!<\/p>\n","protected":false},"excerpt":{"rendered":"<p>P\u00e9ntek d\u00e9lut\u00e1n Kardosk\u00fat minden koroszt\u00e1ly\u00e1t k\u00e9pviseltetve indultunk el egy sz\u00e9p ki\u00e1ll\u00edt\u00e1si \u00e9lm\u00e9ny rem\u00e9ny\u00e9ben B\u00e9k\u00e9scsab\u00e1ra. A 20 f\u0151s csoport tagjai nem csal\u00f3dtak, hiszen p\u00e1ratlan \u00e9s ebben a form\u00e1j\u00e1ban megism\u00e9telhetetlen id\u0151szaki ki\u00e1ll\u00edt\u00e1s l\u00e1that\u00f3 a megyesz\u00e9khelyen. Els\u0151 utunk a Munk\u00e1csy Mih\u00e1ly Eml\u00e9kh\u00e1zba vezetett, ahol a nagyon sz\u00ednvonalas \u00e9s tartalmas t\u00e1rlatvezet\u00e9s sor\u00e1n megismerhett\u00fck a vil\u00e1gh\u00edr\u0171 magyar fest\u0151m\u0171v\u00e9sz csal\u00e1dj\u00e1nak t\u00f6rt\u00e9net\u00e9t, &hellip; <\/p>\n<p class=\"link-more\"><a href=\"https:\/\/www.kardoskut.hu\/?p=407\" class=\"more-link\"><span class=\"screen-reader-text\">&#8222;Munk\u00e1csy ki\u00e1ll\u00edt\u00e1son j\u00e1rtunk&#8221;<\/span> b\u0151vebben<\/a><\/p>\n","protected":false},"author":1,"featured_media":0,"comment_status":"closed","ping_status":"closed","sticky":false,"template":"","format":"standard","meta":{"footnotes":""},"categories":[8],"tags":[],"class_list":["post-407","post","type-post","status-publish","format-standard","hentry","category-8"],"_links":{"self":[{"href":"https:\/\/www.kardoskut.hu\/index.php?rest_route=\/wp\/v2\/posts\/407","targetHints":{"allow":["GET"]}}],"collection":[{"href":"https:\/\/www.kardoskut.hu\/index.php?rest_route=\/wp\/v2\/posts"}],"about":[{"href":"https:\/\/www.kardoskut.hu\/index.php?rest_route=\/wp\/v2\/types\/post"}],"author":[{"embeddable":true,"href":"https:\/\/www.kardoskut.hu\/index.php?rest_route=\/wp\/v2\/users\/1"}],"replies":[{"embeddable":true,"href":"https:\/\/www.kardoskut.hu\/index.php?rest_route=%2Fwp%2Fv2%2Fcomments&post=407"}],"version-history":[{"count":1,"href":"https:\/\/www.kardoskut.hu\/index.php?rest_route=\/wp\/v2\/posts\/407\/revisions"}],"predecessor-version":[{"id":408,"href":"https:\/\/www.kardoskut.hu\/index.php?rest_route=\/wp\/v2\/posts\/407\/revisions\/408"}],"wp:attachment":[{"href":"https:\/\/www.kardoskut.hu\/index.php?rest_route=%2Fwp%2Fv2%2Fmedia&parent=407"}],"wp:term":[{"taxonomy":"category","embeddable":true,"href":"https:\/\/www.kardoskut.hu\/index.php?rest_route=%2Fwp%2Fv2%2Fcategories&post=407"},{"taxonomy":"post_tag","embeddable":true,"href":"https:\/\/www.kardoskut.hu\/index.php?rest_route=%2Fwp%2Fv2%2Ftags&post=407"}],"curies":[{"name":"wp","href":"https:\/\/api.w.org\/{rel}","templated":true}]}}