{"id":3953,"date":"2019-11-04T20:14:22","date_gmt":"2019-11-04T20:14:22","guid":{"rendered":"http:\/\/www.kardoskut.hu\/?p=3953"},"modified":"2019-11-04T20:14:22","modified_gmt":"2019-11-04T20:14:22","slug":"tokfaragas-es-jelmezverseny","status":"publish","type":"post","link":"https:\/\/www.kardoskut.hu\/?p=3953","title":{"rendered":"T\u00f6kfarag\u00e1s \u00e9s jelmezverseny"},"content":{"rendered":"<p><a href=\"https:\/\/www.flickr.com\/photos\/kardoskuthu\/albums\/72157711633380542\"><img loading=\"lazy\" decoding=\"async\" class=\"alignnone size-full wp-image-3954\" src=\"http:\/\/www.kardoskut.hu\/wp-content\/uploads\/2019\/11\/74605554_805171576579241_7689306157919240192_n.jpg\" alt=\"\" width=\"971\" height=\"399\" srcset=\"https:\/\/www.kardoskut.hu\/wp-content\/uploads\/2019\/11\/74605554_805171576579241_7689306157919240192_n.jpg 971w, https:\/\/www.kardoskut.hu\/wp-content\/uploads\/2019\/11\/74605554_805171576579241_7689306157919240192_n-300x123.jpg 300w, https:\/\/www.kardoskut.hu\/wp-content\/uploads\/2019\/11\/74605554_805171576579241_7689306157919240192_n-768x316.jpg 768w\" sizes=\"auto, (max-width: 767px) 89vw, (max-width: 1000px) 54vw, (max-width: 1071px) 543px, 580px\" \/><\/a><br \/>\nTov\u00e1bbi fot\u00f3k\u00e9rt k\u00e9rem kattintson a fenti k\u00e9pre. (Fot\u00f3k: PN.)<\/p>\n<p>Az es\u0151 sem riasztotta vissza az elsz\u00e1nt t\u00f6kfarag\u00f3kat \u00e9s jelmezeseket, akik a m\u0171vel\u0151d\u00e9si h\u00e1z okt\u00f3ber v\u00e9gi programj\u00e1ra, a hagyom\u00e1nyos t\u00f6k\u00f6s bulira igyekeztek.<\/p>\n<p>A kedvelt csal\u00e1di programot tizennegyedj\u00e9re rendezt\u00fck meg, t\u00f6retlen sikerrel. A r\u00e9sztvev\u0151k tizen\u00f6t kis jelmezesnek tapsoltak, akik egyenk\u00e9nt bemutatt\u00e1k \u00f6lt\u00f6zet\u00fcket. A zs\u0171ri mindenkit megjutalmazott, az idei \u201eT\u00f6k j\u00f3 fej\u201d c\u00edmet M\u00f3cz Roland \u00e9rdemelte ki, aki unokatestv\u00e9reivel egy\u00fctt k\u00e9sz\u00fclt a programra. A jelmezesek ut\u00e1n a farag\u00e1s tov\u00e1bbi izgalmas percei k\u00f6vetkeztek. A csal\u00e1di k\u00f6z\u00f6s tev\u00e9kenys\u00e9g k\u00f6zepette sok sz\u00e9p egyedi t\u00f6kl\u00e1mp\u00e1s is k\u00e9sz\u00fclt. A legfiatalabb r\u00e9sztvev\u0151nk a hat h\u00f3napos Lia testv\u00e9reit, a legkisebb t\u00f6kfarag\u00f3 Robik\u00e1t \u00e9s n\u0151v\u00e9r\u00e9t figyelte. A 2-5 \u00e9ves kicsinyek mindek\u00f6zben halloween-i m\u00e9zeskal\u00e1cs figur\u00e1kra festegettek.<\/p>\n<p>A zs\u0171ri tagjai \u2013 Andr\u00e9k\u00f3 P\u00e1ln\u00e9, Kocsis P\u00e9tern\u00e9 \u00e9s Kov\u00e1cs Andr\u00e1sn\u00e9 \u2013 nagy igyekezettel k\u00f6vett\u00e9k a farag\u00e1s menet\u00e9t, majd a kateg\u00f3ri\u00e1k gy\u0151zteseinek kihirdet\u00e9s\u00e9n\u00e9l seg\u00e9dkeztek.<\/p>\n<p>A hangulatos est\u00e9t k\u00f6vet\u0151en j\u00f3\u00edz\u0171en fogytak a s\u00fct\u0151t\u00f6k\u00f6s \u00edz\u0171 \u00e9dess\u00e9ggoly\u00f3k, amiket ez\u00faton is k\u00f6sz\u00f6n\u00fcnk Kocsisn\u00e9 Marik\u00e1nak.<\/p>\n<p>Az \u0151szi sz\u00fcnetben az Ifisek Halloween partit rendeztek az erre az alkalomra feld\u00edsz\u00edtett ifiszob\u00e1ban. T\u00f6bb, mint h\u00faszan be\u00f6lt\u00f6zve, t\u00e1rsasj\u00e1t\u00e9k \u00e9s finom falatok mellett sz\u00f3rakoztak egy\u00fctt.<\/p>\n<p>VNB<\/p>\n<p><a href=\"http:\/\/www.kardoskut.hu\/wp-content\/uploads\/2019\/11\/72176819_2731403156899396_3791585867504549888_n.jpg\"><img loading=\"lazy\" decoding=\"async\" class=\"alignnone size-full wp-image-3955\" src=\"http:\/\/www.kardoskut.hu\/wp-content\/uploads\/2019\/11\/72176819_2731403156899396_3791585867504549888_n.jpg\" alt=\"\" width=\"960\" height=\"720\" srcset=\"https:\/\/www.kardoskut.hu\/wp-content\/uploads\/2019\/11\/72176819_2731403156899396_3791585867504549888_n.jpg 960w, https:\/\/www.kardoskut.hu\/wp-content\/uploads\/2019\/11\/72176819_2731403156899396_3791585867504549888_n-300x225.jpg 300w, https:\/\/www.kardoskut.hu\/wp-content\/uploads\/2019\/11\/72176819_2731403156899396_3791585867504549888_n-768x576.jpg 768w\" sizes=\"auto, (max-width: 767px) 89vw, (max-width: 1000px) 54vw, (max-width: 1071px) 543px, 580px\" \/><\/a><\/p>\n","protected":false},"excerpt":{"rendered":"<p>Tov\u00e1bbi fot\u00f3k\u00e9rt k\u00e9rem kattintson a fenti k\u00e9pre. (Fot\u00f3k: PN.) Az es\u0151 sem riasztotta vissza az elsz\u00e1nt t\u00f6kfarag\u00f3kat \u00e9s jelmezeseket, akik a m\u0171vel\u0151d\u00e9si h\u00e1z okt\u00f3ber v\u00e9gi programj\u00e1ra, a hagyom\u00e1nyos t\u00f6k\u00f6s bulira igyekeztek. A kedvelt csal\u00e1di programot tizennegyedj\u00e9re rendezt\u00fck meg, t\u00f6retlen sikerrel. A r\u00e9sztvev\u0151k tizen\u00f6t kis jelmezesnek tapsoltak, akik egyenk\u00e9nt bemutatt\u00e1k \u00f6lt\u00f6zet\u00fcket. A zs\u0171ri mindenkit megjutalmazott, az &hellip; <\/p>\n<p class=\"link-more\"><a href=\"https:\/\/www.kardoskut.hu\/?p=3953\" class=\"more-link\"><span class=\"screen-reader-text\">&#8222;T\u00f6kfarag\u00e1s \u00e9s jelmezverseny&#8221;<\/span> b\u0151vebben<\/a><\/p>\n","protected":false},"author":1,"featured_media":0,"comment_status":"closed","ping_status":"closed","sticky":false,"template":"","format":"standard","meta":{"footnotes":""},"categories":[38],"tags":[],"class_list":["post-3953","post","type-post","status-publish","format-standard","hentry","category-38"],"_links":{"self":[{"href":"https:\/\/www.kardoskut.hu\/index.php?rest_route=\/wp\/v2\/posts\/3953","targetHints":{"allow":["GET"]}}],"collection":[{"href":"https:\/\/www.kardoskut.hu\/index.php?rest_route=\/wp\/v2\/posts"}],"about":[{"href":"https:\/\/www.kardoskut.hu\/index.php?rest_route=\/wp\/v2\/types\/post"}],"author":[{"embeddable":true,"href":"https:\/\/www.kardoskut.hu\/index.php?rest_route=\/wp\/v2\/users\/1"}],"replies":[{"embeddable":true,"href":"https:\/\/www.kardoskut.hu\/index.php?rest_route=%2Fwp%2Fv2%2Fcomments&post=3953"}],"version-history":[{"count":1,"href":"https:\/\/www.kardoskut.hu\/index.php?rest_route=\/wp\/v2\/posts\/3953\/revisions"}],"predecessor-version":[{"id":3956,"href":"https:\/\/www.kardoskut.hu\/index.php?rest_route=\/wp\/v2\/posts\/3953\/revisions\/3956"}],"wp:attachment":[{"href":"https:\/\/www.kardoskut.hu\/index.php?rest_route=%2Fwp%2Fv2%2Fmedia&parent=3953"}],"wp:term":[{"taxonomy":"category","embeddable":true,"href":"https:\/\/www.kardoskut.hu\/index.php?rest_route=%2Fwp%2Fv2%2Fcategories&post=3953"},{"taxonomy":"post_tag","embeddable":true,"href":"https:\/\/www.kardoskut.hu\/index.php?rest_route=%2Fwp%2Fv2%2Ftags&post=3953"}],"curies":[{"name":"wp","href":"https:\/\/api.w.org\/{rel}","templated":true}]}}