{"id":3909,"date":"2019-10-23T08:05:18","date_gmt":"2019-10-23T08:05:18","guid":{"rendered":"http:\/\/www.kardoskut.hu\/?p=3909"},"modified":"2019-10-23T08:05:18","modified_gmt":"2019-10-23T08:05:18","slug":"megelt-esemenyekkel-emlekeztunk","status":"publish","type":"post","link":"https:\/\/www.kardoskut.hu\/?p=3909","title":{"rendered":"Meg\u00e9lt esem\u00e9nyekkel eml\u00e9kezt\u00fcnk"},"content":{"rendered":"<p><a href=\"https:\/\/www.flickr.com\/photos\/kardoskuthu\/albums\/72157711460866001\/with\/48945457623\/\"><img loading=\"lazy\" decoding=\"async\" class=\"alignnone size-large wp-image-3910\" src=\"http:\/\/www.kardoskut.hu\/wp-content\/uploads\/2019\/10\/48946000036_c76805e97f_o-1024x488.jpg\" alt=\"\" width=\"525\" height=\"250\" srcset=\"https:\/\/www.kardoskut.hu\/wp-content\/uploads\/2019\/10\/48946000036_c76805e97f_o-1024x488.jpg 1024w, https:\/\/www.kardoskut.hu\/wp-content\/uploads\/2019\/10\/48946000036_c76805e97f_o-300x143.jpg 300w, https:\/\/www.kardoskut.hu\/wp-content\/uploads\/2019\/10\/48946000036_c76805e97f_o-768x366.jpg 768w, https:\/\/www.kardoskut.hu\/wp-content\/uploads\/2019\/10\/48946000036_c76805e97f_o.jpg 1296w\" sizes=\"auto, (max-width: 525px) 100vw, 525px\" \/><\/a><br \/>\nTov\u00e1bbi fot\u00f3k\u00e9rt k\u00e9rem kattintson a fenti k\u00e9pre. (Fot\u00f3k: PN.)<\/p>\n<p>Szem\u00e9lyes, meg\u00e9lt eml\u00e9keket osztott meg \u00fcnnepi gondolatai k\u00f6z\u00f6tt Veraszt\u00f3 Lajos, Kardosk\u00fat d\u00edszpolg\u00e1ra, az 1956-os forradalom \u00e9s szabads\u00e1gharc 63. \u00e9vfordul\u00f3j\u00e1nak el\u0151est\u00e9j\u00e9n, a m\u0171vel\u0151d\u00e9si h\u00e1zban.<\/p>\n<p>A megeml\u00e9kez\u00e9st az orosh\u00e1zi V\u00f6r\u00f6smarty \u00c1ltal\u00e1nos Iskola tanul\u00f3inak m\u0171sora nyitotta, majd az \u00fcnneps\u00e9g sz\u00f3nokak\u00e9nt felk\u00e9rt Veraszt\u00f3 Lajos sz\u00ednes, \u00e9lm\u00e9nyd\u00fas besz\u00e9de id\u00e9zte fel az \u00f6tvenes \u00e9vek t\u00f6rt\u00e9n\u00e9seit. Mindek\u00f6zben zenei r\u00e9szletek hangzottak el, amelyek \u00e9rdekess\u00e9 tett\u00e9k az eml\u00e9kez\u00e9s perceit. A k\u00f6zs\u00e9gi rendezv\u00e9ny a hagyom\u00e1nyos f\u00e1kly\u00e1s menettel, majd a H\u0151s\u00f6k Eml\u00e9km\u0171v\u00e9n\u00e9l koszor\u00faz\u00e1ssal z\u00e1rult.<\/p>\n<p><a href=\"http:\/\/www.kardoskut.hu\/wp-content\/uploads\/2019\/10\/48945457623_5d566239c4_o.jpg\"><img loading=\"lazy\" decoding=\"async\" class=\"alignnone size-large wp-image-3911\" src=\"http:\/\/www.kardoskut.hu\/wp-content\/uploads\/2019\/10\/48945457623_5d566239c4_o-1024x440.jpg\" alt=\"\" width=\"525\" height=\"226\" srcset=\"https:\/\/www.kardoskut.hu\/wp-content\/uploads\/2019\/10\/48945457623_5d566239c4_o-1024x440.jpg 1024w, https:\/\/www.kardoskut.hu\/wp-content\/uploads\/2019\/10\/48945457623_5d566239c4_o-300x129.jpg 300w, https:\/\/www.kardoskut.hu\/wp-content\/uploads\/2019\/10\/48945457623_5d566239c4_o-768x330.jpg 768w, https:\/\/www.kardoskut.hu\/wp-content\/uploads\/2019\/10\/48945457623_5d566239c4_o.jpg 1159w\" sizes=\"auto, (max-width: 525px) 100vw, 525px\" \/><\/a><\/p>\n","protected":false},"excerpt":{"rendered":"<p>Tov\u00e1bbi fot\u00f3k\u00e9rt k\u00e9rem kattintson a fenti k\u00e9pre. (Fot\u00f3k: PN.) Szem\u00e9lyes, meg\u00e9lt eml\u00e9keket osztott meg \u00fcnnepi gondolatai k\u00f6z\u00f6tt Veraszt\u00f3 Lajos, Kardosk\u00fat d\u00edszpolg\u00e1ra, az 1956-os forradalom \u00e9s szabads\u00e1gharc 63. \u00e9vfordul\u00f3j\u00e1nak el\u0151est\u00e9j\u00e9n, a m\u0171vel\u0151d\u00e9si h\u00e1zban. A megeml\u00e9kez\u00e9st az orosh\u00e1zi V\u00f6r\u00f6smarty \u00c1ltal\u00e1nos Iskola tanul\u00f3inak m\u0171sora nyitotta, majd az \u00fcnneps\u00e9g sz\u00f3nokak\u00e9nt felk\u00e9rt Veraszt\u00f3 Lajos sz\u00ednes, \u00e9lm\u00e9nyd\u00fas besz\u00e9de id\u00e9zte fel az &hellip; <\/p>\n<p class=\"link-more\"><a href=\"https:\/\/www.kardoskut.hu\/?p=3909\" class=\"more-link\"><span class=\"screen-reader-text\">&#8222;Meg\u00e9lt esem\u00e9nyekkel eml\u00e9kezt\u00fcnk&#8221;<\/span> b\u0151vebben<\/a><\/p>\n","protected":false},"author":1,"featured_media":0,"comment_status":"closed","ping_status":"closed","sticky":false,"template":"","format":"standard","meta":{"footnotes":""},"categories":[38],"tags":[],"class_list":["post-3909","post","type-post","status-publish","format-standard","hentry","category-38"],"_links":{"self":[{"href":"https:\/\/www.kardoskut.hu\/index.php?rest_route=\/wp\/v2\/posts\/3909","targetHints":{"allow":["GET"]}}],"collection":[{"href":"https:\/\/www.kardoskut.hu\/index.php?rest_route=\/wp\/v2\/posts"}],"about":[{"href":"https:\/\/www.kardoskut.hu\/index.php?rest_route=\/wp\/v2\/types\/post"}],"author":[{"embeddable":true,"href":"https:\/\/www.kardoskut.hu\/index.php?rest_route=\/wp\/v2\/users\/1"}],"replies":[{"embeddable":true,"href":"https:\/\/www.kardoskut.hu\/index.php?rest_route=%2Fwp%2Fv2%2Fcomments&post=3909"}],"version-history":[{"count":1,"href":"https:\/\/www.kardoskut.hu\/index.php?rest_route=\/wp\/v2\/posts\/3909\/revisions"}],"predecessor-version":[{"id":3912,"href":"https:\/\/www.kardoskut.hu\/index.php?rest_route=\/wp\/v2\/posts\/3909\/revisions\/3912"}],"wp:attachment":[{"href":"https:\/\/www.kardoskut.hu\/index.php?rest_route=%2Fwp%2Fv2%2Fmedia&parent=3909"}],"wp:term":[{"taxonomy":"category","embeddable":true,"href":"https:\/\/www.kardoskut.hu\/index.php?rest_route=%2Fwp%2Fv2%2Fcategories&post=3909"},{"taxonomy":"post_tag","embeddable":true,"href":"https:\/\/www.kardoskut.hu\/index.php?rest_route=%2Fwp%2Fv2%2Ftags&post=3909"}],"curies":[{"name":"wp","href":"https:\/\/api.w.org\/{rel}","templated":true}]}}