{"id":3894,"date":"2019-10-17T10:42:17","date_gmt":"2019-10-17T10:42:17","guid":{"rendered":"http:\/\/www.kardoskut.hu\/?p=3894"},"modified":"2019-10-17T10:42:17","modified_gmt":"2019-10-17T10:42:17","slug":"tajekoztatas-3","status":"publish","type":"post","link":"https:\/\/www.kardoskut.hu\/?p=3894","title":{"rendered":"T\u00e1j\u00e9koztat\u00e1s"},"content":{"rendered":"<p>Kardosk\u00fat K\u00f6zs\u00e9g Helyi V\u00e1laszt\u00e1si Bizotts\u00e1ga a 2019. okt\u00f3ber 13-\u00e1ra kit\u0171z\u00f6tt \u00f6nkorm\u00e1nyzati k\u00e9pvisel\u0151k \u00e9s polg\u00e1rmesterek v\u00e1laszt\u00e1s\u00e1nak eredm\u00e9ny\u00e9r\u0151l a v\u00e1laszt\u00e1s napj\u00e1n, azaz 2019. okt\u00f3ber 13-\u00e1n a vonatkoz\u00f3 hat\u00e1rozatokat meghozta.\u00a0 A hat\u00e1rozatok a helyben szok\u00e1sos m\u00f3don k\u00f6zz\u00e9t\u00e9telre ker\u00fcltek a k\u00f6zs\u00e9gi hirdet\u0151t\u00e1bl\u00e1n \u00e9s honlapon. A polg\u00e1rmester v\u00e1laszt\u00e1s eredm\u00e9ny\u00e9t meg\u00e1llap\u00edt\u00f3 15\/2019. (X.13.), \u00e9s a k\u00e9pvisel\u0151 v\u00e1laszt\u00e1s eredm\u00e9ny\u00e9t meg\u00e1llap\u00edt\u00f3 16\/2019. (X.13.) d\u00f6nt\u00e9se ellen a fellebbez\u00e9st, a v\u00e1laszt\u00e1si elj\u00e1r\u00e1sr\u00f3l sz\u00f3l\u00f3 2013. \u00e9vi XXXVI. t\u00f6rv\u00e9ny 224. \u00a7 (2) bekezd\u00e9se alapj\u00e1n, annak meghozatal\u00e1t\u00f3l sz\u00e1m\u00edtott 3 napon bel\u00fcl kell beny\u00fajtani, \u00fagy, hogy az legk\u00e9s\u0151bb 2019. okt\u00f3ber h\u00f3 16. napj\u00e1n 16.00 \u00f3r\u00e1ig meg\u00e9rkezzen.<\/p>\n<p>A fent megjel\u00f6lt hat\u00e1rid\u0151ig nem \u00e9rkezett fellebbez\u00e9s az illet\u00e9kes bizotts\u00e1ghoz. A jogveszt\u0151 hat\u00e1rid\u0151re tekintettel a 15\/2019. (X.13.) \u00e9s 16\/2019. (X.13.) hat\u00e1rozatok 2019. okt\u00f3ber 16. napj\u00e1n 16:00 \u00f3r\u00e1t k\u00f6vet\u0151en joger\u0151re emelkedtek.<\/p>\n<p>Csan\u00e1dap\u00e1cai K\u00f6z\u00f6s HVI<\/p>\n<p>&nbsp;<\/p>\n","protected":false},"excerpt":{"rendered":"<p>Kardosk\u00fat K\u00f6zs\u00e9g Helyi V\u00e1laszt\u00e1si Bizotts\u00e1ga a 2019. okt\u00f3ber 13-\u00e1ra kit\u0171z\u00f6tt \u00f6nkorm\u00e1nyzati k\u00e9pvisel\u0151k \u00e9s polg\u00e1rmesterek v\u00e1laszt\u00e1s\u00e1nak eredm\u00e9ny\u00e9r\u0151l a v\u00e1laszt\u00e1s napj\u00e1n, azaz 2019. okt\u00f3ber 13-\u00e1n a vonatkoz\u00f3 hat\u00e1rozatokat meghozta.\u00a0 A hat\u00e1rozatok a helyben szok\u00e1sos m\u00f3don k\u00f6zz\u00e9t\u00e9telre ker\u00fcltek a k\u00f6zs\u00e9gi hirdet\u0151t\u00e1bl\u00e1n \u00e9s honlapon. A polg\u00e1rmester v\u00e1laszt\u00e1s eredm\u00e9ny\u00e9t meg\u00e1llap\u00edt\u00f3 15\/2019. (X.13.), \u00e9s a k\u00e9pvisel\u0151 v\u00e1laszt\u00e1s eredm\u00e9ny\u00e9t meg\u00e1llap\u00edt\u00f3 16\/2019. (X.13.) &hellip; <\/p>\n<p class=\"link-more\"><a href=\"https:\/\/www.kardoskut.hu\/?p=3894\" class=\"more-link\"><span class=\"screen-reader-text\">&#8222;T\u00e1j\u00e9koztat\u00e1s&#8221;<\/span> b\u0151vebben<\/a><\/p>\n","protected":false},"author":1,"featured_media":0,"comment_status":"closed","ping_status":"closed","sticky":false,"template":"","format":"standard","meta":{"footnotes":""},"categories":[38],"tags":[],"class_list":["post-3894","post","type-post","status-publish","format-standard","hentry","category-38"],"_links":{"self":[{"href":"https:\/\/www.kardoskut.hu\/index.php?rest_route=\/wp\/v2\/posts\/3894","targetHints":{"allow":["GET"]}}],"collection":[{"href":"https:\/\/www.kardoskut.hu\/index.php?rest_route=\/wp\/v2\/posts"}],"about":[{"href":"https:\/\/www.kardoskut.hu\/index.php?rest_route=\/wp\/v2\/types\/post"}],"author":[{"embeddable":true,"href":"https:\/\/www.kardoskut.hu\/index.php?rest_route=\/wp\/v2\/users\/1"}],"replies":[{"embeddable":true,"href":"https:\/\/www.kardoskut.hu\/index.php?rest_route=%2Fwp%2Fv2%2Fcomments&post=3894"}],"version-history":[{"count":1,"href":"https:\/\/www.kardoskut.hu\/index.php?rest_route=\/wp\/v2\/posts\/3894\/revisions"}],"predecessor-version":[{"id":3895,"href":"https:\/\/www.kardoskut.hu\/index.php?rest_route=\/wp\/v2\/posts\/3894\/revisions\/3895"}],"wp:attachment":[{"href":"https:\/\/www.kardoskut.hu\/index.php?rest_route=%2Fwp%2Fv2%2Fmedia&parent=3894"}],"wp:term":[{"taxonomy":"category","embeddable":true,"href":"https:\/\/www.kardoskut.hu\/index.php?rest_route=%2Fwp%2Fv2%2Fcategories&post=3894"},{"taxonomy":"post_tag","embeddable":true,"href":"https:\/\/www.kardoskut.hu\/index.php?rest_route=%2Fwp%2Fv2%2Ftags&post=3894"}],"curies":[{"name":"wp","href":"https:\/\/api.w.org\/{rel}","templated":true}]}}