{"id":388,"date":"2006-09-06T11:44:13","date_gmt":"2006-09-06T11:44:13","guid":{"rendered":"http:\/\/new.kardoskut.hu\/?p=388"},"modified":"2017-11-12T11:46:33","modified_gmt":"2017-11-12T11:46:33","slug":"kardoskuti-kezmuves-kor","status":"publish","type":"post","link":"https:\/\/www.kardoskut.hu\/?p=388","title":{"rendered":"Kardosk\u00fati K\u00e9zm\u0171ves K\u00f6r"},"content":{"rendered":"<p>A Kardosk\u00fati K\u00e9zm\u0171ves K\u00f6r vezet\u0151je, Andr\u00e9k\u00f3 P\u00e1ln\u00e9 h\u00fasz \u00e9ve foglalkozik szalmafon\u00e1ssal, j\u00e1t\u00e9kk\u00e9sz\u00edt\u00e9ssel. Kezdetben csak a saj\u00e1t gyermekei \u00fcltek le mell\u00e9 j\u00e1tszani, majd a j\u00e1t\u00e9k \u00f6r\u00f6me elterjedt a gyerekek k\u00f6z\u00f6tt \u00e9s bek\u00e9redzkedtek a bar\u00e1tok is. Csoportt\u00e1 fejl\u0151d\u00f6tt a kis k\u00f6z\u00f6ss\u00e9g, a l\u00e9tsz\u00e1m folyamatosan n\u0151tt. A csoport m\u00e1ra a M\u00f3ra Ferenc M\u0171vel\u0151d\u00e9si H\u00e1z berkein bel\u00fcl m\u0171k\u00f6dik.<\/p>\n<p>A szalmafon\u00e1s mellett \u00e9rdekl\u0151d\u00e9s mutatkozott m\u00e1s k\u00e9zm\u0171ves tev\u00e9kenys\u00e9gek &#8211; gy\u00e9k\u00e9nyez\u00e9s, toj\u00e1sfest\u00e9s, gy\u00f6ngyf\u0171z\u00e9s, j\u00e1t\u00e9kk\u00e9sz\u00edt\u00e9s, babak\u00e9sz\u00edt\u00e9s, stb.- ir\u00e1nt, \u00edgy ilyen foglalkoz\u00e1sok is vannak.<\/p>\n<p>Minden foglalkoz\u00e1s azt a c\u00e9lt szolg\u00e1lja, hogy a gyerekek k\u00e9z\u00fcgyess\u00e9ge javuljon, vegy\u00e9k \u00e9szre a maguk k\u00f6r\u00fcl l\u00e9v\u0151 anyagokat, ezekb\u0151l tudjanak t\u00e1rgyakat k\u00e9sz\u00edteni. Ismerkedjenek meg a k\u00f6rnyezet\u00fck m\u00faltj\u00e1val. A csoportnak komoly magatart\u00e1sfejleszt\u0151 hat\u00e1sa is van. Az egy\u00e9bk\u00e9nt mozg\u00e9kony gyermek figyelme a foglalkoz\u00e1s sor\u00e1n tart\u00f3ss\u00e1 v\u00e1lik.<\/p>\n<p>Az \u00f3vodai foglalkoz\u00e1sok sor\u00e1n m\u00e1r 3 \u00e9ves kort\u00f3l j\u00e1tszhat\u00f3 a szalmafon\u00e1s. Az \u00e9vek sor\u00e1n a j\u00e1tsz\u00f3h\u00e1zak legtehets\u00e9gesebb tagjai p\u00e1ly\u00e1zatokon indultak, ahol sz\u00e9p eredm\u00e9nnyel v\u00e9geztek.<br \/>\nAz Orsz\u00e1gos N\u00e9pi Ifj\u00fas\u00e1gi K\u00e9zm\u0171ves P\u00e1ly\u00e1zatot m\u00e1r 6 alkalommal hirdett\u00e9k meg, t\u00f6bb kateg\u00f3ri\u00e1ban. Csoportunk mindegyik alkalommal nyertesk\u00e9nt v\u00e9gzett illetve tagjai k\u00f6z\u00fcl t\u00f6bben egy\u00e9nileg is nyertek: Kov\u00e1cs Bettina, Kurai Erika, Bal\u00e1zs R\u00e9ka, Veraszt\u00f3 Zsuzsanna, Veraszt\u00f3 Anna, Andr\u00e9k\u00f3 Csilla, Andr\u00e9k\u00f3 M\u00f3nika, Andr\u00e9k\u00f3 Katalin, T\u00f3th Adrienn, Horv\u00e1th Nikolett, M\u00e1rki Edit, Kocs\u00e1ny Kitti, Szamosk\u00f6zi Edit \u00e9s m\u00e9g sokan m\u00e1sok.<\/p>\n<p><img loading=\"lazy\" decoding=\"async\" class=\"alignleft size-full wp-image-389\" src=\"http:\/\/new.kardoskut.hu\/wp-content\/uploads\/2017\/11\/kezmuves-33.jpg\" alt=\"\" width=\"729\" height=\"510\" srcset=\"https:\/\/www.kardoskut.hu\/wp-content\/uploads\/2017\/11\/kezmuves-33.jpg 729w, https:\/\/www.kardoskut.hu\/wp-content\/uploads\/2017\/11\/kezmuves-33-300x210.jpg 300w\" sizes=\"auto, (max-width: 729px) 100vw, 729px\" \/> <img loading=\"lazy\" decoding=\"async\" class=\"alignleft size-large wp-image-390\" src=\"http:\/\/new.kardoskut.hu\/wp-content\/uploads\/2017\/11\/kezmuves-34.jpg\" alt=\"\" width=\"525\" height=\"367\" srcset=\"https:\/\/www.kardoskut.hu\/wp-content\/uploads\/2017\/11\/kezmuves-34.jpg 729w, https:\/\/www.kardoskut.hu\/wp-content\/uploads\/2017\/11\/kezmuves-34-300x210.jpg 300w\" sizes=\"auto, (max-width: 525px) 100vw, 525px\" \/> <img loading=\"lazy\" decoding=\"async\" class=\"alignleft size-large wp-image-391\" src=\"http:\/\/new.kardoskut.hu\/wp-content\/uploads\/2017\/11\/kezmuves-35.jpg\" alt=\"\" width=\"525\" height=\"391\" srcset=\"https:\/\/www.kardoskut.hu\/wp-content\/uploads\/2017\/11\/kezmuves-35.jpg 715w, https:\/\/www.kardoskut.hu\/wp-content\/uploads\/2017\/11\/kezmuves-35-300x224.jpg 300w\" sizes=\"auto, (max-width: 525px) 100vw, 525px\" \/> <img loading=\"lazy\" decoding=\"async\" class=\"alignleft size-large wp-image-392\" src=\"http:\/\/new.kardoskut.hu\/wp-content\/uploads\/2017\/11\/kezmuves-36.jpg\" alt=\"\" width=\"525\" height=\"371\" srcset=\"https:\/\/www.kardoskut.hu\/wp-content\/uploads\/2017\/11\/kezmuves-36.jpg 729w, https:\/\/www.kardoskut.hu\/wp-content\/uploads\/2017\/11\/kezmuves-36-300x212.jpg 300w\" sizes=\"auto, (max-width: 525px) 100vw, 525px\" \/> <img loading=\"lazy\" decoding=\"async\" class=\"alignleft size-large wp-image-393\" src=\"http:\/\/new.kardoskut.hu\/wp-content\/uploads\/2017\/11\/kezmuves-38.jpg\" alt=\"\" width=\"525\" height=\"358\" srcset=\"https:\/\/www.kardoskut.hu\/wp-content\/uploads\/2017\/11\/kezmuves-38.jpg 756w, https:\/\/www.kardoskut.hu\/wp-content\/uploads\/2017\/11\/kezmuves-38-300x204.jpg 300w\" sizes=\"auto, (max-width: 525px) 100vw, 525px\" \/><\/p>\n","protected":false},"excerpt":{"rendered":"<p>A Kardosk\u00fati K\u00e9zm\u0171ves K\u00f6r vezet\u0151je, Andr\u00e9k\u00f3 P\u00e1ln\u00e9 h\u00fasz \u00e9ve foglalkozik szalmafon\u00e1ssal, j\u00e1t\u00e9kk\u00e9sz\u00edt\u00e9ssel. Kezdetben csak a saj\u00e1t gyermekei \u00fcltek le mell\u00e9 j\u00e1tszani, majd a j\u00e1t\u00e9k \u00f6r\u00f6me elterjedt a gyerekek k\u00f6z\u00f6tt \u00e9s bek\u00e9redzkedtek a bar\u00e1tok is. Csoportt\u00e1 fejl\u0151d\u00f6tt a kis k\u00f6z\u00f6ss\u00e9g, a l\u00e9tsz\u00e1m folyamatosan n\u0151tt. A csoport m\u00e1ra a M\u00f3ra Ferenc M\u0171vel\u0151d\u00e9si H\u00e1z berkein bel\u00fcl m\u0171k\u00f6dik. A &hellip; <\/p>\n<p class=\"link-more\"><a href=\"https:\/\/www.kardoskut.hu\/?p=388\" class=\"more-link\"><span class=\"screen-reader-text\">&#8222;Kardosk\u00fati K\u00e9zm\u0171ves K\u00f6r&#8221;<\/span> b\u0151vebben<\/a><\/p>\n","protected":false},"author":1,"featured_media":0,"comment_status":"closed","ping_status":"closed","sticky":false,"template":"","format":"standard","meta":{"footnotes":""},"categories":[8],"tags":[],"class_list":["post-388","post","type-post","status-publish","format-standard","hentry","category-8"],"_links":{"self":[{"href":"https:\/\/www.kardoskut.hu\/index.php?rest_route=\/wp\/v2\/posts\/388","targetHints":{"allow":["GET"]}}],"collection":[{"href":"https:\/\/www.kardoskut.hu\/index.php?rest_route=\/wp\/v2\/posts"}],"about":[{"href":"https:\/\/www.kardoskut.hu\/index.php?rest_route=\/wp\/v2\/types\/post"}],"author":[{"embeddable":true,"href":"https:\/\/www.kardoskut.hu\/index.php?rest_route=\/wp\/v2\/users\/1"}],"replies":[{"embeddable":true,"href":"https:\/\/www.kardoskut.hu\/index.php?rest_route=%2Fwp%2Fv2%2Fcomments&post=388"}],"version-history":[{"count":1,"href":"https:\/\/www.kardoskut.hu\/index.php?rest_route=\/wp\/v2\/posts\/388\/revisions"}],"predecessor-version":[{"id":394,"href":"https:\/\/www.kardoskut.hu\/index.php?rest_route=\/wp\/v2\/posts\/388\/revisions\/394"}],"wp:attachment":[{"href":"https:\/\/www.kardoskut.hu\/index.php?rest_route=%2Fwp%2Fv2%2Fmedia&parent=388"}],"wp:term":[{"taxonomy":"category","embeddable":true,"href":"https:\/\/www.kardoskut.hu\/index.php?rest_route=%2Fwp%2Fv2%2Fcategories&post=388"},{"taxonomy":"post_tag","embeddable":true,"href":"https:\/\/www.kardoskut.hu\/index.php?rest_route=%2Fwp%2Fv2%2Ftags&post=388"}],"curies":[{"name":"wp","href":"https:\/\/api.w.org\/{rel}","templated":true}]}}