{"id":3853,"date":"2019-10-04T19:48:25","date_gmt":"2019-10-04T19:48:25","guid":{"rendered":"http:\/\/www.kardoskut.hu\/?p=3853"},"modified":"2019-10-04T19:48:57","modified_gmt":"2019-10-04T19:48:57","slug":"a-magyar-nepmese-napja","status":"publish","type":"post","link":"https:\/\/www.kardoskut.hu\/?p=3853","title":{"rendered":"A Magyar n\u00e9pmese napja"},"content":{"rendered":"<p><a href=\"https:\/\/www.flickr.com\/photos\/kardoskuthu\/albums\/72157711194114708\"><img loading=\"lazy\" decoding=\"async\" class=\"alignnone size-large wp-image-3854\" src=\"http:\/\/www.kardoskut.hu\/wp-content\/uploads\/2019\/10\/20190927_093722-1024x768.jpg\" alt=\"\" width=\"525\" height=\"394\" srcset=\"https:\/\/www.kardoskut.hu\/wp-content\/uploads\/2019\/10\/20190927_093722-1024x768.jpg 1024w, https:\/\/www.kardoskut.hu\/wp-content\/uploads\/2019\/10\/20190927_093722-300x225.jpg 300w, https:\/\/www.kardoskut.hu\/wp-content\/uploads\/2019\/10\/20190927_093722-768x576.jpg 768w\" sizes=\"auto, (max-width: 525px) 100vw, 525px\" \/><\/a><br \/>\nTov\u00e1bbi fot\u00f3k\u00e9rt k\u00e9rem kattintson a fenti k\u00e9pre. (Fot\u00f3k: VNB \u00e9s TB)<\/p>\n<p>M\u00e1rkos Ervin erd\u00e9lyi unit\u00e1rius lelk\u00e9sz kardosk\u00fati tart\u00f3zkod\u00e1sa alatt \u00f6r\u00f6mmel fogadta a felk\u00e9r\u00e9st, hogy a kardosk\u00fati ovisoknak a Magyar n\u00e9pmese napja alkalm\u00e1b\u00f3l mes\u00e9t mondjon. Az aranysz\u0151r\u0171 b\u00e1r\u00e1ny mes\u00e9j\u00e9t ismerhett\u00e9k meg \u00e1ltala az ovisok. \u00cdzes besz\u00e9de mellett a b\u00e1bj\u00e1t\u00e9k is nagy \u00e9lm\u00e9nyt jelentett a gyermekeknek.\u00a0 Ez\u00faton is k\u00f6sz\u00f6nj\u00fck Ervinnek a sz\u00e9p d\u00e9lel\u0151tt\u00f6t.<\/p>\n<p>VNB<\/p>\n","protected":false},"excerpt":{"rendered":"<p>Tov\u00e1bbi fot\u00f3k\u00e9rt k\u00e9rem kattintson a fenti k\u00e9pre. (Fot\u00f3k: VNB \u00e9s TB) M\u00e1rkos Ervin erd\u00e9lyi unit\u00e1rius lelk\u00e9sz kardosk\u00fati tart\u00f3zkod\u00e1sa alatt \u00f6r\u00f6mmel fogadta a felk\u00e9r\u00e9st, hogy a kardosk\u00fati ovisoknak a Magyar n\u00e9pmese napja alkalm\u00e1b\u00f3l mes\u00e9t mondjon. Az aranysz\u0151r\u0171 b\u00e1r\u00e1ny mes\u00e9j\u00e9t ismerhett\u00e9k meg \u00e1ltala az ovisok. \u00cdzes besz\u00e9de mellett a b\u00e1bj\u00e1t\u00e9k is nagy \u00e9lm\u00e9nyt jelentett a gyermekeknek.\u00a0 Ez\u00faton &hellip; <\/p>\n<p class=\"link-more\"><a href=\"https:\/\/www.kardoskut.hu\/?p=3853\" class=\"more-link\"><span class=\"screen-reader-text\">&#8222;A Magyar n\u00e9pmese napja&#8221;<\/span> b\u0151vebben<\/a><\/p>\n","protected":false},"author":1,"featured_media":0,"comment_status":"closed","ping_status":"closed","sticky":false,"template":"","format":"standard","meta":{"footnotes":""},"categories":[38],"tags":[],"class_list":["post-3853","post","type-post","status-publish","format-standard","hentry","category-38"],"_links":{"self":[{"href":"https:\/\/www.kardoskut.hu\/index.php?rest_route=\/wp\/v2\/posts\/3853","targetHints":{"allow":["GET"]}}],"collection":[{"href":"https:\/\/www.kardoskut.hu\/index.php?rest_route=\/wp\/v2\/posts"}],"about":[{"href":"https:\/\/www.kardoskut.hu\/index.php?rest_route=\/wp\/v2\/types\/post"}],"author":[{"embeddable":true,"href":"https:\/\/www.kardoskut.hu\/index.php?rest_route=\/wp\/v2\/users\/1"}],"replies":[{"embeddable":true,"href":"https:\/\/www.kardoskut.hu\/index.php?rest_route=%2Fwp%2Fv2%2Fcomments&post=3853"}],"version-history":[{"count":2,"href":"https:\/\/www.kardoskut.hu\/index.php?rest_route=\/wp\/v2\/posts\/3853\/revisions"}],"predecessor-version":[{"id":3856,"href":"https:\/\/www.kardoskut.hu\/index.php?rest_route=\/wp\/v2\/posts\/3853\/revisions\/3856"}],"wp:attachment":[{"href":"https:\/\/www.kardoskut.hu\/index.php?rest_route=%2Fwp%2Fv2%2Fmedia&parent=3853"}],"wp:term":[{"taxonomy":"category","embeddable":true,"href":"https:\/\/www.kardoskut.hu\/index.php?rest_route=%2Fwp%2Fv2%2Fcategories&post=3853"},{"taxonomy":"post_tag","embeddable":true,"href":"https:\/\/www.kardoskut.hu\/index.php?rest_route=%2Fwp%2Fv2%2Ftags&post=3853"}],"curies":[{"name":"wp","href":"https:\/\/api.w.org\/{rel}","templated":true}]}}