{"id":3848,"date":"2019-10-04T19:24:56","date_gmt":"2019-10-04T19:24:56","guid":{"rendered":"http:\/\/www.kardoskut.hu\/?p=3848"},"modified":"2019-10-04T19:28:39","modified_gmt":"2019-10-04T19:28:39","slug":"bursa-hungarica-2019","status":"publish","type":"post","link":"https:\/\/www.kardoskut.hu\/?p=3848","title":{"rendered":"BURSA HUNGARICA 2019"},"content":{"rendered":"<p>Kardosk\u00fat K\u00f6zs\u00e9g \u00d6nkorm\u00e1nyzat\u00e1nak K\u00e9pvisel\u0151-test\u00fclete a 186\/2019. (IX.26) sz. hat\u00e1rozat\u00e1val d\u00f6nt\u00f6tt, hogy csatlakozik a Bursa Hungarica Fels\u0151oktat\u00e1si \u00d6nkorm\u00e1nyzati \u00d6szt\u00f6nd\u00edjp\u00e1ly\u00e1zat 2020. \u00e9vi fordul\u00f3j\u00e1hoz.<\/p>\n<p>A p\u00e1ly\u00e1zati ki\u00edr\u00e1s megtekinthet\u0151 a <a href=\"http:\/\/www.kardoskut.hu\">www.kardoskut.hu<\/a> oldalon, illetve szem\u00e9lyesen az \u00f6nkorm\u00e1nyzat hivatal\u00e1ban.<\/p>\n<p>Az &#8222;A&#8221; \u00e9s &#8222;B&#8221; t\u00edpus\u00fa p\u00e1ly\u00e1zatok EPER-BURSA rendszerbe val\u00f3 felt\u00f6lt\u00e9s\u00e9nek (bel\u00e9p\u00e9si pont: <a href=\"https:\/\/bursa.emet.hu\/paly\/palybelep.aspx\">https:\/\/bursa.emet.hu\/paly\/palybelep.aspx<\/a>), \u00e9s az \u00f6nkorm\u00e1nyzathoz a nyilatkozattal egy\u00fctt val\u00f3 beny\u00fajt\u00e1s\u00e1nak hat\u00e1rideje:<\/p>\n<p style=\"text-align: center;\"><span style=\"color: #ff0000;\">2019. november 5.<\/span><\/p>\n<p>Kardosk\u00fat, 2019. okt\u00f3ber 3.<\/p>\n<p>Varga P\u00e1l alpolg\u00e1rmester<\/p>\n<p>Let\u00f6lthet\u0151 p\u00e1ly\u00e1zati ki\u00edr\u00e1sok:\u00a0 <a href=\"http:\/\/www.kardoskut.hu\/wp-content\/uploads\/2019\/10\/5_palyazati_kiiras_a_2020.doc\">A t\u00edpus<\/a> &#8211; <a href=\"http:\/\/www.kardoskut.hu\/wp-content\/uploads\/2019\/10\/6_palyazati_kiiras_b_2020-2.docx\">B t\u00edpus<\/a><\/p>\n","protected":false},"excerpt":{"rendered":"<p>Kardosk\u00fat K\u00f6zs\u00e9g \u00d6nkorm\u00e1nyzat\u00e1nak K\u00e9pvisel\u0151-test\u00fclete a 186\/2019. (IX.26) sz. hat\u00e1rozat\u00e1val d\u00f6nt\u00f6tt, hogy csatlakozik a Bursa Hungarica Fels\u0151oktat\u00e1si \u00d6nkorm\u00e1nyzati \u00d6szt\u00f6nd\u00edjp\u00e1ly\u00e1zat 2020. \u00e9vi fordul\u00f3j\u00e1hoz. A p\u00e1ly\u00e1zati ki\u00edr\u00e1s megtekinthet\u0151 a www.kardoskut.hu oldalon, illetve szem\u00e9lyesen az \u00f6nkorm\u00e1nyzat hivatal\u00e1ban. Az &#8222;A&#8221; \u00e9s &#8222;B&#8221; t\u00edpus\u00fa p\u00e1ly\u00e1zatok EPER-BURSA rendszerbe val\u00f3 felt\u00f6lt\u00e9s\u00e9nek (bel\u00e9p\u00e9si pont: https:\/\/bursa.emet.hu\/paly\/palybelep.aspx), \u00e9s az \u00f6nkorm\u00e1nyzathoz a nyilatkozattal egy\u00fctt val\u00f3 beny\u00fajt\u00e1s\u00e1nak hat\u00e1rideje: &hellip; <\/p>\n<p class=\"link-more\"><a href=\"https:\/\/www.kardoskut.hu\/?p=3848\" class=\"more-link\"><span class=\"screen-reader-text\">&#8222;BURSA HUNGARICA 2019&#8221;<\/span> b\u0151vebben<\/a><\/p>\n","protected":false},"author":1,"featured_media":0,"comment_status":"closed","ping_status":"closed","sticky":false,"template":"","format":"standard","meta":{"footnotes":""},"categories":[38],"tags":[],"class_list":["post-3848","post","type-post","status-publish","format-standard","hentry","category-38"],"_links":{"self":[{"href":"https:\/\/www.kardoskut.hu\/index.php?rest_route=\/wp\/v2\/posts\/3848","targetHints":{"allow":["GET"]}}],"collection":[{"href":"https:\/\/www.kardoskut.hu\/index.php?rest_route=\/wp\/v2\/posts"}],"about":[{"href":"https:\/\/www.kardoskut.hu\/index.php?rest_route=\/wp\/v2\/types\/post"}],"author":[{"embeddable":true,"href":"https:\/\/www.kardoskut.hu\/index.php?rest_route=\/wp\/v2\/users\/1"}],"replies":[{"embeddable":true,"href":"https:\/\/www.kardoskut.hu\/index.php?rest_route=%2Fwp%2Fv2%2Fcomments&post=3848"}],"version-history":[{"count":2,"href":"https:\/\/www.kardoskut.hu\/index.php?rest_route=\/wp\/v2\/posts\/3848\/revisions"}],"predecessor-version":[{"id":3852,"href":"https:\/\/www.kardoskut.hu\/index.php?rest_route=\/wp\/v2\/posts\/3848\/revisions\/3852"}],"wp:attachment":[{"href":"https:\/\/www.kardoskut.hu\/index.php?rest_route=%2Fwp%2Fv2%2Fmedia&parent=3848"}],"wp:term":[{"taxonomy":"category","embeddable":true,"href":"https:\/\/www.kardoskut.hu\/index.php?rest_route=%2Fwp%2Fv2%2Fcategories&post=3848"},{"taxonomy":"post_tag","embeddable":true,"href":"https:\/\/www.kardoskut.hu\/index.php?rest_route=%2Fwp%2Fv2%2Ftags&post=3848"}],"curies":[{"name":"wp","href":"https:\/\/api.w.org\/{rel}","templated":true}]}}