{"id":3841,"date":"2019-10-04T19:15:43","date_gmt":"2019-10-04T19:15:43","guid":{"rendered":"http:\/\/www.kardoskut.hu\/?p=3841"},"modified":"2019-10-04T19:15:56","modified_gmt":"2019-10-04T19:15:56","slug":"kardoskut-szepiteseert","status":"publish","type":"post","link":"https:\/\/www.kardoskut.hu\/?p=3841","title":{"rendered":"Kardosk\u00fat sz\u00e9p\u00edt\u00e9s\u00e9\u00e9rt"},"content":{"rendered":"<p><a href=\"https:\/\/www.flickr.com\/photos\/kardoskuthu\/albums\/72157711190489351\"><img loading=\"lazy\" decoding=\"async\" class=\"alignnone size-large wp-image-3842\" src=\"http:\/\/www.kardoskut.hu\/wp-content\/uploads\/2019\/10\/IMG_6344-1024x683.jpg\" alt=\"\" width=\"525\" height=\"350\" srcset=\"https:\/\/www.kardoskut.hu\/wp-content\/uploads\/2019\/10\/IMG_6344-1024x683.jpg 1024w, https:\/\/www.kardoskut.hu\/wp-content\/uploads\/2019\/10\/IMG_6344-300x200.jpg 300w, https:\/\/www.kardoskut.hu\/wp-content\/uploads\/2019\/10\/IMG_6344-768x512.jpg 768w, https:\/\/www.kardoskut.hu\/wp-content\/uploads\/2019\/10\/IMG_6344.jpg 1296w\" sizes=\"auto, (max-width: 525px) 100vw, 525px\" \/><\/a><br \/>\nTov\u00e1bbi fot\u00f3k\u00e9rt k\u00e9rem kattintson a fenti k\u00e9pre. (Fot\u00f3k: Perendy N\u00f3ra.)<\/p>\n<p>Az EFOP 1.5.3-16-2017-00062 \u201eHum\u00e1n szolg\u00e1ltat\u00e1sok fejleszt\u00e9se a t\u00e1rsadalmi felz\u00e1rk\u00f3z\u00e1s \u00e9rdek\u00e9ben\u201d nev\u0171, telep\u00fcl\u00e9s\u00fcnk\u00f6n fut\u00f3 p\u00e1ly\u00e1zat j\u00f3volt\u00e1b\u00f3l 12 db g\u00f6mbk\u0151ris facsemet\u00e9t \u00e9s 60 t\u0151 tear\u00f3zs\u00e1t \u00fcltethett\u00fcnk el a Pet\u0151fi utca elej\u00e9n, illet\u0151leg az \u00c1rp\u00e1d soron. Ehhez a feladathoz a t\u00f6bb, mint 20 \u00f6nk\u00e9ntes ember lelkes munk\u00e1j\u00e1ra \u00e9s a kegyes id\u0151j\u00e1r\u00e1sra is sz\u00fcks\u00e9g volt.<\/p>\n<p>A p\u00e1ly\u00e1zati p\u00e9nzb\u0151l sz\u00e9p, eg\u00e9szs\u00e9ges r\u00f3zsat\u00f6veket \u00e9s 3 \u00e9ves f\u00f6ldlabd\u00e1s facsemet\u00e9ket tudtunk v\u00e1s\u00e1rolni.<\/p>\n<p>A munka szervezetten zajlott. Nagy seg\u00edts\u00e9g\u00fcnkre volt a Start munkacsoport \u00e1ltal el\u0151k\u00e9sz\u00edtett terep, amelyen az el\u0151z\u0151 napokban m\u00e1r tev\u00e9kenykedtek.<\/p>\n<p>C\u00e9lunk az volt, hogy a r\u00e9gi r\u00f3zsasort meg\u00faj\u00edtsuk, emellett n\u00f6velj\u00fck a f\u00e1s\u00edt\u00e1si ter\u00fcleteket, illetve a kisz\u00e1radt f\u00e1k hely\u00e9t p\u00f3toljuk a g\u00f6mbk\u0151ris facsemet\u00e9kkel, amelyeket m\u00e1r a Kardosk\u00fati Falusz\u00e9p\u00edt\u0151 \u00e9s Turisztikai Egyes\u00fclet tagjai p\u00e1r \u00e9ve folyamatosan f\u00e1s\u00edtanak.\u00a0 A p\u00e1ly\u00e1zatunknak k\u00f6sz\u00f6nhet\u0151en ezt is meg tudtuk val\u00f3s\u00edtani.<\/p>\n<p>Nagyon k\u00f6sz\u00f6n\u00f6m minden lelkes, \u00f6nk\u00e9ntes seg\u00edt\u0151mnek, tov\u00e1bb\u00e1 a Turisztikai Egyes\u00fclet t\u00f6bb tagj\u00e1nak, hogy a szabadidej\u00e9t \u00e1ldozta erre a sz\u00e9p \u00e9s hasznos munk\u00e1ra! Mindenki akt\u00edv r\u00e9szese volt ennek a k\u00f6z\u00f6s tev\u00e9kenys\u00e9gnek \u00e9s rengeteg pozit\u00edv \u00e9lm\u00e9nyt is kaphattunk \u00e1ltala.<\/p>\n<p>Perendy N\u00f3ra, k\u00f6z\u00f6ss\u00e9gszervez\u0151<\/p>\n","protected":false},"excerpt":{"rendered":"<p>Tov\u00e1bbi fot\u00f3k\u00e9rt k\u00e9rem kattintson a fenti k\u00e9pre. (Fot\u00f3k: Perendy N\u00f3ra.) Az EFOP 1.5.3-16-2017-00062 \u201eHum\u00e1n szolg\u00e1ltat\u00e1sok fejleszt\u00e9se a t\u00e1rsadalmi felz\u00e1rk\u00f3z\u00e1s \u00e9rdek\u00e9ben\u201d nev\u0171, telep\u00fcl\u00e9s\u00fcnk\u00f6n fut\u00f3 p\u00e1ly\u00e1zat j\u00f3volt\u00e1b\u00f3l 12 db g\u00f6mbk\u0151ris facsemet\u00e9t \u00e9s 60 t\u0151 tear\u00f3zs\u00e1t \u00fcltethett\u00fcnk el a Pet\u0151fi utca elej\u00e9n, illet\u0151leg az \u00c1rp\u00e1d soron. Ehhez a feladathoz a t\u00f6bb, mint 20 \u00f6nk\u00e9ntes ember lelkes munk\u00e1j\u00e1ra \u00e9s &hellip; <\/p>\n<p class=\"link-more\"><a href=\"https:\/\/www.kardoskut.hu\/?p=3841\" class=\"more-link\"><span class=\"screen-reader-text\">&#8222;Kardosk\u00fat sz\u00e9p\u00edt\u00e9s\u00e9\u00e9rt&#8221;<\/span> b\u0151vebben<\/a><\/p>\n","protected":false},"author":1,"featured_media":0,"comment_status":"closed","ping_status":"closed","sticky":false,"template":"","format":"standard","meta":{"footnotes":""},"categories":[38],"tags":[],"class_list":["post-3841","post","type-post","status-publish","format-standard","hentry","category-38"],"_links":{"self":[{"href":"https:\/\/www.kardoskut.hu\/index.php?rest_route=\/wp\/v2\/posts\/3841","targetHints":{"allow":["GET"]}}],"collection":[{"href":"https:\/\/www.kardoskut.hu\/index.php?rest_route=\/wp\/v2\/posts"}],"about":[{"href":"https:\/\/www.kardoskut.hu\/index.php?rest_route=\/wp\/v2\/types\/post"}],"author":[{"embeddable":true,"href":"https:\/\/www.kardoskut.hu\/index.php?rest_route=\/wp\/v2\/users\/1"}],"replies":[{"embeddable":true,"href":"https:\/\/www.kardoskut.hu\/index.php?rest_route=%2Fwp%2Fv2%2Fcomments&post=3841"}],"version-history":[{"count":2,"href":"https:\/\/www.kardoskut.hu\/index.php?rest_route=\/wp\/v2\/posts\/3841\/revisions"}],"predecessor-version":[{"id":3844,"href":"https:\/\/www.kardoskut.hu\/index.php?rest_route=\/wp\/v2\/posts\/3841\/revisions\/3844"}],"wp:attachment":[{"href":"https:\/\/www.kardoskut.hu\/index.php?rest_route=%2Fwp%2Fv2%2Fmedia&parent=3841"}],"wp:term":[{"taxonomy":"category","embeddable":true,"href":"https:\/\/www.kardoskut.hu\/index.php?rest_route=%2Fwp%2Fv2%2Fcategories&post=3841"},{"taxonomy":"post_tag","embeddable":true,"href":"https:\/\/www.kardoskut.hu\/index.php?rest_route=%2Fwp%2Fv2%2Ftags&post=3841"}],"curies":[{"name":"wp","href":"https:\/\/api.w.org\/{rel}","templated":true}]}}