{"id":378,"date":"2006-08-26T11:37:06","date_gmt":"2006-08-26T11:37:06","guid":{"rendered":"http:\/\/new.kardoskut.hu\/?p=378"},"modified":"2017-11-12T11:42:30","modified_gmt":"2017-11-12T11:42:30","slug":"xx-nyugdijas-vers-es-prozairo-palyazat-dijkioszto-unnepsege","status":"publish","type":"post","link":"https:\/\/www.kardoskut.hu\/?p=378","title":{"rendered":"XX. Nyugd\u00edjas Vers- \u00e9s Pr\u00f3za\u00edr\u00f3 P\u00e1ly\u00e1zat d\u00edjkioszt\u00f3 \u00fcnneps\u00e9ge"},"content":{"rendered":"<p>El\u0151sz\u00f3<\/p>\n<p>Az elm\u00falt k\u00e9t \u00e9vtizedben rengeteg p\u00e1lyamunka \u00e9rkezett a M\u00f3ra Ferenc M\u0171vel\u0151d\u00e9si H\u00e1zba. A 2005-\u00f6s \u00e9v \u00f6sszegy\u0171jt\u00f6tt irodalmi alkot\u00e1saib\u00f3l adunk k\u00f6zre most \u00edzel\u00edt\u0151t. Azok a nyugd\u00edjasok, akik pihen\u0151idej\u00fcket vers\u00edr\u00e1ssal, tollforgat\u00e1ssal t\u00f6ltik, bizony nagy \u00f6r\u00f6mmel \u00e9s v\u00e1rakoz\u00e1ssal k\u00e9sz\u00fclnek. Minden \u00e9vben tal\u00e1lkozunk \u00faj alkot\u00f3kkal, \u00edgy m\u00e9lt\u00e1n mondhatjuk, hogy ez a kicsiny B\u00e9k\u00e9s megyei telep\u00fcl\u00e9s, Kardosk\u00fat vonzza a nemes gondolatokat, a tiszta \u00e9rz\u00e9seket k\u00f6zl\u0151 alkot\u00f3k t\u00e1bor\u00e1t.<\/p>\n<p>Jelen k\u00f6tet\u00fcnkben is p\u00e9ld\u00e1it l\u00e1thatjuk annak, ahogy \u0151szint\u00e9n, minden k\u00f6rm\u00f6nfonts\u00e1g n\u00e9lk\u00fcl \u00edr\u00f3dnak meg a csal\u00e1di \u00e9let, a szerelem, a hazaszeretet, s az \u00e9let \u00e1ltal\u00e1nos k\u00e9rd\u00e9seit megfogalmaz\u00f3 alkot\u00e1sok. Minden ember m\u00e1sk\u00e9nt \u00e9li meg az \u00e9let nagy \u00e9s kicsiny, elr\u00f6ppen\u0151 pillanatait. Ez\u00e9rt is \u00e9rdekes ugyanannak a t\u00e9m\u00e1nak a k\u00fcl\u00f6nb\u00f6z\u0151 l\u00e1t\u00e1sm\u00f3d\u00fa, m\u00e1s \u00e9rzelmi h\u00e1tter\u0171 megk\u00f6zel\u00edt\u00e9se. Aki \u00e9vr\u0151l \u00e9vre olvassa az antol\u00f3gi\u00e1nkat az m\u00e1r a k\u00edv\u00e1ncsis\u00e1g izgalm\u00e1val veszi a kez\u00e9be: vajon az elm\u00falt \u00e9vben kik \u00edrtak, s mir\u0151l&#8230;<\/p>\n<p>K\u00edv\u00e1nom, hogy a Kardosk\u00fati Antol\u00f3gia mellett elt\u00f6lt\u00f6tt percek, \u00f3r\u00e1k legyenek mindenki sz\u00e1m\u00e1ra fel\u00fcd\u00edt\u0151ek, elgondolkod\u00e1sra k\u00e9sztet\u0151ek!<\/p>\n<p>A j\u00f6v\u0151 \u00e9vre el\u0151re tekintve &#8211; l\u00e1tva a m\u00e1r be\u00e9rkezett idei\u00a0 p\u00e1lyamunk\u00e1kat, s b\u00edzva a maradand\u00f3 \u00e9rt\u00e9kek \u00fajrak\u00f6zl\u00e9s\u00e9ben &#8211; \u00edg\u00e9rem sz\u00e9p lesz a folytat\u00e1s is.<\/p>\n<p>Ez\u00faton megk\u00f6sz\u00f6n\u00f6m az eddigi \u00e9s a j\u00f6v\u0151beni rem\u00e9lt t\u00e1mogat\u00e1s\u00e1t \u00d6nkorm\u00e1nyzatunknak, s minden kedves seg\u00edt\u0151nknek!<\/p>\n<p>Kardosk\u00fat, 2006. j\u00falius 17.<\/p>\n<p>Pappn\u00e9 Neller Borb\u00e1la<br \/>\nmegb\u00edzott vezet<\/p>\n<p><strong>Minden p\u00f6rk\u00f6lt elfogyott!<\/strong><br \/>\n<em> D\u00edj\u00e1tad\u00f3 \u00fcnneps\u00e9g a M\u0171vel\u0151d\u00e9si H\u00e1zban<\/em><\/p>\n<p>Nagy sz\u00e1mmal \u00e9rkeztek vid\u00e9ki vend\u00e9gek is 2006. augusztus 26-\u00e1n, a ny\u00e1ron k\u00fclsej\u00e9ben meg\u00fajult M\u00f3ra Ferenc M\u0171vel\u0151d\u00e9si H\u00e1zba. A nyugd\u00edjas kor\u00fa alkot\u00f3k, vend\u00e9geink \u00e9s a helyi klubtagok izgatottan v\u00e1rt\u00e1k, hogy elkezd\u0151dj\u00f6n az idei d\u00edj\u00e1tad\u00f3 \u00fcnneps\u00e9g, s hogy \u00fajra egy\u00fctt lehessenek a r\u00e9gi bar\u00e1tok, ismer\u0151s\u00f6k. 2006. fontos d\u00e1tum az \u00e9vr\u0151l-\u00e9vre meghirdetett \u00a0nyugd\u00edjas Vers- \u00e9s Pr\u00f3za\u00edr\u00f3 P\u00e1ly\u00e1zat \u00e9let\u00e9ben. Imm\u00e1r h\u00fasz \u00e9ve annak, hogy Nagyn\u00e9 Sz\u00f6ll\u0151si Ter\u00e9z, az akkori igazgat\u00f3n\u0151 elind\u00edtotta \u00fatj\u00e1ra a m\u00e1ra k\u00f6zel k\u00e9t \u00e9vtizedes hagyom\u00e1nnyal b\u00fcszk\u00e9lkedhet\u0151 Kardosk\u00fati Antol\u00f3gi\u00e1t. Nagy \u00f6r\u00f6m\u00fcnkre szolg\u00e1lt, hogy a hagyom\u00e1nyt elind\u00edt\u00f3 igazgat\u00f3n\u0151 nem feledkezett meg egykori p\u00e1ly\u00e1z\u00f3ir\u00f3l, s k\u00f6zs\u00e9g\u00fcnkr\u0151l. A felid\u00e9zett m\u00falt kapcs\u00e1n d\u00edjat aj\u00e1nlott fel az id\u00e9n egyetlen helyi p\u00e1ly\u00e1z\u00f3nak, Kurai J\u00e1nosn\u00e9nak. \u00a0Nagyn\u00e9 Terike \u00e1ldozatos munk\u00e1j\u00e1t \u00e9vekig Lengyel Gy\u00f6rgyn\u00e9 Emike folytatta. K\u00f6sz\u00f6net illeti az\u00e9rt, hogy az \u00e9vek alatt biztat\u00e1s\u00e1ra a p\u00e1ly\u00e1z\u00f3k t\u00f6retlen kedve megmaradt, amit a megjelent antol\u00f3gi\u00e1k sz\u00e9p sora is bizony\u00edt. Az idei \u00e9vben 45 p\u00e1ly\u00e1z\u00f3 adta be m\u0171veit vers illetve pr\u00f3za kateg\u00f3ri\u00e1ban. A legt\u00f6bben B\u00e9k\u00e9s-, \u00e9s Csongr\u00e1d megy\u00e9b\u0151l \u00e9rkeztek p\u00e1lyamunk\u00e1kkal, de Budapestr\u0151l \u00e9s Debrecenb\u0151l is volt jelentkez\u0151nk. A min\u0151s\u00edt\u00e9st Dr. H\u00e9vvizi S\u00e1ndor irodalomt\u00f6rt\u00e9n\u00e9sz v\u00e9gezte, az \u0151 \u00e9rt\u00e9kel\u00e9s\u00e9t hallhatta a k\u00f6sz\u00f6nt\u0151besz\u00e9d ut\u00e1n a hallgat\u00f3s\u00e1g. A d\u00edjazott m\u0171vekb\u0151l a szok\u00e1sokhoz h\u00edven r\u00e9szletek hangzottak el, M\u00f3ga Borika \u00f3v\u00f3n\u0151 el\u0151ad\u00e1s\u00e1ban. Ez\u00faton is k\u00f6sz\u00f6net illeti f\u00e1rads\u00e1gos felk\u00e9sz\u00fcl\u00e9s\u00e9\u00e9rt. A d\u00e9lel\u0151tt\u00f6t sz\u00ednesebb\u00e9 var\u00e1zsolta az orosh\u00e1zi Bokr\u00e9ta N\u00e9pdalk\u00f6r hangulatos n\u00e9pdalcsokra, Nagy Orsolya \u00e9s Szemenyei Gr\u00e9ta zongoraj\u00e1t\u00e9ka. A p\u00e1ly\u00e1z\u00f3k j\u00f3kedve az eb\u00e9dhez k\u00f6zeledv\u00e9n csak egyre n\u0151tt, hiszen a d\u00edj\u00e1tad\u00f3 \u00fcnneps\u00e9g hivatalos r\u00e9sze ut\u00e1n a vend\u00e9gek egym\u00e1st sz\u00f3rakoztatt\u00e1k \u00e9nekl\u00e9ssel, szavalatokkal. Kodr\u00e1n S\u00e1ndor t\u00e1rogat\u00f3j\u00e1t\u00e9ka igazi meglepet\u00e9s volt a k\u00f6z\u00f6ns\u00e9gnek. K\u00f6zben a bogr\u00e1csokban is f\u0151tt az \u00edzletes marhap\u00f6rk\u00f6lt, ami az id\u00e9n k\u00fcl\u00f6n\u00f6sen finomra sikeredett, s nagyon kelend\u0151 volt, hiszen egy kan\u00e1llal sem maradt bel\u0151le!<\/p>\n<p>A nyugd\u00edjasok ism\u00e9t maradand\u00f3 \u00e9lm\u00e9nyekkel \u00e9s sz\u00e9p aj\u00e1nd\u00e9kok k\u00eds\u00e9ret\u00e9ben hagyhatt\u00e1k el Kardoskutat!<\/p>\n<p>D\u00edjazottak:<\/p>\n<p>Vers kateg\u00f3ria<\/p>\n<p>I. d\u00edjasok: \u00a0Fazekas G\u00e9za (Gyula)<br \/>\nGazsi J\u00e1nos (Budapest)<br \/>\nGyulai B\u00e1lint Tibor (B\u00e9k\u00e9scsaba)<\/p>\n<p>II. d\u00edjasok: \u00a0 Gimesin\u00e9 Dr. Dud\u00e1s Ir\u00e9n (Szeged)<br \/>\nPelle Ferenc (B\u00e9k\u00e9scsaba)<br \/>\nSzepsy Eleon\u00f3ra (Szeged)<\/p>\n<p>III. d\u00edjasok: \u00a0Cs\u00e9fai Szelezs\u00e1n Gy\u00f6rgy (T\u00f3tkoml\u00f3s)<br \/>\nDim\u00e1k B\u00e9la (Nagysz\u00e9n\u00e1s)<br \/>\nV\u00e1rkonyi Gyula (H\u00f3dmez\u0151v\u00e1s\u00e1rhely)<\/p>\n<p>K\u00fcl\u00f6nd\u00edjasok: \u00a0Antal Gy\u00f6rgy (T\u00f3tkoml\u00f3s)<br \/>\nCsicsely Mih\u00e1ly (B\u00e9k\u00e9scsaba)<br \/>\nForr\u00f3 B\u00e9la (Erd\u00e9ly)<br \/>\nFr\u00e1k Ferenc (Nagysz\u00e9n\u00e1s)<br \/>\nM\u00e1t\u00e9 Lajos (Debrecen)<br \/>\nN\u00e1fr\u00e1di G\u00e9za (Csan\u00e1dap\u00e1ca)<br \/>\nR\u00e1k\u00f3czi Rudolf G\u00e9za (Telekgerend\u00e1s)<br \/>\nSurinya Antal (H\u00f3dmez\u0151v\u00e1s\u00e1rhely)<br \/>\nJobb Aranka (Erd\u00e9ly)<\/p>\n<p>Pr\u00f3za kateg\u00f3ria<\/p>\n<p>I. d\u00edjasok: \u00c1chim P\u00e1l (B\u00e9k\u00e9scsaba)<br \/>\nBorb\u00edr\u00f3 Lajos (F\u00fczesgyarmat)<br \/>\nSz\u0151ke Ildik\u00f3 (F\u00fczesgyarmat)<\/p>\n<p>II. d\u00edjasok: \u00c1goston Ilona (Szeged)<br \/>\nK\u00f3cs\u00f3n\u00e9 D\u00e9k\u00e1ny Piroska (Szeged)<br \/>\nNagyajtai Kov\u00e1cs Zsolt (B\u00e9k\u00e9scsaba)<\/p>\n<p>III. d\u00edjasok: Dim\u00e1k B\u00e9l\u00e1n\u00e9 (Nagysz\u00e9n\u00e1s)<br \/>\nFabinyi G\u00e1born\u00e9 (Orosh\u00e1za)<br \/>\n+N\u00e1fr\u00e1di G\u00e9z\u00e1n\u00e9 (Csan\u00e1dap\u00e1ca)<\/p>\n<p>K\u00fcl\u00f6nd\u00edjasok: \u00a0\u00a0Bozs\u00f3 J\u00f3zsef (Szeged)<br \/>\nKardos Mih\u00e1lyn\u00e9 (H\u00f3dmez\u0151v\u00e1s\u00e1rhely)<br \/>\nNagy Erzs\u00e9bet (Szarvas)<br \/>\nS\u00e1nt\u00e1n\u00e9 Kurunczi M\u00e1ria (Szeged)<br \/>\nS\u00f3tyi Gy\u00f6rgy (B\u00e9k\u00e9scsaba)<br \/>\nSzab\u00f3 S\u00e1ndorn\u00e9 (Ok\u00e1ny)<\/p>\n<p><strong>\u00a0<\/strong><strong>Anna \u00e9s P\u00e1n P\u00e9ter<\/strong><\/p>\n<p>Csingi-ling \u00e9s P\u00e1n P\u00e9ter<br \/>\nAnna \u00e1lm\u00e1ba j\u00f6n el.<br \/>\nElviszik \u0150t messzire.<br \/>\nEgyenesen Disney-be.<\/p>\n<p>L\u00e1tnak \u0150k ott sok csod\u00e1t,<br \/>\n\u00d3zt \u00e9s Donald kacs\u00e1t.<br \/>\nV\u00e1rja \u0150ket h\u00e9t t\u00f6rpe,<br \/>\nMeg a j\u00f3 H\u00f3feh\u00e9rke.<\/p>\n<p>Csipker\u00f3zsika \u00e1lm\u00e1ba,<br \/>\nOttvolt m\u00e9g a szob\u00e1ba.<br \/>\nA kir\u00e1lyfi \u00e9breszti,<br \/>\nMert \u0150t nagyon szereti.<\/p>\n<p>Piroska az erd\u0151be,<br \/>\nA farkas megy el\u00e9be.<br \/>\nA vad\u00e1sz \u00e9s a nagymama,<br \/>\nOtt vannak a kunyh\u00f3ba.<\/p>\n<p>Hukk kapit\u00e1ny a gonosz,<br \/>\nAmit \u0150 tesz mind\u00edg rossz.<br \/>\nVolt m\u00e9g sok csod\u00e1s mese,<br \/>\nAbba a sz\u00e9p Disney-be.<\/p>\n<p>Ha valaki j\u00f3 bar\u00e1t,<br \/>\nMegl\u00e1thatja\u00a0 a csod\u00e1t!<br \/>\nAnna \u00e9s a P\u00e1n P\u00e9ter,<br \/>\nK\u00e9zen fogva viszik el.<br \/>\n<em>(Fazekas G\u00e9za)<\/em><\/p>\n<p><strong>J\u00e1nos \u00e9s a kisvonat<\/strong><\/p>\n<p>Hegyen, v\u00f6lgy\u00f6n kereszt\u00fcl,<br \/>\nFut egy vonat egyed\u00fcl.<br \/>\nA s\u00edks\u00e1g a leped\u0151.<br \/>\nP\u00e1rna lett a hegytet\u0151<\/p>\n<p>Kis J\u00e1noska vezeti,<br \/>\nMert \u0150 nagyon szereti.<br \/>\nPaplan volt a dombvid\u00e9k,<br \/>\nVagy kisz\u00e1radt t\u00f3fen\u00e9k.<\/p>\n<p>S\u00edn ezeken tekereg,<br \/>\n\u00c9lvezik a gyerekek.<br \/>\nA kis mozdony csi-fu-fu,<br \/>\nV\u00e1ros j\u00f6n \u00e9s kis falu.<\/p>\n<p>Messze visz a k\u00e9pzelet,<br \/>\nMegm\u00e1ssz\u00e1k a hegyeket.<br \/>\nMese orsz\u00e1g visszav\u00e1rt,<br \/>\nOtt van a sok kis bar\u00e1t.<\/p>\n<p>Ha a mozdony kif\u00e1radt,<br \/>\nKih\u00fazzuk a kis\u00e1gyat.<br \/>\n\u00c1lm\u00e1ban m\u00e9g neveti,<br \/>\nHogy J\u00e1noska szereti<br \/>\n<em>\u00a0\u00a0 \u00a0\u00a0 \u00a0\u00a0 \u00a0\u00a0 \u00a0\u00a0\u00a0 (Fazekas G\u00e9za)<\/em><\/p>\n<p><strong>Ballada az \u00f6regs\u00e9gr\u0151l.<\/strong><\/p>\n<p>K\u00e1r mindig az \u00f6regs\u00e9gr\u0151l<br \/>\n\u00edrni, \u00fagyis j\u00f6n mag\u00e1t\u00f3l,<br \/>\nde, ha m\u00e1s t\u00e9ma nincs k\u00e9zn\u00e9l,<br \/>\nNeked, Kom\u00e1m megbocs\u00e1jtom.<\/p>\n<p>Hetvenkedve \u00edrogatunk,<br \/>\npedig m\u00e1s dolgunk is volna,<br \/>\naz eml\u00e9kez\u00e9s sz\u00f6vet\u00e9t,<br \/>\nm\u00e1r a p\u00f3kh\u00e1l\u00f3 bevonja.<\/p>\n<p>Hamarabb felejt az ember,<br \/>\n\u00e9s gyorsabban is kif\u00e1rad,<br \/>\nm\u00e9g a lelke m\u00e9ly\u00e9r\u0151l is<br \/>\nmindig csak a panasz \u00e1rad.<\/p>\n<p>Ne gondolkozz mindig azon,<br \/>\nhogy az \u00e9vek hogyan sz\u00e1llnak,<br \/>\n\u00fagyis m\u00e1s k\u00e9sz\u00edti el majd<br \/>\nvalamikor a lelt\u00e1rad.<\/p>\n<p>R\u00e1nk k\u00f6ny\u00f6k\u00f6lt ez a sz\u00e1zad,<br \/>\nkil\u00fagozta az er\u0151nket,<br \/>\nde j\u00f3 helyzetbe hozta az<br \/>\n\u00e1lland\u00f3 t\u00f6rtet\u0151ket.<br \/>\n<em>\u00a0\u00a0 \u00a0\u00a0 \u00a0\u00a0 \u00a0\u00a0 \u00a0\u00a0 \u00a0\u00a0 \u00a0\u00a0 \u00a0\u00a0\u00a0 (Gazsi J\u00e1nos)<\/em><\/p>\n<p><img loading=\"lazy\" decoding=\"async\" class=\"alignleft size-full wp-image-379\" src=\"http:\/\/new.kardoskut.hu\/wp-content\/uploads\/2017\/11\/proza1.jpg\" alt=\"\" width=\"640\" height=\"480\" srcset=\"https:\/\/www.kardoskut.hu\/wp-content\/uploads\/2017\/11\/proza1.jpg 640w, https:\/\/www.kardoskut.hu\/wp-content\/uploads\/2017\/11\/proza1-300x225.jpg 300w\" sizes=\"auto, (max-width: 640px) 100vw, 640px\" \/> <img loading=\"lazy\" decoding=\"async\" class=\"alignleft size-large wp-image-380\" src=\"http:\/\/new.kardoskut.hu\/wp-content\/uploads\/2017\/11\/proza2.jpg\" alt=\"\" width=\"525\" height=\"394\" srcset=\"https:\/\/www.kardoskut.hu\/wp-content\/uploads\/2017\/11\/proza2.jpg 640w, https:\/\/www.kardoskut.hu\/wp-content\/uploads\/2017\/11\/proza2-300x225.jpg 300w\" sizes=\"auto, (max-width: 525px) 100vw, 525px\" \/> <img loading=\"lazy\" decoding=\"async\" class=\"alignleft size-large wp-image-381\" src=\"http:\/\/new.kardoskut.hu\/wp-content\/uploads\/2017\/11\/proza3.jpg\" alt=\"\" width=\"525\" height=\"394\" srcset=\"https:\/\/www.kardoskut.hu\/wp-content\/uploads\/2017\/11\/proza3.jpg 640w, https:\/\/www.kardoskut.hu\/wp-content\/uploads\/2017\/11\/proza3-300x225.jpg 300w\" sizes=\"auto, (max-width: 525px) 100vw, 525px\" \/> <img loading=\"lazy\" decoding=\"async\" class=\"alignleft size-large wp-image-382\" src=\"http:\/\/new.kardoskut.hu\/wp-content\/uploads\/2017\/11\/proza4.jpg\" alt=\"\" width=\"525\" height=\"394\" srcset=\"https:\/\/www.kardoskut.hu\/wp-content\/uploads\/2017\/11\/proza4.jpg 640w, https:\/\/www.kardoskut.hu\/wp-content\/uploads\/2017\/11\/proza4-300x225.jpg 300w\" sizes=\"auto, (max-width: 525px) 100vw, 525px\" \/><\/p>\n","protected":false},"excerpt":{"rendered":"<p>El\u0151sz\u00f3 Az elm\u00falt k\u00e9t \u00e9vtizedben rengeteg p\u00e1lyamunka \u00e9rkezett a M\u00f3ra Ferenc M\u0171vel\u0151d\u00e9si H\u00e1zba. A 2005-\u00f6s \u00e9v \u00f6sszegy\u0171jt\u00f6tt irodalmi alkot\u00e1saib\u00f3l adunk k\u00f6zre most \u00edzel\u00edt\u0151t. Azok a nyugd\u00edjasok, akik pihen\u0151idej\u00fcket vers\u00edr\u00e1ssal, tollforgat\u00e1ssal t\u00f6ltik, bizony nagy \u00f6r\u00f6mmel \u00e9s v\u00e1rakoz\u00e1ssal k\u00e9sz\u00fclnek. Minden \u00e9vben tal\u00e1lkozunk \u00faj alkot\u00f3kkal, \u00edgy m\u00e9lt\u00e1n mondhatjuk, hogy ez a kicsiny B\u00e9k\u00e9s megyei telep\u00fcl\u00e9s, Kardosk\u00fat vonzza a &hellip; <\/p>\n<p class=\"link-more\"><a href=\"https:\/\/www.kardoskut.hu\/?p=378\" class=\"more-link\"><span class=\"screen-reader-text\">&#8222;XX. Nyugd\u00edjas Vers- \u00e9s Pr\u00f3za\u00edr\u00f3 P\u00e1ly\u00e1zat d\u00edjkioszt\u00f3 \u00fcnneps\u00e9ge&#8221;<\/span> b\u0151vebben<\/a><\/p>\n","protected":false},"author":1,"featured_media":0,"comment_status":"closed","ping_status":"closed","sticky":false,"template":"","format":"standard","meta":{"footnotes":""},"categories":[8,1],"tags":[],"class_list":["post-378","post","type-post","status-publish","format-standard","hentry","category-8","category-egyeb"],"_links":{"self":[{"href":"https:\/\/www.kardoskut.hu\/index.php?rest_route=\/wp\/v2\/posts\/378","targetHints":{"allow":["GET"]}}],"collection":[{"href":"https:\/\/www.kardoskut.hu\/index.php?rest_route=\/wp\/v2\/posts"}],"about":[{"href":"https:\/\/www.kardoskut.hu\/index.php?rest_route=\/wp\/v2\/types\/post"}],"author":[{"embeddable":true,"href":"https:\/\/www.kardoskut.hu\/index.php?rest_route=\/wp\/v2\/users\/1"}],"replies":[{"embeddable":true,"href":"https:\/\/www.kardoskut.hu\/index.php?rest_route=%2Fwp%2Fv2%2Fcomments&post=378"}],"version-history":[{"count":3,"href":"https:\/\/www.kardoskut.hu\/index.php?rest_route=\/wp\/v2\/posts\/378\/revisions"}],"predecessor-version":[{"id":385,"href":"https:\/\/www.kardoskut.hu\/index.php?rest_route=\/wp\/v2\/posts\/378\/revisions\/385"}],"wp:attachment":[{"href":"https:\/\/www.kardoskut.hu\/index.php?rest_route=%2Fwp%2Fv2%2Fmedia&parent=378"}],"wp:term":[{"taxonomy":"category","embeddable":true,"href":"https:\/\/www.kardoskut.hu\/index.php?rest_route=%2Fwp%2Fv2%2Fcategories&post=378"},{"taxonomy":"post_tag","embeddable":true,"href":"https:\/\/www.kardoskut.hu\/index.php?rest_route=%2Fwp%2Fv2%2Ftags&post=378"}],"curies":[{"name":"wp","href":"https:\/\/api.w.org\/{rel}","templated":true}]}}