{"id":3685,"date":"2019-09-01T08:23:09","date_gmt":"2019-09-01T08:23:09","guid":{"rendered":"http:\/\/www.kardoskut.hu\/?p=3685"},"modified":"2019-09-01T08:23:09","modified_gmt":"2019-09-01T08:23:09","slug":"budapest-budapest-te-csodas","status":"publish","type":"post","link":"https:\/\/www.kardoskut.hu\/?p=3685","title":{"rendered":"Budapest, Budapest Te csod\u00e1s"},"content":{"rendered":"<p><a href=\"https:\/\/www.flickr.com\/photos\/kardoskuthu\/albums\/72157710638304282\"><img loading=\"lazy\" decoding=\"async\" class=\"alignnone size-large wp-image-3686\" src=\"http:\/\/www.kardoskut.hu\/wp-content\/uploads\/2019\/09\/20190831_093835-1024x588.jpg\" alt=\"\" width=\"525\" height=\"301\" srcset=\"https:\/\/www.kardoskut.hu\/wp-content\/uploads\/2019\/09\/20190831_093835-1024x588.jpg 1024w, https:\/\/www.kardoskut.hu\/wp-content\/uploads\/2019\/09\/20190831_093835-300x172.jpg 300w, https:\/\/www.kardoskut.hu\/wp-content\/uploads\/2019\/09\/20190831_093835-768x441.jpg 768w, https:\/\/www.kardoskut.hu\/wp-content\/uploads\/2019\/09\/20190831_093835.jpg 1442w\" sizes=\"auto, (max-width: 525px) 100vw, 525px\" \/><\/a><br \/>\nTov\u00e1bbi fot\u00f3k\u00e9rt k\u00e9rem kattintson a fenti k\u00e9pre. (Fot\u00f3k: VP.)<\/p>\n<p>A K\u00e9pvisel\u0151-test\u00fclet a k\u00f6z\u00f6ss\u00e9g- \u00e9p\u00edt\u00e9s\u00e9nek, er\u0151s\u00edt\u00e9s\u00e9nek ok\u00e1n t\u00e1mogatta azt az elk\u00e9pzel\u00e9st, hogy egy 50 f\u0151s busz \u00fatik\u00f6lts\u00e9g\u00e9t \u00e1tv\u00e1llalja az utaz\u00f3kt\u00f3l egy nagyobb kir\u00e1ndul\u00e1s kapcs\u00e1n. A kardosk\u00fati lakhely\u0171 utaz\u00f3kkal \u00e9s csal\u00e1dtagjaikkal, bar\u00e1tokkal megt\u00f6lt\u00f6tt busz els\u0151 \u00e1llom\u00e1sa Budapesten a Hal\u00e1szb\u00e1stya volt. Egy \u00f3r\u00e1n \u00e1t gy\u00f6ny\u00f6rk\u00f6dhett\u00fcnk a kil\u00e1t\u00e1sban, majd a Parlamenthez vezetett az utunk, ahol is idegenvezet\u0151 k\u00eds\u00e9ret\u00e9ben ismerkedhett\u00fcnk meg az orsz\u00e1g h\u00e1z\u00e1val, annak t\u00f6rt\u00e9nelm\u00e9vel. A kir\u00e1ndul\u00e1sunkat a Tropicariumban z\u00e1rtuk, ahol sok-sok \u00e9rdekes \u00e1llatfajt ismerhett\u00fcnk meg. Az utaz\u00f3k k\u00f6z\u00f6tt a n\u00e9gy \u00e9vest\u0151l a 80 \u00e9vesig sz\u00e9les volt a spektrum. Volt olyan nyugd\u00edjas, aki m\u00e9g soha sem volt a Hal\u00e1szb\u00e1sty\u00e1n\u00e1l, illetve m\u00e9g a Parlamentet sem l\u00e1tta \u00e9l\u0151ben. Sok \u00e9lm\u00e9nnyel, nagyon j\u00f3 hangulatban t\u00e9rt\u00fcnk haza Kardosk\u00fatra a k\u00e9s\u0151 esti \u00f3r\u00e1kban.<\/p>\n","protected":false},"excerpt":{"rendered":"<p>Tov\u00e1bbi fot\u00f3k\u00e9rt k\u00e9rem kattintson a fenti k\u00e9pre. (Fot\u00f3k: VP.) A K\u00e9pvisel\u0151-test\u00fclet a k\u00f6z\u00f6ss\u00e9g- \u00e9p\u00edt\u00e9s\u00e9nek, er\u0151s\u00edt\u00e9s\u00e9nek ok\u00e1n t\u00e1mogatta azt az elk\u00e9pzel\u00e9st, hogy egy 50 f\u0151s busz \u00fatik\u00f6lts\u00e9g\u00e9t \u00e1tv\u00e1llalja az utaz\u00f3kt\u00f3l egy nagyobb kir\u00e1ndul\u00e1s kapcs\u00e1n. A kardosk\u00fati lakhely\u0171 utaz\u00f3kkal \u00e9s csal\u00e1dtagjaikkal, bar\u00e1tokkal megt\u00f6lt\u00f6tt busz els\u0151 \u00e1llom\u00e1sa Budapesten a Hal\u00e1szb\u00e1stya volt. Egy \u00f3r\u00e1n \u00e1t gy\u00f6ny\u00f6rk\u00f6dhett\u00fcnk a kil\u00e1t\u00e1sban, majd &hellip; <\/p>\n<p class=\"link-more\"><a href=\"https:\/\/www.kardoskut.hu\/?p=3685\" class=\"more-link\"><span class=\"screen-reader-text\">&#8222;Budapest, Budapest Te csod\u00e1s&#8221;<\/span> b\u0151vebben<\/a><\/p>\n","protected":false},"author":1,"featured_media":0,"comment_status":"closed","ping_status":"closed","sticky":false,"template":"","format":"standard","meta":{"footnotes":""},"categories":[38],"tags":[],"class_list":["post-3685","post","type-post","status-publish","format-standard","hentry","category-38"],"_links":{"self":[{"href":"https:\/\/www.kardoskut.hu\/index.php?rest_route=\/wp\/v2\/posts\/3685","targetHints":{"allow":["GET"]}}],"collection":[{"href":"https:\/\/www.kardoskut.hu\/index.php?rest_route=\/wp\/v2\/posts"}],"about":[{"href":"https:\/\/www.kardoskut.hu\/index.php?rest_route=\/wp\/v2\/types\/post"}],"author":[{"embeddable":true,"href":"https:\/\/www.kardoskut.hu\/index.php?rest_route=\/wp\/v2\/users\/1"}],"replies":[{"embeddable":true,"href":"https:\/\/www.kardoskut.hu\/index.php?rest_route=%2Fwp%2Fv2%2Fcomments&post=3685"}],"version-history":[{"count":1,"href":"https:\/\/www.kardoskut.hu\/index.php?rest_route=\/wp\/v2\/posts\/3685\/revisions"}],"predecessor-version":[{"id":3687,"href":"https:\/\/www.kardoskut.hu\/index.php?rest_route=\/wp\/v2\/posts\/3685\/revisions\/3687"}],"wp:attachment":[{"href":"https:\/\/www.kardoskut.hu\/index.php?rest_route=%2Fwp%2Fv2%2Fmedia&parent=3685"}],"wp:term":[{"taxonomy":"category","embeddable":true,"href":"https:\/\/www.kardoskut.hu\/index.php?rest_route=%2Fwp%2Fv2%2Fcategories&post=3685"},{"taxonomy":"post_tag","embeddable":true,"href":"https:\/\/www.kardoskut.hu\/index.php?rest_route=%2Fwp%2Fv2%2Ftags&post=3685"}],"curies":[{"name":"wp","href":"https:\/\/api.w.org\/{rel}","templated":true}]}}