{"id":363,"date":"2006-06-27T11:26:16","date_gmt":"2006-06-27T11:26:16","guid":{"rendered":"http:\/\/new.kardoskut.hu\/?p=363"},"modified":"2017-11-12T11:27:28","modified_gmt":"2017-11-12T11:27:28","slug":"a-nyugdijas-klub-vacsoras-klubfoglalkozasa","status":"publish","type":"post","link":"https:\/\/www.kardoskut.hu\/?p=363","title":{"rendered":"A nyugd\u00edjas klub vacsor\u00e1s klubfoglalkoz\u00e1sa"},"content":{"rendered":"<p>A Radn\u00f3ti Mikl\u00f3s Nyugd\u00edjas Klub 2006. j\u00fanius 27.-\u00e9n vacsor\u00e1val egybek\u00f6tve tartotta meg legut\u00f3bbi klubfoglalkoz\u00e1s\u00e1t. A tags\u00e1g mellett megh\u00edvott vend\u00e9gk\u00e9nt jelen volt Ramasz Imre polg\u00e1rmester \u00dar is feles\u00e9g\u00e9vel. \u00a0A 21 \u00e9ve alakult klub ebben a h\u00f3napban h\u00e1rom \u00faj taggal b\u0151v\u00fclt. Rem\u00e9lj\u00fck, hogy az id\u00e9n m\u00e9g lesznek \u00fajabb klubtagok. Az \u00f6sszej\u00f6vetelen a tags\u00e1g egyeztette a ny\u00e1ri kir\u00e1ndul\u00e1s \u00fatiterv\u00e9t. Val\u00f3sz\u00edn\u0171leg szeptember h\u00f3nap els\u0151 fel\u00e9ben utazunk el Miskolcra \u00e9s k\u00f6rny\u00e9k\u00e9re. A kir\u00e1ndul\u00e1st nyitott\u00e1 szeretn\u00e9nk tenni, \u00edgy szeretettel v\u00e1rjuk a kir\u00e1ndul\u00e1sra a k\u00f6zs\u00e9g m\u00e1s lak\u00f3it is. A klubtagok \u00e9let\u00e9ben mindig jelent\u0151s egy ilyen sz\u00e9p, hangulatos alkalom. Az est v\u00e9g\u00e9t a tombolah\u00faz\u00e1s m\u00e9g vid\u00e1mabb\u00e1, sz\u00ednesebb\u00e9 var\u00e1zsolta.<\/p>\n<p><img loading=\"lazy\" decoding=\"async\" class=\"alignleft size-full wp-image-364\" src=\"http:\/\/new.kardoskut.hu\/wp-content\/uploads\/2017\/11\/nyugdijasvacsora-1.jpg\" alt=\"\" width=\"800\" height=\"600\" srcset=\"https:\/\/www.kardoskut.hu\/wp-content\/uploads\/2017\/11\/nyugdijasvacsora-1.jpg 800w, https:\/\/www.kardoskut.hu\/wp-content\/uploads\/2017\/11\/nyugdijasvacsora-1-300x225.jpg 300w, https:\/\/www.kardoskut.hu\/wp-content\/uploads\/2017\/11\/nyugdijasvacsora-1-768x576.jpg 768w\" sizes=\"auto, (max-width: 767px) 89vw, (max-width: 1000px) 54vw, (max-width: 1071px) 543px, 580px\" \/> <img loading=\"lazy\" decoding=\"async\" class=\"alignleft size-large wp-image-365\" src=\"http:\/\/new.kardoskut.hu\/wp-content\/uploads\/2017\/11\/nyugdijasvacsora-2.jpg\" alt=\"\" width=\"525\" height=\"394\" srcset=\"https:\/\/www.kardoskut.hu\/wp-content\/uploads\/2017\/11\/nyugdijasvacsora-2.jpg 800w, https:\/\/www.kardoskut.hu\/wp-content\/uploads\/2017\/11\/nyugdijasvacsora-2-300x225.jpg 300w, https:\/\/www.kardoskut.hu\/wp-content\/uploads\/2017\/11\/nyugdijasvacsora-2-768x576.jpg 768w\" sizes=\"auto, (max-width: 525px) 100vw, 525px\" \/> <img loading=\"lazy\" decoding=\"async\" class=\"alignleft size-large wp-image-366\" src=\"http:\/\/new.kardoskut.hu\/wp-content\/uploads\/2017\/11\/nyugdijasvacsora-3.jpg\" alt=\"\" width=\"525\" height=\"394\" srcset=\"https:\/\/www.kardoskut.hu\/wp-content\/uploads\/2017\/11\/nyugdijasvacsora-3.jpg 800w, https:\/\/www.kardoskut.hu\/wp-content\/uploads\/2017\/11\/nyugdijasvacsora-3-300x225.jpg 300w, https:\/\/www.kardoskut.hu\/wp-content\/uploads\/2017\/11\/nyugdijasvacsora-3-768x576.jpg 768w\" sizes=\"auto, (max-width: 525px) 100vw, 525px\" \/> <img loading=\"lazy\" decoding=\"async\" class=\"alignleft size-full wp-image-367\" src=\"http:\/\/new.kardoskut.hu\/wp-content\/uploads\/2017\/11\/nyugdijasvacsora-4.jpg\" alt=\"\" width=\"800\" height=\"600\" srcset=\"https:\/\/www.kardoskut.hu\/wp-content\/uploads\/2017\/11\/nyugdijasvacsora-4.jpg 800w, https:\/\/www.kardoskut.hu\/wp-content\/uploads\/2017\/11\/nyugdijasvacsora-4-300x225.jpg 300w, https:\/\/www.kardoskut.hu\/wp-content\/uploads\/2017\/11\/nyugdijasvacsora-4-768x576.jpg 768w\" sizes=\"auto, (max-width: 767px) 89vw, (max-width: 1000px) 54vw, (max-width: 1071px) 543px, 580px\" \/><\/p>\n","protected":false},"excerpt":{"rendered":"<p>A Radn\u00f3ti Mikl\u00f3s Nyugd\u00edjas Klub 2006. j\u00fanius 27.-\u00e9n vacsor\u00e1val egybek\u00f6tve tartotta meg legut\u00f3bbi klubfoglalkoz\u00e1s\u00e1t. A tags\u00e1g mellett megh\u00edvott vend\u00e9gk\u00e9nt jelen volt Ramasz Imre polg\u00e1rmester \u00dar is feles\u00e9g\u00e9vel. \u00a0A 21 \u00e9ve alakult klub ebben a h\u00f3napban h\u00e1rom \u00faj taggal b\u0151v\u00fclt. Rem\u00e9lj\u00fck, hogy az id\u00e9n m\u00e9g lesznek \u00fajabb klubtagok. Az \u00f6sszej\u00f6vetelen a tags\u00e1g egyeztette a ny\u00e1ri kir\u00e1ndul\u00e1s &hellip; <\/p>\n<p class=\"link-more\"><a href=\"https:\/\/www.kardoskut.hu\/?p=363\" class=\"more-link\"><span class=\"screen-reader-text\">&#8222;A nyugd\u00edjas klub vacsor\u00e1s klubfoglalkoz\u00e1sa&#8221;<\/span> b\u0151vebben<\/a><\/p>\n","protected":false},"author":1,"featured_media":0,"comment_status":"closed","ping_status":"closed","sticky":false,"template":"","format":"standard","meta":{"footnotes":""},"categories":[8],"tags":[],"class_list":["post-363","post","type-post","status-publish","format-standard","hentry","category-8"],"_links":{"self":[{"href":"https:\/\/www.kardoskut.hu\/index.php?rest_route=\/wp\/v2\/posts\/363","targetHints":{"allow":["GET"]}}],"collection":[{"href":"https:\/\/www.kardoskut.hu\/index.php?rest_route=\/wp\/v2\/posts"}],"about":[{"href":"https:\/\/www.kardoskut.hu\/index.php?rest_route=\/wp\/v2\/types\/post"}],"author":[{"embeddable":true,"href":"https:\/\/www.kardoskut.hu\/index.php?rest_route=\/wp\/v2\/users\/1"}],"replies":[{"embeddable":true,"href":"https:\/\/www.kardoskut.hu\/index.php?rest_route=%2Fwp%2Fv2%2Fcomments&post=363"}],"version-history":[{"count":1,"href":"https:\/\/www.kardoskut.hu\/index.php?rest_route=\/wp\/v2\/posts\/363\/revisions"}],"predecessor-version":[{"id":368,"href":"https:\/\/www.kardoskut.hu\/index.php?rest_route=\/wp\/v2\/posts\/363\/revisions\/368"}],"wp:attachment":[{"href":"https:\/\/www.kardoskut.hu\/index.php?rest_route=%2Fwp%2Fv2%2Fmedia&parent=363"}],"wp:term":[{"taxonomy":"category","embeddable":true,"href":"https:\/\/www.kardoskut.hu\/index.php?rest_route=%2Fwp%2Fv2%2Fcategories&post=363"},{"taxonomy":"post_tag","embeddable":true,"href":"https:\/\/www.kardoskut.hu\/index.php?rest_route=%2Fwp%2Fv2%2Ftags&post=363"}],"curies":[{"name":"wp","href":"https:\/\/api.w.org\/{rel}","templated":true}]}}