{"id":3626,"date":"2019-08-12T04:34:54","date_gmt":"2019-08-12T04:34:54","guid":{"rendered":"http:\/\/www.kardoskut.hu\/?p=3626"},"modified":"2019-08-12T04:41:37","modified_gmt":"2019-08-12T04:41:37","slug":"kakasporkoltben-a-legjobbak","status":"publish","type":"post","link":"https:\/\/www.kardoskut.hu\/?p=3626","title":{"rendered":"Kakasp\u00f6rk\u00f6ltben a legjobbak"},"content":{"rendered":"<p><a href=\"https:\/\/www.flickr.com\/photos\/kardoskuthu\/albums\/72157710254571572\"><img loading=\"lazy\" decoding=\"async\" class=\"alignnone size-large wp-image-3627\" src=\"http:\/\/www.kardoskut.hu\/wp-content\/uploads\/2019\/08\/20190810_131505-1024x768.jpg\" alt=\"\" width=\"525\" height=\"394\" srcset=\"https:\/\/www.kardoskut.hu\/wp-content\/uploads\/2019\/08\/20190810_131505-1024x768.jpg 1024w, https:\/\/www.kardoskut.hu\/wp-content\/uploads\/2019\/08\/20190810_131505-300x225.jpg 300w, https:\/\/www.kardoskut.hu\/wp-content\/uploads\/2019\/08\/20190810_131505-768x576.jpg 768w, https:\/\/www.kardoskut.hu\/wp-content\/uploads\/2019\/08\/20190810_131505.jpg 2016w\" sizes=\"auto, (max-width: 525px) 100vw, 525px\" \/><\/a><br \/>\nTov\u00e1bbi fot\u00f3k\u00e9rt k\u00e9rem kattintson a fenti k\u00e9pre. (Fot\u00f3k: VNB, D.T.M.)<\/p>\n<p>Kardosk\u00fat K\u00f6zs\u00e9g \u00d6nkorm\u00e1nyzata az id\u00e9n is benevezett a Csan\u00e1dap\u00e1cai Kakasfesztiv\u00e1l p\u00f6rk\u00f6ltf\u0151z\u0151 verseny\u00e9be.<\/p>\n<p>A rekken\u0151 meleg sem t\u00e1ntor\u00edtotta vissza a nevez\u0151ket, \u00edgy most harminck\u00e9t bogr\u00e1csban f\u0151tt az eb\u00e9dnek val\u00f3 finoms\u00e1g a nagy s\u00e1tor alatt. A meghirdetett reggeli kezd\u00e9shez k\u00e9pest csapatunk nem t\u00fal kor\u00e1n kezdte meg a h\u00fas feldolgoz\u00e1s\u00e1t, viszont d\u00e9lre elk\u00e9sz\u00fclt a tradicion\u00e1lis kardosk\u00fati hagyom\u00e1nyoknak megfelel\u0151, saj\u00e1tos \u00edzvil\u00e1g\u00fa bogr\u00e1csos kakasp\u00f6rk\u00f6lt.\u00a0 A d\u00e9lut\u00e1ni d\u00edjkioszt\u00f3 \u00fcnneps\u00e9gen a nyolctag\u00fa zs\u0171ri d\u00f6nt\u00e9se alapj\u00e1n imm\u00e1ron harmadszorra siker\u00fclt elhoznunk az els\u0151 d\u00edjat, amellyel most a hivatali dolgoz\u00f3k n\u0151i csapata \u00e9rdemelte ki a sok gratul\u00e1ci\u00f3t.<\/p>\n<p>A dolgos h\u00e9tk\u00f6znapok mellett sz\u00fcks\u00e9g van ezekre a vid\u00e1m, k\u00f6tetlen programokra is, amelyen mindenki j\u00f3l \u00e9rezheti mag\u00e1t. K\u00fcl\u00f6n \u00f6r\u00f6m, hogy az akt\u00edv dolgoz\u00f3k mellett a nyugd\u00edjasaink is er\u0151s\u00edtett\u00e9k a csapatot.<\/p>\n","protected":false},"excerpt":{"rendered":"<p>Tov\u00e1bbi fot\u00f3k\u00e9rt k\u00e9rem kattintson a fenti k\u00e9pre. (Fot\u00f3k: VNB, D.T.M.) Kardosk\u00fat K\u00f6zs\u00e9g \u00d6nkorm\u00e1nyzata az id\u00e9n is benevezett a Csan\u00e1dap\u00e1cai Kakasfesztiv\u00e1l p\u00f6rk\u00f6ltf\u0151z\u0151 verseny\u00e9be. A rekken\u0151 meleg sem t\u00e1ntor\u00edtotta vissza a nevez\u0151ket, \u00edgy most harminck\u00e9t bogr\u00e1csban f\u0151tt az eb\u00e9dnek val\u00f3 finoms\u00e1g a nagy s\u00e1tor alatt. A meghirdetett reggeli kezd\u00e9shez k\u00e9pest csapatunk nem t\u00fal kor\u00e1n kezdte meg a &hellip; <\/p>\n<p class=\"link-more\"><a href=\"https:\/\/www.kardoskut.hu\/?p=3626\" class=\"more-link\"><span class=\"screen-reader-text\">&#8222;Kakasp\u00f6rk\u00f6ltben a legjobbak&#8221;<\/span> b\u0151vebben<\/a><\/p>\n","protected":false},"author":1,"featured_media":0,"comment_status":"closed","ping_status":"closed","sticky":false,"template":"","format":"standard","meta":{"footnotes":""},"categories":[38],"tags":[],"class_list":["post-3626","post","type-post","status-publish","format-standard","hentry","category-38"],"_links":{"self":[{"href":"https:\/\/www.kardoskut.hu\/index.php?rest_route=\/wp\/v2\/posts\/3626","targetHints":{"allow":["GET"]}}],"collection":[{"href":"https:\/\/www.kardoskut.hu\/index.php?rest_route=\/wp\/v2\/posts"}],"about":[{"href":"https:\/\/www.kardoskut.hu\/index.php?rest_route=\/wp\/v2\/types\/post"}],"author":[{"embeddable":true,"href":"https:\/\/www.kardoskut.hu\/index.php?rest_route=\/wp\/v2\/users\/1"}],"replies":[{"embeddable":true,"href":"https:\/\/www.kardoskut.hu\/index.php?rest_route=%2Fwp%2Fv2%2Fcomments&post=3626"}],"version-history":[{"count":2,"href":"https:\/\/www.kardoskut.hu\/index.php?rest_route=\/wp\/v2\/posts\/3626\/revisions"}],"predecessor-version":[{"id":3629,"href":"https:\/\/www.kardoskut.hu\/index.php?rest_route=\/wp\/v2\/posts\/3626\/revisions\/3629"}],"wp:attachment":[{"href":"https:\/\/www.kardoskut.hu\/index.php?rest_route=%2Fwp%2Fv2%2Fmedia&parent=3626"}],"wp:term":[{"taxonomy":"category","embeddable":true,"href":"https:\/\/www.kardoskut.hu\/index.php?rest_route=%2Fwp%2Fv2%2Fcategories&post=3626"},{"taxonomy":"post_tag","embeddable":true,"href":"https:\/\/www.kardoskut.hu\/index.php?rest_route=%2Fwp%2Fv2%2Ftags&post=3626"}],"curies":[{"name":"wp","href":"https:\/\/api.w.org\/{rel}","templated":true}]}}