{"id":354,"date":"2006-06-15T09:55:10","date_gmt":"2006-06-15T09:55:10","guid":{"rendered":"http:\/\/new.kardoskut.hu\/?p=354"},"modified":"2017-11-08T10:03:43","modified_gmt":"2017-11-08T10:03:43","slug":"szinhazi-eloadas-a-muvelodesi-hazban","status":"publish","type":"post","link":"https:\/\/www.kardoskut.hu\/?p=354","title":{"rendered":"Sz\u00ednh\u00e1zi el\u0151ad\u00e1s a m\u0171vel\u0151d\u00e9si h\u00e1zban"},"content":{"rendered":"<p><img loading=\"lazy\" decoding=\"async\" class=\"alignleft size-full wp-image-355\" src=\"http:\/\/new.kardoskut.hu\/wp-content\/uploads\/2017\/11\/leghajoszinhaz-3.jpg\" alt=\"\" width=\"800\" height=\"600\" srcset=\"https:\/\/www.kardoskut.hu\/wp-content\/uploads\/2017\/11\/leghajoszinhaz-3.jpg 800w, https:\/\/www.kardoskut.hu\/wp-content\/uploads\/2017\/11\/leghajoszinhaz-3-300x225.jpg 300w, https:\/\/www.kardoskut.hu\/wp-content\/uploads\/2017\/11\/leghajoszinhaz-3-768x576.jpg 768w\" sizes=\"auto, (max-width: 767px) 89vw, (max-width: 1000px) 54vw, (max-width: 1071px) 543px, 580px\" \/><\/p>\n<p>2006. j\u00fanius 15-\u00e9n a M\u00f3ra Ferenc M\u0171vel\u0151d\u00e9si H\u00e1z nagyterm\u00e9ben vid\u00e1m hangulat\u00fa m\u0171sorral l\u00e9pett a gyermekk\u00f6z\u00f6ns\u00e9g el\u00e9 a h\u00f3dmez\u0151v\u00e1s\u00e1rhelyi L\u00e9ghaj\u00f3 Sz\u00ednh\u00e1z k\u00e9t fiatal m\u0171v\u00e9sze, Sz\u00e1raz-Nagy Tam\u00e1s \u00e9s Szenti Gabriella. A tan\u00e9v befejez\u00e9s\u00e9hez k\u00f6zeledve d\u00e9lel\u0151tti programk\u00e9nt ker\u00fclt bemutat\u00e1sra a \u201eFejszek\u00e1sa\u201d c\u00edm\u0171 mesej\u00e1t\u00e9k, a gyerekek legnagyobb \u00f6r\u00f6m\u00e9re. A sz\u00ednvonalas dalbet\u00e9tekkel \u00e1tsz\u0151tt zen\u00e9s sz\u00edndarabb\u00f3l megtudhattuk, hogy mik\u00e9nt k\u00e9sz\u00edti el a r\u00fat n\u00e9ne a v\u00e1ndor ifj\u00fanak a k\u00e1s\u00e1t, amihez m\u00e9g a fejsze sem hi\u00e1nyozhatott a bogr\u00e1csb\u00f3l. Ezen t\u00fal azt is, hogy mik\u00e9nt lesz szerelmes a v\u00e1ndor ifj\u00faba a r\u00fat n\u00e9ne, akib\u0151l term\u00e9szetesen a mese v\u00e9g\u00e9re csod\u00e1latosan sz\u00e9p le\u00e1nyz\u00f3 lett. A t\u00f6rt\u00e9netben a v\u00e1ndor meg\u00edg\u00e9rte a le\u00e1nynak, hogy h\u00e1rom \u00e9v m\u00falva \u2013 miut\u00e1n ki\u00e1llta az \u00e9let pr\u00f3bat\u00e9teleit- visszat\u00e9r. Hi\u00e1ba j\u00f6ttek a k\u00e9r\u0151k sz\u00e9p sorj\u00e1ban, a le\u00e1ny mindegyiket visszautas\u00edtotta. Amikor az ifj\u00fa v\u00e1ndor jelent meg el\u0151tte, sz\u00edve \u0151t v\u00e1lasztotta, s a kez\u00e9t ny\u00fajtotta neki. Ezut\u00e1n nagy lakodalmat csaptak, s a k\u00f6z\u00f6ns\u00e9g soraiban \u00fcl\u0151 gyerekek megt\u00e1ncoltat\u00e1s\u00e1val elevenedett meg a vigadalom. A vend\u00e9gm\u0171v\u00e9szek vid\u00e1m d\u00e9lel\u0151tt\u00f6t var\u00e1zsoltak a M\u0171vel\u0151d\u00e9si H\u00e1z falai k\u00f6z\u00e9.<\/p>\n","protected":false},"excerpt":{"rendered":"<p>2006. j\u00fanius 15-\u00e9n a M\u00f3ra Ferenc M\u0171vel\u0151d\u00e9si H\u00e1z nagyterm\u00e9ben vid\u00e1m hangulat\u00fa m\u0171sorral l\u00e9pett a gyermekk\u00f6z\u00f6ns\u00e9g el\u00e9 a h\u00f3dmez\u0151v\u00e1s\u00e1rhelyi L\u00e9ghaj\u00f3 Sz\u00ednh\u00e1z k\u00e9t fiatal m\u0171v\u00e9sze, Sz\u00e1raz-Nagy Tam\u00e1s \u00e9s Szenti Gabriella. A tan\u00e9v befejez\u00e9s\u00e9hez k\u00f6zeledve d\u00e9lel\u0151tti programk\u00e9nt ker\u00fclt bemutat\u00e1sra a \u201eFejszek\u00e1sa\u201d c\u00edm\u0171 mesej\u00e1t\u00e9k, a gyerekek legnagyobb \u00f6r\u00f6m\u00e9re. A sz\u00ednvonalas dalbet\u00e9tekkel \u00e1tsz\u0151tt zen\u00e9s sz\u00edndarabb\u00f3l megtudhattuk, hogy mik\u00e9nt k\u00e9sz\u00edti el &hellip; <\/p>\n<p class=\"link-more\"><a href=\"https:\/\/www.kardoskut.hu\/?p=354\" class=\"more-link\"><span class=\"screen-reader-text\">&#8222;Sz\u00ednh\u00e1zi el\u0151ad\u00e1s a m\u0171vel\u0151d\u00e9si h\u00e1zban&#8221;<\/span> b\u0151vebben<\/a><\/p>\n","protected":false},"author":1,"featured_media":0,"comment_status":"open","ping_status":"open","sticky":false,"template":"","format":"standard","meta":{"footnotes":""},"categories":[8],"tags":[],"class_list":["post-354","post","type-post","status-publish","format-standard","hentry","category-8"],"_links":{"self":[{"href":"https:\/\/www.kardoskut.hu\/index.php?rest_route=\/wp\/v2\/posts\/354","targetHints":{"allow":["GET"]}}],"collection":[{"href":"https:\/\/www.kardoskut.hu\/index.php?rest_route=\/wp\/v2\/posts"}],"about":[{"href":"https:\/\/www.kardoskut.hu\/index.php?rest_route=\/wp\/v2\/types\/post"}],"author":[{"embeddable":true,"href":"https:\/\/www.kardoskut.hu\/index.php?rest_route=\/wp\/v2\/users\/1"}],"replies":[{"embeddable":true,"href":"https:\/\/www.kardoskut.hu\/index.php?rest_route=%2Fwp%2Fv2%2Fcomments&post=354"}],"version-history":[{"count":2,"href":"https:\/\/www.kardoskut.hu\/index.php?rest_route=\/wp\/v2\/posts\/354\/revisions"}],"predecessor-version":[{"id":357,"href":"https:\/\/www.kardoskut.hu\/index.php?rest_route=\/wp\/v2\/posts\/354\/revisions\/357"}],"wp:attachment":[{"href":"https:\/\/www.kardoskut.hu\/index.php?rest_route=%2Fwp%2Fv2%2Fmedia&parent=354"}],"wp:term":[{"taxonomy":"category","embeddable":true,"href":"https:\/\/www.kardoskut.hu\/index.php?rest_route=%2Fwp%2Fv2%2Fcategories&post=354"},{"taxonomy":"post_tag","embeddable":true,"href":"https:\/\/www.kardoskut.hu\/index.php?rest_route=%2Fwp%2Fv2%2Ftags&post=354"}],"curies":[{"name":"wp","href":"https:\/\/api.w.org\/{rel}","templated":true}]}}