{"id":348,"date":"2006-06-04T09:51:19","date_gmt":"2006-06-04T09:51:19","guid":{"rendered":"http:\/\/new.kardoskut.hu\/?p=348"},"modified":"2017-11-08T09:53:12","modified_gmt":"2017-11-08T09:53:12","slug":"gyereknap-ovodai-ballagas-i-punkosdi-szalonnasutes","status":"publish","type":"post","link":"https:\/\/www.kardoskut.hu\/?p=348","title":{"rendered":"Gyereknap, \u00f3vodai ballag\u00e1s, I. p\u00fcnk\u00f6sdi szalonnas\u00fct\u00e9s"},"content":{"rendered":"<p>Egy igen mozgalmas h\u00e9tv\u00e9g\u00e9n vagyunk t\u00fal. P\u00fcnk\u00f6sd l\u00e9v\u00e9n azt hinn\u00e9 az ember, hogy tavaszias id\u0151j\u00e1r\u00e1sban t\u00f6ltheti el a h\u00e1rom napos \u00fcnnepet. Sajnos ez nem \u00edgy t\u00f6rt\u00e9nt. Szakadatlanul esett.<\/p>\n<p><strong>J\u00fanius 2. p\u00e9ntek. Gyermeknap<\/strong><\/p>\n<p>Reggel f\u00e9l 8-kor kezdenek gy\u00fclekezni a gyerekek az iskola folyos\u00f3j\u00e1n. Az id\u0151j\u00e1r\u00e1s igencsak besz\u0171k\u00edti a lehet\u0151s\u00e9geket. Szabad t\u00e9ren semmit nem lehet csin\u00e1lni, mert b\u0151rig \u00e1zn\u00e1nak a gyerekek.<\/p>\n<p>Az els\u0151 j\u00e1t\u00e9k a r\u00f3kavad\u00e1szat volt. A folyos\u00f3n valamint a tantermekben a tan\u00e1rok elrejtettek kis pap\u00edr cetliket, melyeket a gyerekeknek adott id\u0151n bel\u00fcl \u00f6ssze kellett gy\u0171jteni\u00fck. Min\u00e9l t\u00f6bbet tal\u00e1lt valaki, ann\u00e1l nagyobb jutalomra sz\u00e1m\u00edthatott a v\u00e9g\u00e9n, mikor \u00f6sszesz\u00e1molt\u00e1k.<\/p>\n<p>K\u00f6vetkezett a sorverseny a M\u0171vel\u0151d\u00e9si H\u00e1z nagyterm\u00e9ben. Vid\u00e1m hangulatban k\u00f6vett\u00e9k egym\u00e1st a versenysz\u00e1mok, melyeket P\u00e1sztor Istv\u00e1n testnevel\u0151 tan\u00e1r vezetett.<\/p>\n<p>Ezut\u00e1n k\u00f6vetkezett a nap f\u00e9nypontja Moln\u00e1r Imre b\u0171v\u00e9sz show-ja. Sz\u00e9kkutasr\u00f3l \u00e9rkezett a gyerekek nagy \u00f6r\u00f6m\u00e9re a b\u0171v\u00e9sz, ki sz\u00ednvonalas el\u0151ad\u00e1s\u00e1ba bevonta a gyerekeket. K\u00e1rtyatr\u00fckk\u00f6kkel, karik\u00e1val, valamint lufival sz\u00f3rakoztatta a k\u00f6z\u00f6ns\u00e9g\u00e9t.<\/p>\n<p>Az iskola termekben folytat\u00f3dott a gyermeknap. K\u00e9zm\u0171vesek ir\u00e1ny\u00edt\u00e1s\u00e1val k\u00fcl\u00f6nb\u00f6z\u0151 n\u00e9pi hagyom\u00e1nyokat eleven\u00edtettek fel a gyerekek, valamint rajzversenyen m\u00e9rhett\u00e9k \u00f6ssze kreativit\u00e1sukat a r\u00e9sztvev\u0151k. Filmvet\u00edt\u00e9s z\u00e1rta a gyereknapot.<\/p>\n<p><strong>J\u00fanius 3. szombat. \u00d3vodai ballag\u00e1s<\/strong><\/p>\n<p>A m\u0171vel\u0151d\u00e9si h\u00e1z nagyterme sz\u00e9pen lassan megtelt a sz\u00fcl\u0151kkel, rokonokkal, kik b\u00fcszk\u00e9n v\u00e1rt\u00e1k a ballag\u00f3 gyermekek szerepl\u00e9s\u00e9t. K\u00e9t mesej\u00e1t\u00e9kot adtak el\u0151 az ovisok kik nemcsak k\u00f6nnyeket, de mosolyt is csaltak a n\u00e9z\u0151k szem\u00e9be. A kis csoportosok j\u00e1t\u00e9kos mond\u00f3k\u00e1kkal sz\u00f3rakoztattak, m\u00edg nagyobb t\u00e1rsaik a sz\u00ednfalak m\u00f6g\u00f6tt k\u00e9sz\u00fcltek. Nagyon sz\u00e9p m\u0171sort adtak el\u0151! A v\u00e9g\u00e9n leballagtak a sz\u00ednpadr\u00f3l a vend\u00e9gekhez, kik vir\u00e1gokkal \u00e1rasztott\u00e1k el \u0151ket.<\/p>\n<p><strong>J\u00fanius 3. szombat kora este P\u00fcnk\u00f6sdi zs\u00edr\u00e9get\u00e9s<\/strong><br \/>\nHagyom\u00e1nyteremt\u0151 sz\u00e1nd\u00e9kkal ker\u00fclt megrendez\u00e9sre a M\u00f3ra Ferenc M\u0171vel\u0151d\u00e9si H\u00e1z udvar\u00e1n a szalonnas\u00fct\u00e9s. Az es\u0151 nem kegyelmezett nek\u00fcnk, v\u00e9gig esett. Szerencs\u00e9re fedett helyen meg tudtuk gy\u00fajtani a t\u00fczet, melyet egyre t\u00f6bben \u00fclt\u00fcnk k\u00f6rbe. K\u00f6sz\u00f6net illeti azokat, kik eme zord id\u0151 ellen\u00e9re is vett\u00e9k a f\u00e1rads\u00e1got \u00e9s elj\u00f6ttek, hogy egy kellemes est\u00e9t elt\u00f6ltsenek egym\u00e1s t\u00e1rsas\u00e1g\u00e1ban. Nem is mag\u00e1n a szalonnas\u00fct\u00e9sen volt a hangs\u00faly, hanem hogy egy j\u00f3 hangulat\u00fa besz\u00e9lget\u00e9s alakulhasson ki. Az este v\u00e9g\u00e9n megegyezt\u00fcnk, nem hagyjuk, hogy kitoljon vel\u00fcnk az id\u0151, ez\u00e9rt ism\u00e9t megrendezz\u00fck a szalonnas\u00fct\u00e9st, es\u00e9lyt adva azoknak, kik az id\u0151j\u00e1r\u00e1s miatt nem j\u00f6ttek el. Az id\u0151pontban m\u00e9g egyeztet\u00fcnk k\u00e9s\u0151bb.<\/p>\n<p>Fot\u00f3 gal\u00e9ria <a href=\"https:\/\/www.flickr.com\/photos\/kardoskuthu\/albums\/72157658584552649\">IDE<\/a> kattintva \u00e9rhet\u0151 el.<\/p>\n","protected":false},"excerpt":{"rendered":"<p>Egy igen mozgalmas h\u00e9tv\u00e9g\u00e9n vagyunk t\u00fal. P\u00fcnk\u00f6sd l\u00e9v\u00e9n azt hinn\u00e9 az ember, hogy tavaszias id\u0151j\u00e1r\u00e1sban t\u00f6ltheti el a h\u00e1rom napos \u00fcnnepet. Sajnos ez nem \u00edgy t\u00f6rt\u00e9nt. Szakadatlanul esett. J\u00fanius 2. p\u00e9ntek. Gyermeknap Reggel f\u00e9l 8-kor kezdenek gy\u00fclekezni a gyerekek az iskola folyos\u00f3j\u00e1n. Az id\u0151j\u00e1r\u00e1s igencsak besz\u0171k\u00edti a lehet\u0151s\u00e9geket. Szabad t\u00e9ren semmit nem lehet csin\u00e1lni, mert &hellip; <\/p>\n<p class=\"link-more\"><a href=\"https:\/\/www.kardoskut.hu\/?p=348\" class=\"more-link\"><span class=\"screen-reader-text\">&#8222;Gyereknap, \u00f3vodai ballag\u00e1s, I. p\u00fcnk\u00f6sdi szalonnas\u00fct\u00e9s&#8221;<\/span> b\u0151vebben<\/a><\/p>\n","protected":false},"author":1,"featured_media":0,"comment_status":"open","ping_status":"open","sticky":false,"template":"","format":"standard","meta":{"footnotes":""},"categories":[8],"tags":[],"class_list":["post-348","post","type-post","status-publish","format-standard","hentry","category-8"],"_links":{"self":[{"href":"https:\/\/www.kardoskut.hu\/index.php?rest_route=\/wp\/v2\/posts\/348","targetHints":{"allow":["GET"]}}],"collection":[{"href":"https:\/\/www.kardoskut.hu\/index.php?rest_route=\/wp\/v2\/posts"}],"about":[{"href":"https:\/\/www.kardoskut.hu\/index.php?rest_route=\/wp\/v2\/types\/post"}],"author":[{"embeddable":true,"href":"https:\/\/www.kardoskut.hu\/index.php?rest_route=\/wp\/v2\/users\/1"}],"replies":[{"embeddable":true,"href":"https:\/\/www.kardoskut.hu\/index.php?rest_route=%2Fwp%2Fv2%2Fcomments&post=348"}],"version-history":[{"count":1,"href":"https:\/\/www.kardoskut.hu\/index.php?rest_route=\/wp\/v2\/posts\/348\/revisions"}],"predecessor-version":[{"id":349,"href":"https:\/\/www.kardoskut.hu\/index.php?rest_route=\/wp\/v2\/posts\/348\/revisions\/349"}],"wp:attachment":[{"href":"https:\/\/www.kardoskut.hu\/index.php?rest_route=%2Fwp%2Fv2%2Fmedia&parent=348"}],"wp:term":[{"taxonomy":"category","embeddable":true,"href":"https:\/\/www.kardoskut.hu\/index.php?rest_route=%2Fwp%2Fv2%2Fcategories&post=348"},{"taxonomy":"post_tag","embeddable":true,"href":"https:\/\/www.kardoskut.hu\/index.php?rest_route=%2Fwp%2Fv2%2Ftags&post=348"}],"curies":[{"name":"wp","href":"https:\/\/api.w.org\/{rel}","templated":true}]}}