{"id":3477,"date":"2019-06-08T07:25:53","date_gmt":"2019-06-08T07:25:53","guid":{"rendered":"http:\/\/www.kardoskut.hu\/?p=3477"},"modified":"2019-06-08T09:15:12","modified_gmt":"2019-06-08T09:15:12","slug":"ezt-jol-kisutottuk","status":"publish","type":"post","link":"https:\/\/www.kardoskut.hu\/?p=3477","title":{"rendered":"Ezt j\u00f3l kis\u00fct\u00f6tt\u00fck"},"content":{"rendered":"<p><a href=\"https:\/\/www.flickr.com\/photos\/kardoskuthu\/albums\/72157708983561881\"><img loading=\"lazy\" decoding=\"async\" class=\"alignnone size-large wp-image-3479\" src=\"http:\/\/www.kardoskut.hu\/wp-content\/uploads\/2019\/06\/IMG_4708-683x1024.jpg\" alt=\"\" width=\"525\" height=\"787\" srcset=\"https:\/\/www.kardoskut.hu\/wp-content\/uploads\/2019\/06\/IMG_4708-683x1024.jpg 683w, https:\/\/www.kardoskut.hu\/wp-content\/uploads\/2019\/06\/IMG_4708-200x300.jpg 200w, https:\/\/www.kardoskut.hu\/wp-content\/uploads\/2019\/06\/IMG_4708-768x1152.jpg 768w, https:\/\/www.kardoskut.hu\/wp-content\/uploads\/2019\/06\/IMG_4708.jpg 1728w\" sizes=\"auto, (max-width: 525px) 100vw, 525px\" \/><\/a><br \/>\nTov\u00e1bbi fot\u00f3k\u00e9rt k\u00e9rem kattintson a fenti k\u00e9pre. (Fot\u00f3k: NB)<\/p>\n<p>Hagyom\u00e1nyos p\u00fcnk\u00f6sdi szalonnas\u00fct\u00e9sre v\u00e1rtuk a m\u0171vel\u0151d\u00e9si h\u00e1z udvar\u00e1ra a k\u00f6zs\u00e9g lak\u00f3it. \u00a0\u00a0Ennyien, mint az id\u00e9n &#8211; k\u00f6zel \u00f6tvenen &#8211; m\u00e9g soha nem s\u00fct\u00f6gett\u00fcnk egy\u00fctt. Az \u00fcnnepi hossz\u00fa h\u00e9tv\u00e9ge p\u00e9ntekj\u00e9n egy j\u00f3 hangulat\u00fa, vid\u00e1m, \u00e9jszak\u00e1ba ny\u00fal\u00f3 est\u00e9t t\u00f6lt\u00f6tt\u00fcnk el k\u00f6z\u00f6sen.<\/p>\n","protected":false},"excerpt":{"rendered":"<p>Tov\u00e1bbi fot\u00f3k\u00e9rt k\u00e9rem kattintson a fenti k\u00e9pre. (Fot\u00f3k: NB) Hagyom\u00e1nyos p\u00fcnk\u00f6sdi szalonnas\u00fct\u00e9sre v\u00e1rtuk a m\u0171vel\u0151d\u00e9si h\u00e1z udvar\u00e1ra a k\u00f6zs\u00e9g lak\u00f3it. \u00a0\u00a0Ennyien, mint az id\u00e9n &#8211; k\u00f6zel \u00f6tvenen &#8211; m\u00e9g soha nem s\u00fct\u00f6gett\u00fcnk egy\u00fctt. Az \u00fcnnepi hossz\u00fa h\u00e9tv\u00e9ge p\u00e9ntekj\u00e9n egy j\u00f3 hangulat\u00fa, vid\u00e1m, \u00e9jszak\u00e1ba ny\u00fal\u00f3 est\u00e9t t\u00f6lt\u00f6tt\u00fcnk el k\u00f6z\u00f6sen.<\/p>\n","protected":false},"author":1,"featured_media":0,"comment_status":"closed","ping_status":"closed","sticky":false,"template":"","format":"standard","meta":{"footnotes":""},"categories":[38],"tags":[],"class_list":["post-3477","post","type-post","status-publish","format-standard","hentry","category-38"],"_links":{"self":[{"href":"https:\/\/www.kardoskut.hu\/index.php?rest_route=\/wp\/v2\/posts\/3477","targetHints":{"allow":["GET"]}}],"collection":[{"href":"https:\/\/www.kardoskut.hu\/index.php?rest_route=\/wp\/v2\/posts"}],"about":[{"href":"https:\/\/www.kardoskut.hu\/index.php?rest_route=\/wp\/v2\/types\/post"}],"author":[{"embeddable":true,"href":"https:\/\/www.kardoskut.hu\/index.php?rest_route=\/wp\/v2\/users\/1"}],"replies":[{"embeddable":true,"href":"https:\/\/www.kardoskut.hu\/index.php?rest_route=%2Fwp%2Fv2%2Fcomments&post=3477"}],"version-history":[{"count":2,"href":"https:\/\/www.kardoskut.hu\/index.php?rest_route=\/wp\/v2\/posts\/3477\/revisions"}],"predecessor-version":[{"id":3481,"href":"https:\/\/www.kardoskut.hu\/index.php?rest_route=\/wp\/v2\/posts\/3477\/revisions\/3481"}],"wp:attachment":[{"href":"https:\/\/www.kardoskut.hu\/index.php?rest_route=%2Fwp%2Fv2%2Fmedia&parent=3477"}],"wp:term":[{"taxonomy":"category","embeddable":true,"href":"https:\/\/www.kardoskut.hu\/index.php?rest_route=%2Fwp%2Fv2%2Fcategories&post=3477"},{"taxonomy":"post_tag","embeddable":true,"href":"https:\/\/www.kardoskut.hu\/index.php?rest_route=%2Fwp%2Fv2%2Ftags&post=3477"}],"curies":[{"name":"wp","href":"https:\/\/api.w.org\/{rel}","templated":true}]}}