{"id":3472,"date":"2019-06-03T06:41:43","date_gmt":"2019-06-03T06:41:43","guid":{"rendered":"http:\/\/www.kardoskut.hu\/?p=3472"},"modified":"2019-06-03T06:42:21","modified_gmt":"2019-06-03T06:42:21","slug":"harminc-eves-gondolat","status":"publish","type":"post","link":"https:\/\/www.kardoskut.hu\/?p=3472","title":{"rendered":"Harminc \u00e9ves gondolat"},"content":{"rendered":"<p><a href=\"https:\/\/www.flickr.com\/photos\/kardoskuthu\/albums\/72157708899608401\"><img loading=\"lazy\" decoding=\"async\" class=\"alignnone size-large wp-image-3473\" src=\"http:\/\/www.kardoskut.hu\/wp-content\/uploads\/2019\/06\/47991200971_09b717c5e5_b-1024x683.jpg\" alt=\"\" width=\"525\" height=\"350\" srcset=\"https:\/\/www.kardoskut.hu\/wp-content\/uploads\/2019\/06\/47991200971_09b717c5e5_b.jpg 1024w, https:\/\/www.kardoskut.hu\/wp-content\/uploads\/2019\/06\/47991200971_09b717c5e5_b-300x200.jpg 300w, https:\/\/www.kardoskut.hu\/wp-content\/uploads\/2019\/06\/47991200971_09b717c5e5_b-768x512.jpg 768w\" sizes=\"auto, (max-width: 525px) 100vw, 525px\" \/><\/a><br \/>\nTov\u00e1bbi fot\u00f3k\u00e9rt k\u00e9rem kattintson a fenti k\u00e9pre. (Fot\u00f3k: PN., vide\u00f3 \u0150Z.)<\/p>\n<p>Huszonkilencedik alkalommal ker\u00fclt megrendez\u00e9sre k\u00f6zs\u00e9g\u00fcnkben a H\u0151s\u00f6k napja, amely naps\u00fct\u00e9ses, kellemes id\u0151ben zajlott. A t\u00f6rt\u00e9nelmi egyh\u00e1zak lelk\u00e9szei k\u00f6z\u00f6sen szolg\u00e1ltak az \u00f6kumenikus istentiszteleten, amely ut\u00e1n a templomkerti eml\u00e9km\u0171 el\u00e9 gy\u00fclekeztek a vend\u00e9gek \u00e9s a k\u00f6zrem\u0171k\u00f6d\u0151k. A himnusz dallamai ut\u00e1n az evang\u00e9likus egyh\u00e1z felk\u00e9r\u00e9s\u00e9re Varga P\u00e1l alpolg\u00e1rmester \u00fcnnepi gondolatait hallgatt\u00e1k meg, aki besz\u00e9d\u00e9ben kiemelte: a h\u0151s\u00f6k \u00e1ldozata csak akkor nyerhet \u00e9rtelmet, ha tetteiket nem nyeli el a felejt\u00e9s hom\u00e1lya.<\/p>\n<p><em>B\u0151vebben a Kardosk\u00fati H\u00edrmond\u00f3 k\u00f6vetkez\u0151 sz\u00e1m\u00e1ban olvashatnak az \u00fcnneps\u00e9gr\u0151l.<\/em><\/p>\n<p>Az \u00fcnnepi besz\u00e9d vide\u00f3n:<br \/>\n<iframe loading=\"lazy\" title=\"H\u0151s\u00f6k Napja. Kardosk\u00fat, 2019. j\u00fanius 2. - \u00dcnnepi besz\u00e9d\" width=\"525\" height=\"295\" src=\"https:\/\/www.youtube.com\/embed\/0zb-DhWYV6Y?feature=oembed\" frameborder=\"0\" allow=\"accelerometer; autoplay; clipboard-write; encrypted-media; gyroscope; picture-in-picture; web-share\" referrerpolicy=\"strict-origin-when-cross-origin\" allowfullscreen><\/iframe><\/p>\n<p>Az \u00fcnnepi m\u0171sor vide\u00f3n:<br \/>\n<iframe loading=\"lazy\" title=\"H\u0151s\u00f6k Napja. Kardosk\u00fat, 2019. j\u00fanius 2. \u00dcnnepi m\u0171sor\" width=\"525\" height=\"295\" src=\"https:\/\/www.youtube.com\/embed\/clWZjv7Xi80?feature=oembed\" frameborder=\"0\" allow=\"accelerometer; autoplay; clipboard-write; encrypted-media; gyroscope; picture-in-picture; web-share\" referrerpolicy=\"strict-origin-when-cross-origin\" allowfullscreen><\/iframe><\/p>\n","protected":false},"excerpt":{"rendered":"<p>Tov\u00e1bbi fot\u00f3k\u00e9rt k\u00e9rem kattintson a fenti k\u00e9pre. (Fot\u00f3k: PN., vide\u00f3 \u0150Z.) Huszonkilencedik alkalommal ker\u00fclt megrendez\u00e9sre k\u00f6zs\u00e9g\u00fcnkben a H\u0151s\u00f6k napja, amely naps\u00fct\u00e9ses, kellemes id\u0151ben zajlott. A t\u00f6rt\u00e9nelmi egyh\u00e1zak lelk\u00e9szei k\u00f6z\u00f6sen szolg\u00e1ltak az \u00f6kumenikus istentiszteleten, amely ut\u00e1n a templomkerti eml\u00e9km\u0171 el\u00e9 gy\u00fclekeztek a vend\u00e9gek \u00e9s a k\u00f6zrem\u0171k\u00f6d\u0151k. A himnusz dallamai ut\u00e1n az evang\u00e9likus egyh\u00e1z felk\u00e9r\u00e9s\u00e9re Varga P\u00e1l &hellip; <\/p>\n<p class=\"link-more\"><a href=\"https:\/\/www.kardoskut.hu\/?p=3472\" class=\"more-link\"><span class=\"screen-reader-text\">&#8222;Harminc \u00e9ves gondolat&#8221;<\/span> b\u0151vebben<\/a><\/p>\n","protected":false},"author":1,"featured_media":0,"comment_status":"closed","ping_status":"closed","sticky":false,"template":"","format":"standard","meta":{"footnotes":""},"categories":[38],"tags":[],"class_list":["post-3472","post","type-post","status-publish","format-standard","hentry","category-38"],"_links":{"self":[{"href":"https:\/\/www.kardoskut.hu\/index.php?rest_route=\/wp\/v2\/posts\/3472","targetHints":{"allow":["GET"]}}],"collection":[{"href":"https:\/\/www.kardoskut.hu\/index.php?rest_route=\/wp\/v2\/posts"}],"about":[{"href":"https:\/\/www.kardoskut.hu\/index.php?rest_route=\/wp\/v2\/types\/post"}],"author":[{"embeddable":true,"href":"https:\/\/www.kardoskut.hu\/index.php?rest_route=\/wp\/v2\/users\/1"}],"replies":[{"embeddable":true,"href":"https:\/\/www.kardoskut.hu\/index.php?rest_route=%2Fwp%2Fv2%2Fcomments&post=3472"}],"version-history":[{"count":2,"href":"https:\/\/www.kardoskut.hu\/index.php?rest_route=\/wp\/v2\/posts\/3472\/revisions"}],"predecessor-version":[{"id":3475,"href":"https:\/\/www.kardoskut.hu\/index.php?rest_route=\/wp\/v2\/posts\/3472\/revisions\/3475"}],"wp:attachment":[{"href":"https:\/\/www.kardoskut.hu\/index.php?rest_route=%2Fwp%2Fv2%2Fmedia&parent=3472"}],"wp:term":[{"taxonomy":"category","embeddable":true,"href":"https:\/\/www.kardoskut.hu\/index.php?rest_route=%2Fwp%2Fv2%2Fcategories&post=3472"},{"taxonomy":"post_tag","embeddable":true,"href":"https:\/\/www.kardoskut.hu\/index.php?rest_route=%2Fwp%2Fv2%2Ftags&post=3472"}],"curies":[{"name":"wp","href":"https:\/\/api.w.org\/{rel}","templated":true}]}}