{"id":345,"date":"2006-05-25T09:49:58","date_gmt":"2006-05-25T09:49:58","guid":{"rendered":"http:\/\/new.kardoskut.hu\/?p=345"},"modified":"2017-11-08T09:51:08","modified_gmt":"2017-11-08T09:51:08","slug":"elelmiszer-segely-osztas","status":"publish","type":"post","link":"https:\/\/www.kardoskut.hu\/?p=345","title":{"rendered":"\u00c9lelmiszer seg\u00e9ly oszt\u00e1s"},"content":{"rendered":"<p><img loading=\"lazy\" decoding=\"async\" class=\"alignleft size-large wp-image-346\" src=\"http:\/\/new.kardoskut.hu\/wp-content\/uploads\/2017\/11\/segelyosztas_2006_1-1024x768.jpg\" alt=\"\" width=\"525\" height=\"394\" srcset=\"https:\/\/www.kardoskut.hu\/wp-content\/uploads\/2017\/11\/segelyosztas_2006_1-1024x768.jpg 1024w, https:\/\/www.kardoskut.hu\/wp-content\/uploads\/2017\/11\/segelyosztas_2006_1-300x225.jpg 300w, https:\/\/www.kardoskut.hu\/wp-content\/uploads\/2017\/11\/segelyosztas_2006_1-768x576.jpg 768w, https:\/\/www.kardoskut.hu\/wp-content\/uploads\/2017\/11\/segelyosztas_2006_1.jpg 1632w\" sizes=\"auto, (max-width: 525px) 100vw, 525px\" \/><br \/>\nK\u00f6zel nyolcvan kardosk\u00fati csal\u00e1d r\u00e9szes\u00fclt a Magyar V\u00f6r\u00f6skereszt \u00e9lelmiszer seg\u00e9ly\u00e9b\u0151l, melyet a helyi \u00f6nkorm\u00e1nyzat k\u00f6zrem\u0171k\u00f6d\u00e9s\u00e9vel tudott sz\u00e9tosztani Tib\u00e1n\u00e9 Hamvasi Zsuzsanna v\u00e9d\u0151n\u0151. A v\u00e1laszt\u00e1s sor\u00e1n figyelembe vett\u00e9k az alacsony j\u00f6vedelm\u0171eket, nagycsal\u00e1dosokat, nyugd\u00edjasokat, h\u00e1tr\u00e1nyos helyzetben l\u00e9v\u0151ket. A csomag \u00e1ltal\u00e1ban 10kg liszt \u00e9s 10kg sz\u00e1razt\u00e9szt\u00e1b\u00f3l \u00e1llt. Nagy seg\u00edts\u00e9g ez mindazoknak, kik n\u00e9ha alig p\u00e1r t\u00edzezer forintb\u00f3l pr\u00f3b\u00e1lnak \u00e9lni. Az \u00f6nkorm\u00e1nyzat kisz\u00e1ll\u00edtotta a seg\u00e9lyeket a k\u00f6rnyez\u0151 tany\u00e1n \u00e9l\u0151 id\u0151s embereknek is, akik neh\u00e9zkesen tudt\u00e1k volna szem\u00e9lyesen \u00e1tvenni a csomagot.<\/p>\n","protected":false},"excerpt":{"rendered":"<p>K\u00f6zel nyolcvan kardosk\u00fati csal\u00e1d r\u00e9szes\u00fclt a Magyar V\u00f6r\u00f6skereszt \u00e9lelmiszer seg\u00e9ly\u00e9b\u0151l, melyet a helyi \u00f6nkorm\u00e1nyzat k\u00f6zrem\u0171k\u00f6d\u00e9s\u00e9vel tudott sz\u00e9tosztani Tib\u00e1n\u00e9 Hamvasi Zsuzsanna v\u00e9d\u0151n\u0151. A v\u00e1laszt\u00e1s sor\u00e1n figyelembe vett\u00e9k az alacsony j\u00f6vedelm\u0171eket, nagycsal\u00e1dosokat, nyugd\u00edjasokat, h\u00e1tr\u00e1nyos helyzetben l\u00e9v\u0151ket. A csomag \u00e1ltal\u00e1ban 10kg liszt \u00e9s 10kg sz\u00e1razt\u00e9szt\u00e1b\u00f3l \u00e1llt. Nagy seg\u00edts\u00e9g ez mindazoknak, kik n\u00e9ha alig p\u00e1r t\u00edzezer forintb\u00f3l pr\u00f3b\u00e1lnak \u00e9lni. &hellip; <\/p>\n<p class=\"link-more\"><a href=\"https:\/\/www.kardoskut.hu\/?p=345\" class=\"more-link\"><span class=\"screen-reader-text\">&#8222;\u00c9lelmiszer seg\u00e9ly oszt\u00e1s&#8221;<\/span> b\u0151vebben<\/a><\/p>\n","protected":false},"author":1,"featured_media":0,"comment_status":"open","ping_status":"open","sticky":false,"template":"","format":"standard","meta":{"footnotes":""},"categories":[8],"tags":[],"class_list":["post-345","post","type-post","status-publish","format-standard","hentry","category-8"],"_links":{"self":[{"href":"https:\/\/www.kardoskut.hu\/index.php?rest_route=\/wp\/v2\/posts\/345","targetHints":{"allow":["GET"]}}],"collection":[{"href":"https:\/\/www.kardoskut.hu\/index.php?rest_route=\/wp\/v2\/posts"}],"about":[{"href":"https:\/\/www.kardoskut.hu\/index.php?rest_route=\/wp\/v2\/types\/post"}],"author":[{"embeddable":true,"href":"https:\/\/www.kardoskut.hu\/index.php?rest_route=\/wp\/v2\/users\/1"}],"replies":[{"embeddable":true,"href":"https:\/\/www.kardoskut.hu\/index.php?rest_route=%2Fwp%2Fv2%2Fcomments&post=345"}],"version-history":[{"count":1,"href":"https:\/\/www.kardoskut.hu\/index.php?rest_route=\/wp\/v2\/posts\/345\/revisions"}],"predecessor-version":[{"id":347,"href":"https:\/\/www.kardoskut.hu\/index.php?rest_route=\/wp\/v2\/posts\/345\/revisions\/347"}],"wp:attachment":[{"href":"https:\/\/www.kardoskut.hu\/index.php?rest_route=%2Fwp%2Fv2%2Fmedia&parent=345"}],"wp:term":[{"taxonomy":"category","embeddable":true,"href":"https:\/\/www.kardoskut.hu\/index.php?rest_route=%2Fwp%2Fv2%2Fcategories&post=345"},{"taxonomy":"post_tag","embeddable":true,"href":"https:\/\/www.kardoskut.hu\/index.php?rest_route=%2Fwp%2Fv2%2Ftags&post=345"}],"curies":[{"name":"wp","href":"https:\/\/api.w.org\/{rel}","templated":true}]}}