{"id":3444,"date":"2019-05-20T18:51:45","date_gmt":"2019-05-20T18:51:45","guid":{"rendered":"http:\/\/www.kardoskut.hu\/?p=3444"},"modified":"2019-05-20T18:51:45","modified_gmt":"2019-05-20T18:51:45","slug":"madargyuruzes-az-iskolaban","status":"publish","type":"post","link":"https:\/\/www.kardoskut.hu\/?p=3444","title":{"rendered":"Mad\u00e1rgy\u0171r\u0171z\u00e9s az iskol\u00e1ban"},"content":{"rendered":"<p><a href=\"https:\/\/www.flickr.com\/photos\/kardoskuthu\/albums\/72157705200732152\"><img loading=\"lazy\" decoding=\"async\" class=\"alignnone size-large wp-image-3445\" src=\"http:\/\/www.kardoskut.hu\/wp-content\/uploads\/2019\/05\/IMG_3896-1024x683.jpg\" alt=\"\" width=\"525\" height=\"350\" srcset=\"https:\/\/www.kardoskut.hu\/wp-content\/uploads\/2019\/05\/IMG_3896-1024x683.jpg 1024w, https:\/\/www.kardoskut.hu\/wp-content\/uploads\/2019\/05\/IMG_3896-300x200.jpg 300w, https:\/\/www.kardoskut.hu\/wp-content\/uploads\/2019\/05\/IMG_3896-768x513.jpg 768w, https:\/\/www.kardoskut.hu\/wp-content\/uploads\/2019\/05\/IMG_3896.jpg 1302w\" sizes=\"auto, (max-width: 525px) 100vw, 525px\" \/><\/a><br \/>\nTov\u00e1bbi fot\u00f3k\u00e9rt k\u00e9rem kattintsanak a fenti k\u00e9pre. (Fot\u00f3k: Perendi N\u00f3ra)<\/p>\n<p>A Kardosk\u00fati Napk\u00f6zi otthonos \u00d3voda \u00e9s a Kardosk\u00fati Falusz\u00e9p\u00edt\u0151 \u00e9s Turisztikai Egyes\u00fclet \u00e9vekkel ezel\u0151tt k\u00f6t\u00f6tt egy\u00fcttm\u0171k\u00f6d\u00e9si meg\u00e1llapod\u00e1st melyben az egyes\u00fclet v\u00e1llalta, hogy seg\u00edti az \u00f3voda c\u00e9lkit\u0171z\u00e9seit megval\u00f3s\u00edtani ami nem m\u00e1s, mint a z\u00f6ld \u00f3voda c\u00edm el\u00e9r\u00e9se. Ennek szem el\u0151tt tart\u00e1s\u00e1val minden \u00e9vben szervez\u00fcnk egy-egy programot ami kapcsol\u00f3dik ehhez .<\/p>\n<p>Ebben az \u00e9vben a m\u00falt h\u00e9ten siker\u00fclt egy es\u0151mentes napot kifogni \u00e9s az iskola udvar\u00e1n mad\u00e1rgy\u0171r\u0171z\u00e9st n\u00e9zhettek v\u00e9gig az \u00f3vod\u00e1sok. Boldog Guszt\u00e1v ( Guszti b\u00e1csi ) rendk\u00edv\u00fcl nagy szak\u00e9rtelemmel k\u00f6t\u00f6tte le a gyerekek figyelm\u00e9t bemutat\u00f3j\u00e1val.<\/p>\n<p>Reggel kilenc \u00f3rakor h\u00faztuk ki a h\u00e1l\u00f3t \u00e9s t\u00edz \u00f3rakor m\u00e1r az els\u0151 kett\u0151 madarat szem\u00fcgyre vehett\u00e9k k\u00f6zelr\u0151l is a gyerekek. Nagyon sok ember megirigyelheti hiszen az els\u0151 mad\u00e1r ami h\u00e1l\u00f3ba ker\u00fclt nem m\u00e1s mint egy f\u00fclem\u00fcle. A f\u00fclem\u00fcl\u00e9r\u0151l tudni kell, hogy igazi \u00e9jszakai mad\u00e1r, jellegtelen sz\u00ednekkel \u00e9s ink\u00e1bb csak a hangj\u00e1t lehet hallani \u00e9jjel \u00e9s nappal is de l\u00e1tni nagyon ritk\u00e1n lehet. \u00a0\u00d6r\u00f6m volt n\u00e9zni, hogy csillogott a gyerekek szeme amikor megsimogathatt\u00e1k a meggy\u0171r\u0171z\u00f6tt madarat majd \u00fatj\u00e1ra engedt\u00e9k. A m\u00e1sodik mad\u00e1r egy t\u00f6vissz\u00far\u00f3 g\u00e9bics volt \u00a0ami m\u00e1r agressz\u00edvebb ez\u00e9rt a simogat\u00e1st\u00f3l eltekintett\u00fcnk. megtudhattuk, hogy zs\u00e1km\u00e1ny\u00e1t nem mindig fogyasztja el azonnal, hanem egy arra alkalmas \u00e1gon felsz\u00farja \u00e9s k\u00e9s\u0151bb fogyasztja el.<\/p>\n<p>Mire az els\u0151 k\u00e9t mad\u00e1r gy\u0171r\u0171z\u00e9s\u00e9vel v\u00e9gezt\u00fcnk a h\u00e1l\u00f3ban egy p\u00e1r hark\u00e1ly ker\u00fclt. A gyerekek megtekinthett\u00e9k hogyan kell szakszer\u0171en kivenni a h\u00e1l\u00f3b\u00f3l, hogy ne s\u00e9r\u00fclj\u00f6n hiszen ez alapk\u00f6vetelm\u00e9ny. Guszti b\u00e1csi elmagyar\u00e1zta hogyan lehet megk\u00fcl\u00f6nb\u00f6ztetni a fi\u00fa \u00e9s a l\u00e1ny madarat. Gy\u0171r\u0171z\u00e9s ut\u00e1n szabadon engedt\u00fck ezeket a madarakat is.<\/p>\n<p>Nagyszer\u0171 id\u0151ben egy tartalmas d\u00e9lel\u0151tt\u00f6t siker\u00fclt \u00f6sszehozni ahonnan a gyerekek sok \u00faj inform\u00e1ci\u00f3val gazdagodva t\u00e9rhettek vissza az \u00f3vod\u00e1ba.<br \/>\nK.P.<\/p>\n","protected":false},"excerpt":{"rendered":"<p>Tov\u00e1bbi fot\u00f3k\u00e9rt k\u00e9rem kattintsanak a fenti k\u00e9pre. (Fot\u00f3k: Perendi N\u00f3ra) A Kardosk\u00fati Napk\u00f6zi otthonos \u00d3voda \u00e9s a Kardosk\u00fati Falusz\u00e9p\u00edt\u0151 \u00e9s Turisztikai Egyes\u00fclet \u00e9vekkel ezel\u0151tt k\u00f6t\u00f6tt egy\u00fcttm\u0171k\u00f6d\u00e9si meg\u00e1llapod\u00e1st melyben az egyes\u00fclet v\u00e1llalta, hogy seg\u00edti az \u00f3voda c\u00e9lkit\u0171z\u00e9seit megval\u00f3s\u00edtani ami nem m\u00e1s, mint a z\u00f6ld \u00f3voda c\u00edm el\u00e9r\u00e9se. Ennek szem el\u0151tt tart\u00e1s\u00e1val minden \u00e9vben szervez\u00fcnk egy-egy programot &hellip; <\/p>\n<p class=\"link-more\"><a href=\"https:\/\/www.kardoskut.hu\/?p=3444\" class=\"more-link\"><span class=\"screen-reader-text\">&#8222;Mad\u00e1rgy\u0171r\u0171z\u00e9s az iskol\u00e1ban&#8221;<\/span> b\u0151vebben<\/a><\/p>\n","protected":false},"author":1,"featured_media":0,"comment_status":"closed","ping_status":"closed","sticky":false,"template":"","format":"standard","meta":{"footnotes":""},"categories":[38],"tags":[],"class_list":["post-3444","post","type-post","status-publish","format-standard","hentry","category-38"],"_links":{"self":[{"href":"https:\/\/www.kardoskut.hu\/index.php?rest_route=\/wp\/v2\/posts\/3444","targetHints":{"allow":["GET"]}}],"collection":[{"href":"https:\/\/www.kardoskut.hu\/index.php?rest_route=\/wp\/v2\/posts"}],"about":[{"href":"https:\/\/www.kardoskut.hu\/index.php?rest_route=\/wp\/v2\/types\/post"}],"author":[{"embeddable":true,"href":"https:\/\/www.kardoskut.hu\/index.php?rest_route=\/wp\/v2\/users\/1"}],"replies":[{"embeddable":true,"href":"https:\/\/www.kardoskut.hu\/index.php?rest_route=%2Fwp%2Fv2%2Fcomments&post=3444"}],"version-history":[{"count":1,"href":"https:\/\/www.kardoskut.hu\/index.php?rest_route=\/wp\/v2\/posts\/3444\/revisions"}],"predecessor-version":[{"id":3446,"href":"https:\/\/www.kardoskut.hu\/index.php?rest_route=\/wp\/v2\/posts\/3444\/revisions\/3446"}],"wp:attachment":[{"href":"https:\/\/www.kardoskut.hu\/index.php?rest_route=%2Fwp%2Fv2%2Fmedia&parent=3444"}],"wp:term":[{"taxonomy":"category","embeddable":true,"href":"https:\/\/www.kardoskut.hu\/index.php?rest_route=%2Fwp%2Fv2%2Fcategories&post=3444"},{"taxonomy":"post_tag","embeddable":true,"href":"https:\/\/www.kardoskut.hu\/index.php?rest_route=%2Fwp%2Fv2%2Ftags&post=3444"}],"curies":[{"name":"wp","href":"https:\/\/api.w.org\/{rel}","templated":true}]}}