{"id":3367,"date":"2019-04-26T20:49:38","date_gmt":"2019-04-26T20:49:38","guid":{"rendered":"http:\/\/www.kardoskut.hu\/?p=3367"},"modified":"2019-04-26T20:54:51","modified_gmt":"2019-04-26T20:54:51","slug":"kituntettek-a-polgaror-egyesuletunk-vezetojet","status":"publish","type":"post","link":"https:\/\/www.kardoskut.hu\/?p=3367","title":{"rendered":"Kit\u00fcntett\u00e9k a polg\u00e1r\u0151r egyes\u00fclet\u00fcnk vezet\u0151j\u00e9t"},"content":{"rendered":"<p><a href=\"http:\/\/www.kardoskut.hu\/wp-content\/uploads\/2019\/04\/sm_1.jpg\"><img loading=\"lazy\" decoding=\"async\" class=\"alignnone size-full wp-image-3368\" src=\"http:\/\/www.kardoskut.hu\/wp-content\/uploads\/2019\/04\/sm_1.jpg\" alt=\"\" width=\"800\" height=\"533\" srcset=\"https:\/\/www.kardoskut.hu\/wp-content\/uploads\/2019\/04\/sm_1.jpg 800w, https:\/\/www.kardoskut.hu\/wp-content\/uploads\/2019\/04\/sm_1-300x200.jpg 300w, https:\/\/www.kardoskut.hu\/wp-content\/uploads\/2019\/04\/sm_1-768x512.jpg 768w\" sizes=\"auto, (max-width: 767px) 89vw, (max-width: 1000px) 54vw, (max-width: 1071px) 543px, 580px\" \/><\/a><\/p>\n<div>\u00c9vet \u00e9rt\u00e9keltek a B\u00e9k\u00e9s megyei polg\u00e1r\u0151r\u00f6k \u00e1prilis 6-\u00e1n. B\u00e9k\u00e9si v\u00e1ros Polg\u00e1rmesteri Hivatal\u00e1nak zs\u00fafol\u00e1sig megtelt d\u00edszterm\u00e9ben megtartott esem\u00e9nyen kider\u00fclt, a polg\u00e1r\u0151r\u00f6k kiemelked\u0151en j\u00f3l dolgoztak 2018-ban, \u00e9s ezzel nagyban hozz\u00e1j\u00e1rultak az orsz\u00e1g kiegyens\u00falyozott k\u00f6zbiztons\u00e1g\u00e1hoz.\u00a0K\u00f6zgy\u0171l\u00e9sen a k\u00fcld\u00f6ttek mellett jelen voltak az Orsz\u00e1gos Polg\u00e1r\u0151r Sz\u00f6vets\u00e9g \u00e9s az egy\u00fcttm\u0171k\u00f6d\u0151 szervek k\u00e9pvisel\u0151i is.<\/div>\n<div><\/div>\n<div>A rendezv\u00e9ny v\u00e9g\u00e9n elismer\u00e9sek \u00e1tad\u00e1s\u00e1ra ker\u00fclt sor.\u00a0dr. T\u00far\u00f3s Andr\u00e1st\u00f3l,\u00a0dr. Poly\u00e1k Zsoltt\u00f3l\u00a0\u00e9s\u00a0Gyarmati S\u00e1ndort\u00f3l vehette \u00e1t T\u00f6r\u00f6k Attila a Kardosk\u00fati Polg\u00e1r\u0151r Egyes\u00fclet vezet\u0151je a Polg\u00e1r\u0151r \u00c9rdemkereszt\u00a0\u00a0Bronz fokozat\u00e1t, illetve a rendezv\u00e9nyt k\u00f6vet\u0151en k\u00e9t ker\u00e9kp\u00e1rt is \u00e1tvehetett a tags\u00e1g r\u00e9sz\u00e9re, mellyel m\u00e9g gazdas\u00e1gosabban oldhat\u00f3 meg a telep\u00fcl\u00e9s ter\u00fclet\u00e9re szervezett j\u00e1r\u0151r\u00f6z\u00e9s.<\/div>\n<div><\/div>\n<div>Forr\u00e1s: <a href=\"https:\/\/bekesmatrix.hu\/cikk\/92962_rend_fegyelem_van_bekes_megyeben\/031\/?page=12#pager\">bekesmatrix<\/a><\/div>\n<div><a href=\"http:\/\/www.kardoskut.hu\/wp-content\/uploads\/2019\/04\/sm_4.jpg\"><img loading=\"lazy\" decoding=\"async\" class=\"alignnone size-full wp-image-3369\" src=\"http:\/\/www.kardoskut.hu\/wp-content\/uploads\/2019\/04\/sm_4.jpg\" alt=\"\" width=\"800\" height=\"533\" srcset=\"https:\/\/www.kardoskut.hu\/wp-content\/uploads\/2019\/04\/sm_4.jpg 800w, https:\/\/www.kardoskut.hu\/wp-content\/uploads\/2019\/04\/sm_4-300x200.jpg 300w, https:\/\/www.kardoskut.hu\/wp-content\/uploads\/2019\/04\/sm_4-768x512.jpg 768w\" sizes=\"auto, (max-width: 767px) 89vw, (max-width: 1000px) 54vw, (max-width: 1071px) 543px, 580px\" \/><\/a><br \/>\n<a href=\"http:\/\/www.kardoskut.hu\/wp-content\/uploads\/2019\/04\/sm_2.jpg\"><img loading=\"lazy\" decoding=\"async\" class=\"alignnone size-full wp-image-3370\" src=\"http:\/\/www.kardoskut.hu\/wp-content\/uploads\/2019\/04\/sm_2.jpg\" alt=\"\" width=\"800\" height=\"533\" srcset=\"https:\/\/www.kardoskut.hu\/wp-content\/uploads\/2019\/04\/sm_2.jpg 800w, https:\/\/www.kardoskut.hu\/wp-content\/uploads\/2019\/04\/sm_2-300x200.jpg 300w, https:\/\/www.kardoskut.hu\/wp-content\/uploads\/2019\/04\/sm_2-768x512.jpg 768w\" sizes=\"auto, (max-width: 767px) 89vw, (max-width: 1000px) 54vw, (max-width: 1071px) 543px, 580px\" \/><\/a><\/div>\n","protected":false},"excerpt":{"rendered":"<p>\u00c9vet \u00e9rt\u00e9keltek a B\u00e9k\u00e9s megyei polg\u00e1r\u0151r\u00f6k \u00e1prilis 6-\u00e1n. B\u00e9k\u00e9si v\u00e1ros Polg\u00e1rmesteri Hivatal\u00e1nak zs\u00fafol\u00e1sig megtelt d\u00edszterm\u00e9ben megtartott esem\u00e9nyen kider\u00fclt, a polg\u00e1r\u0151r\u00f6k kiemelked\u0151en j\u00f3l dolgoztak 2018-ban, \u00e9s ezzel nagyban hozz\u00e1j\u00e1rultak az orsz\u00e1g kiegyens\u00falyozott k\u00f6zbiztons\u00e1g\u00e1hoz.\u00a0K\u00f6zgy\u0171l\u00e9sen a k\u00fcld\u00f6ttek mellett jelen voltak az Orsz\u00e1gos Polg\u00e1r\u0151r Sz\u00f6vets\u00e9g \u00e9s az egy\u00fcttm\u0171k\u00f6d\u0151 szervek k\u00e9pvisel\u0151i is. A rendezv\u00e9ny v\u00e9g\u00e9n elismer\u00e9sek \u00e1tad\u00e1s\u00e1ra ker\u00fclt sor.\u00a0dr. T\u00far\u00f3s &hellip; <\/p>\n<p class=\"link-more\"><a href=\"https:\/\/www.kardoskut.hu\/?p=3367\" class=\"more-link\"><span class=\"screen-reader-text\">&#8222;Kit\u00fcntett\u00e9k a polg\u00e1r\u0151r egyes\u00fclet\u00fcnk vezet\u0151j\u00e9t&#8221;<\/span> b\u0151vebben<\/a><\/p>\n","protected":false},"author":1,"featured_media":0,"comment_status":"closed","ping_status":"closed","sticky":false,"template":"","format":"standard","meta":{"footnotes":""},"categories":[38],"tags":[],"class_list":["post-3367","post","type-post","status-publish","format-standard","hentry","category-38"],"_links":{"self":[{"href":"https:\/\/www.kardoskut.hu\/index.php?rest_route=\/wp\/v2\/posts\/3367","targetHints":{"allow":["GET"]}}],"collection":[{"href":"https:\/\/www.kardoskut.hu\/index.php?rest_route=\/wp\/v2\/posts"}],"about":[{"href":"https:\/\/www.kardoskut.hu\/index.php?rest_route=\/wp\/v2\/types\/post"}],"author":[{"embeddable":true,"href":"https:\/\/www.kardoskut.hu\/index.php?rest_route=\/wp\/v2\/users\/1"}],"replies":[{"embeddable":true,"href":"https:\/\/www.kardoskut.hu\/index.php?rest_route=%2Fwp%2Fv2%2Fcomments&post=3367"}],"version-history":[{"count":1,"href":"https:\/\/www.kardoskut.hu\/index.php?rest_route=\/wp\/v2\/posts\/3367\/revisions"}],"predecessor-version":[{"id":3371,"href":"https:\/\/www.kardoskut.hu\/index.php?rest_route=\/wp\/v2\/posts\/3367\/revisions\/3371"}],"wp:attachment":[{"href":"https:\/\/www.kardoskut.hu\/index.php?rest_route=%2Fwp%2Fv2%2Fmedia&parent=3367"}],"wp:term":[{"taxonomy":"category","embeddable":true,"href":"https:\/\/www.kardoskut.hu\/index.php?rest_route=%2Fwp%2Fv2%2Fcategories&post=3367"},{"taxonomy":"post_tag","embeddable":true,"href":"https:\/\/www.kardoskut.hu\/index.php?rest_route=%2Fwp%2Fv2%2Ftags&post=3367"}],"curies":[{"name":"wp","href":"https:\/\/api.w.org\/{rel}","templated":true}]}}