{"id":326,"date":"2006-03-15T09:35:30","date_gmt":"2006-03-15T09:35:30","guid":{"rendered":"http:\/\/new.kardoskut.hu\/?p=326"},"modified":"2017-11-08T09:42:49","modified_gmt":"2017-11-08T09:42:49","slug":"koszoruzas-az-emlekmunel","status":"publish","type":"post","link":"https:\/\/www.kardoskut.hu\/?p=326","title":{"rendered":"Koszor\u00faz\u00e1s az eml\u00e9km\u0171n\u00e9l"},"content":{"rendered":"<p>18 \u00f3rakor kezd\u0151d\u00f6tt a M\u0171vel\u0151d\u00e9si h\u00e1z nagyterm\u00e9ben a 48&#8242;-as forradalomr\u00f3l val\u00f3 megeml\u00e9kez\u00e9s. Az \u00e1ltal\u00e1nos iskol\u00e1s gyerekek \u00fcnnepi m\u0171sora a himnusszal indult. Korabeli versekkel, t\u00f6rt\u00e9netekkel, \u00e9nekekkel eml\u00e9keztek a h\u0151s\u00f6kre. Sz\u00ednvonalas m\u0171sorukat Gombk\u00f6t\u0151 Lajos alpolg\u00e1rmester \u00fcnnepi besz\u00e9de k\u00f6vette. A sz\u00f3zat ut\u00e1n a M\u00e1rcius 15. t\u00e9ren l\u00e9v\u0151 eml\u00e9kszobor koszor\u00faz\u00e1s\u00e1ra ker\u00fclt sor. A f\u00e1kly\u00e1s felvonul\u00e1s &#8211; a tavalyi \u00e9vhez hasonl\u00f3an &#8211; a rossz id\u0151re val\u00f3 tekintettel elmaradt.<\/p>\n<p><img loading=\"lazy\" decoding=\"async\" class=\"alignleft size-large wp-image-327\" src=\"http:\/\/new.kardoskut.hu\/wp-content\/uploads\/2017\/11\/2006_marc15-1-1024x768.jpg\" alt=\"\" width=\"525\" height=\"394\" srcset=\"https:\/\/www.kardoskut.hu\/wp-content\/uploads\/2017\/11\/2006_marc15-1.jpg 1024w, https:\/\/www.kardoskut.hu\/wp-content\/uploads\/2017\/11\/2006_marc15-1-300x225.jpg 300w, https:\/\/www.kardoskut.hu\/wp-content\/uploads\/2017\/11\/2006_marc15-1-768x576.jpg 768w\" sizes=\"auto, (max-width: 525px) 100vw, 525px\" \/><\/p>\n<p><img loading=\"lazy\" decoding=\"async\" class=\"size-large wp-image-328\" src=\"http:\/\/new.kardoskut.hu\/wp-content\/uploads\/2017\/11\/2006_marc15-2-1024x768.jpg\" alt=\"\" width=\"525\" height=\"394\" srcset=\"https:\/\/www.kardoskut.hu\/wp-content\/uploads\/2017\/11\/2006_marc15-2.jpg 1024w, https:\/\/www.kardoskut.hu\/wp-content\/uploads\/2017\/11\/2006_marc15-2-300x225.jpg 300w, https:\/\/www.kardoskut.hu\/wp-content\/uploads\/2017\/11\/2006_marc15-2-768x576.jpg 768w\" sizes=\"auto, (max-width: 525px) 100vw, 525px\" \/><\/p>\n<p><img loading=\"lazy\" decoding=\"async\" class=\"size-large wp-image-329\" src=\"http:\/\/new.kardoskut.hu\/wp-content\/uploads\/2017\/11\/2006_marc15-4-768x1024.jpg\" alt=\"\" width=\"525\" height=\"700\" srcset=\"https:\/\/www.kardoskut.hu\/wp-content\/uploads\/2017\/11\/2006_marc15-4.jpg 768w, https:\/\/www.kardoskut.hu\/wp-content\/uploads\/2017\/11\/2006_marc15-4-225x300.jpg 225w\" sizes=\"auto, (max-width: 525px) 100vw, 525px\" \/><\/p>\n<p><img loading=\"lazy\" decoding=\"async\" class=\"size-large wp-image-330\" src=\"http:\/\/new.kardoskut.hu\/wp-content\/uploads\/2017\/11\/2006_marc15-6-1024x768.jpg\" alt=\"\" width=\"525\" height=\"394\" srcset=\"https:\/\/www.kardoskut.hu\/wp-content\/uploads\/2017\/11\/2006_marc15-6.jpg 1024w, https:\/\/www.kardoskut.hu\/wp-content\/uploads\/2017\/11\/2006_marc15-6-300x225.jpg 300w, https:\/\/www.kardoskut.hu\/wp-content\/uploads\/2017\/11\/2006_marc15-6-768x576.jpg 768w\" sizes=\"auto, (max-width: 525px) 100vw, 525px\" \/><\/p>\n<p><img loading=\"lazy\" decoding=\"async\" class=\"size-large wp-image-331\" src=\"http:\/\/new.kardoskut.hu\/wp-content\/uploads\/2017\/11\/2006_marc15-8-1024x768.jpg\" alt=\"\" width=\"525\" height=\"394\" srcset=\"https:\/\/www.kardoskut.hu\/wp-content\/uploads\/2017\/11\/2006_marc15-8.jpg 1024w, https:\/\/www.kardoskut.hu\/wp-content\/uploads\/2017\/11\/2006_marc15-8-300x225.jpg 300w, https:\/\/www.kardoskut.hu\/wp-content\/uploads\/2017\/11\/2006_marc15-8-768x576.jpg 768w\" sizes=\"auto, (max-width: 525px) 100vw, 525px\" \/><\/p>\n<p><img loading=\"lazy\" decoding=\"async\" class=\"size-large wp-image-332\" src=\"http:\/\/new.kardoskut.hu\/wp-content\/uploads\/2017\/11\/2006_marc15-9-1024x768.jpg\" alt=\"\" width=\"525\" height=\"394\" srcset=\"https:\/\/www.kardoskut.hu\/wp-content\/uploads\/2017\/11\/2006_marc15-9.jpg 1024w, https:\/\/www.kardoskut.hu\/wp-content\/uploads\/2017\/11\/2006_marc15-9-300x225.jpg 300w, https:\/\/www.kardoskut.hu\/wp-content\/uploads\/2017\/11\/2006_marc15-9-768x576.jpg 768w\" sizes=\"auto, (max-width: 525px) 100vw, 525px\" \/><\/p>\n<p><img loading=\"lazy\" decoding=\"async\" class=\"size-large wp-image-333\" src=\"http:\/\/new.kardoskut.hu\/wp-content\/uploads\/2017\/11\/2006_marc15-22-1024x768.jpg\" alt=\"\" width=\"525\" height=\"394\" srcset=\"https:\/\/www.kardoskut.hu\/wp-content\/uploads\/2017\/11\/2006_marc15-22.jpg 1024w, https:\/\/www.kardoskut.hu\/wp-content\/uploads\/2017\/11\/2006_marc15-22-300x225.jpg 300w, https:\/\/www.kardoskut.hu\/wp-content\/uploads\/2017\/11\/2006_marc15-22-768x576.jpg 768w\" sizes=\"auto, (max-width: 525px) 100vw, 525px\" \/><\/p>\n","protected":false},"excerpt":{"rendered":"<p>18 \u00f3rakor kezd\u0151d\u00f6tt a M\u0171vel\u0151d\u00e9si h\u00e1z nagyterm\u00e9ben a 48&#8242;-as forradalomr\u00f3l val\u00f3 megeml\u00e9kez\u00e9s. Az \u00e1ltal\u00e1nos iskol\u00e1s gyerekek \u00fcnnepi m\u0171sora a himnusszal indult. Korabeli versekkel, t\u00f6rt\u00e9netekkel, \u00e9nekekkel eml\u00e9keztek a h\u0151s\u00f6kre. Sz\u00ednvonalas m\u0171sorukat Gombk\u00f6t\u0151 Lajos alpolg\u00e1rmester \u00fcnnepi besz\u00e9de k\u00f6vette. A sz\u00f3zat ut\u00e1n a M\u00e1rcius 15. t\u00e9ren l\u00e9v\u0151 eml\u00e9kszobor koszor\u00faz\u00e1s\u00e1ra ker\u00fclt sor. A f\u00e1kly\u00e1s felvonul\u00e1s &#8211; a tavalyi \u00e9vhez &hellip; <\/p>\n<p class=\"link-more\"><a href=\"https:\/\/www.kardoskut.hu\/?p=326\" class=\"more-link\"><span class=\"screen-reader-text\">&#8222;Koszor\u00faz\u00e1s az eml\u00e9km\u0171n\u00e9l&#8221;<\/span> b\u0151vebben<\/a><\/p>\n","protected":false},"author":1,"featured_media":0,"comment_status":"open","ping_status":"open","sticky":false,"template":"","format":"standard","meta":{"footnotes":""},"categories":[8],"tags":[],"class_list":["post-326","post","type-post","status-publish","format-standard","hentry","category-8"],"_links":{"self":[{"href":"https:\/\/www.kardoskut.hu\/index.php?rest_route=\/wp\/v2\/posts\/326","targetHints":{"allow":["GET"]}}],"collection":[{"href":"https:\/\/www.kardoskut.hu\/index.php?rest_route=\/wp\/v2\/posts"}],"about":[{"href":"https:\/\/www.kardoskut.hu\/index.php?rest_route=\/wp\/v2\/types\/post"}],"author":[{"embeddable":true,"href":"https:\/\/www.kardoskut.hu\/index.php?rest_route=\/wp\/v2\/users\/1"}],"replies":[{"embeddable":true,"href":"https:\/\/www.kardoskut.hu\/index.php?rest_route=%2Fwp%2Fv2%2Fcomments&post=326"}],"version-history":[{"count":1,"href":"https:\/\/www.kardoskut.hu\/index.php?rest_route=\/wp\/v2\/posts\/326\/revisions"}],"predecessor-version":[{"id":335,"href":"https:\/\/www.kardoskut.hu\/index.php?rest_route=\/wp\/v2\/posts\/326\/revisions\/335"}],"wp:attachment":[{"href":"https:\/\/www.kardoskut.hu\/index.php?rest_route=%2Fwp%2Fv2%2Fmedia&parent=326"}],"wp:term":[{"taxonomy":"category","embeddable":true,"href":"https:\/\/www.kardoskut.hu\/index.php?rest_route=%2Fwp%2Fv2%2Fcategories&post=326"},{"taxonomy":"post_tag","embeddable":true,"href":"https:\/\/www.kardoskut.hu\/index.php?rest_route=%2Fwp%2Fv2%2Ftags&post=326"}],"curies":[{"name":"wp","href":"https:\/\/api.w.org\/{rel}","templated":true}]}}