{"id":312,"date":"2006-02-15T09:26:21","date_gmt":"2006-02-15T09:26:21","guid":{"rendered":"http:\/\/new.kardoskut.hu\/?p=312"},"modified":"2017-11-08T09:27:48","modified_gmt":"2017-11-08T09:27:48","slug":"falugyules","status":"publish","type":"post","link":"https:\/\/www.kardoskut.hu\/?p=312","title":{"rendered":"Falugy\u0171l\u00e9s"},"content":{"rendered":"<p>Csal\u00e1dias l\u00e9gk\u00f6rben kezd\u0151d\u00f6tt a M\u00f3ra Ferenc M\u0171vel\u0151d\u00e9si h\u00e1z nagyterm\u00e9ben az idei falugy\u0171l\u00e9s, a jelenlev\u0151k sz\u00e1m\u00e1t illet\u0151en.<\/p>\n<p>Az els\u0151 napirendi pontban polg\u00e1rmester \u00far ismertette a 2006-os \u00e9v k\u00f6lts\u00e9gvet\u00e9si tervezet\u00e9t. A nagyobb tervek k\u00f6zt szerepel h\u00e1rom utca aszfalttal t\u00f6rt\u00e9n\u0151 fel\u00faj\u00edt\u00e1sa, 50%-os p\u00e1ly\u00e1zati hozz\u00e1j\u00e1rul\u00e1ssal, melyhez a p\u00e1ly\u00e1zatot a h\u00e9ten elk\u00fcldt\u00e9k. A h\u00e1rom utca az Ady, a Liget \u00e9s a Musk\u00e1tli utca. Saj\u00e1t er\u0151b\u0151l fel\u00faj\u00edt\u00e1sra ker\u00fcl m\u00e9g az Arany J\u00e1nos utca is. Fel\u00faj\u00edt\u00e1sra ker\u00fcl a ker\u00e9kp\u00e1r\u00fat teljes hossz\u00e1ban. A M\u0171vel\u0151d\u00e9si H\u00e1zn\u00e1l l\u00e9v\u0151 szolg\u00e1lati lak\u00e1s szigetel\u00e9si probl\u00e9m\u00e1i is megsz\u0171nnek. A Barackosi Olvas\u00f3k\u00f6r teljes renov\u00e1l\u00e1s\u00e1ra is sor ker\u00fcl az idei \u00e9vben. Vizesblokk, \u00e9s tervek szerint egy, az \u00c1NTSZ el\u0151\u00edr\u00e1sainak is megfelel\u0151 vegyesbolt ker\u00fcl kialak\u00edt\u00e1sra. Ezek a fel\u00faj\u00edt\u00e1sok &#8222;menek\u00fcl\u00e9sek el\u0151re&#8221;, tudhattuk meg, mivel 2008. janu\u00e1r 1-t\u0151l megsz\u0171nik az ipar\u0171z\u00e9si ad\u00f3, mely Kardosk\u00fat l\u00e9nyeges bev\u00e9tel\u00e9t teszi ki, \u00e9s ezeket az int\u00e9zm\u00e9nyeket, k\u00f6zter\u00fcleteket ne kelljen elhanyagolni ezut\u00e1n sem. 2008. janu\u00e1r 1. ut\u00e1n bel\u00e9p valami az ipar\u0171z\u00e9si ad\u00f3 helyett, de azt m\u00e9g nem lehet pontosan tudni, hogy mi.\u00a0 Az \u00e1ltal\u00e1nos iskola 20 \u00e9ves kaz\u00e1njai is le lesznek cser\u00e9lve \u00faj, energiatakar\u00e9kos \u00e9s nem utols\u00f3 sorban biztons\u00e1gos kaz\u00e1nokra. Az int\u00e9zm\u00e9nyek k\u00f6r\u00fcli j\u00e1rdalapok beton j\u00e1rd\u00e1v\u00e1 alak\u00edt\u00e1sa is szerepel az idei k\u00f6lts\u00e9gvet\u00e9sben. Erd\u0151 telep\u00edt\u00e9s\u00e9re is gondolt a k\u00e9pvisel\u0151 test\u00fclet, a Musk\u00e1tli sor \u00e9s a sportp\u00e1lya k\u00f6zti ter\u00fcleten, mely megv\u00e9den\u00e9 a telep\u00fcl\u00e9st a k\u00e9s\u0151bbiekben a zaj \u00e9s por\u00e1rtalmakt\u00f3l. Hasonl\u00f3an az el\u0151z\u0151 \u00e9vekhez, id\u00e9n is lesz k\u00f6zmunka program, melyben olyan, tart\u00f3san munkan\u00e9lk\u00fcli emberek vehetnek r\u00e9szt, kik munk\u00e1jukkal hozz\u00e1j\u00e1rulnak a telep\u00fcl\u00e9s k\u00f6zter\u00fcleteinek gondoz\u00e1s\u00e1ban.<\/p>\n<p>A falugy\u0171l\u00e9s m\u00e1sodik fel\u00e9ben a k\u00e9rd\u00e9sek \u00e9s v\u00e1laszok ideje k\u00f6vetkezett.<\/p>\n<p>Az els\u0151 k\u00e9rd\u00e9s az volt, hogy mikor lesz Kardosk\u00faton szelekt\u00edv hullad\u00e9kgy\u0171jt\u00e9s. A v\u00e1laszb\u00f3l megtudhattuk, hogy kb. 2010-2012 k\u00f6r\u00fclire tehet\u0151 ennek a re\u00e1lis megval\u00f3s\u00edt\u00e1sa. Akkor h\u00e9t szem\u00e9tgy\u0171jt\u0151 szigetet lehet majd l\u00e9trehozni Uni\u00f3s p\u00e9nzb\u0151l. Ezt megel\u0151z\u0151en is lehetne ugyan l\u00e9trehozni ilyen szigeteket, de anyagilag ez megterhel\u0151 lenne mind az \u00f6nkorm\u00e1nyzatnak, mind a lakoss\u00e1gnak. \u00c9s az is meggondoland\u00f3, hogy \u00e9rett e r\u00e1 a mai lakoss\u00e1g, hogy szelekt\u00edven, a k\u00f6rnyezetre tekintettel gy\u0171jtse a hullad\u00e9kot.<\/p>\n<p>M\u00e1sodik k\u00e9rd\u00e9s: \u00d6sszef\u00fcgg\u00e9sben van-e a Barackosi Olvas\u00f3k\u00f6r fel\u00faj\u00edt\u00e1sa a Pusztak\u00f6zpontban elkezdett, \u00e9s folyamatosan b\u0171v\u00f6l\u0151 term\u00e9szetv\u00e9delmi ter\u00fcleten foly\u00f3 fejleszt\u00e9sekkel?<br \/>\nV\u00e1lasz: Term\u00e9szetesen ez is szerepet j\u00e1tszott a d\u00f6nt\u00e9s meghozatal\u00e1n\u00e1l. De a m\u00e1sik szempont, hogy a Pusztak\u00f6zponton \u00e9l\u0151 embereknek nincs megfelel\u0151 sz\u00f3rakoz\u00e1si hely, ahol ak\u00e1r rendezv\u00e9nyeket lehetne szervezni, pl.:Feh\u00e9r-t\u00f3 napja..stb. Nincs megfelel\u0151 hely egy vegyesbolt \u00fczemeltet\u00e9s\u00e9re, \u00edgy az ott lak\u00f3knak be kell j\u00e1rni a faluba, ha \u00e9lelmet szeretn\u00e9nek v\u00e1s\u00e1rolni. De fontos szempont volt az, hogy a term\u00e9szetv\u00e9delmi ter\u00fcletre l\u00e1togat\u00f3 vend\u00e9gek egy kultur\u00e1lt helyen tudjanak megpihenni, enni-inni, miel\u0151tt tov\u00e1bbindulnak a t\u00e1j felfedez\u00e9s\u00e9re.<\/p>\n<p>Harmadik k\u00e9rd\u00e9s, melyre m\u00e1r majdhogynem a vita sz\u00f3 is adhat\u00f3 lenne az \u00fajonnan megalakult Kardosk\u00fati Vadvil\u00e1g Vad\u00e1szt\u00e1rsas\u00e1g vezet\u0151j\u00e9nek felsz\u00f3lal\u00e1sa ut\u00e1n k\u00f6vetkezett. Az eln\u00f6k\u00far megk\u00e9rte a jelenlev\u0151ket, hogy f\u00f6ldter\u00fclet\u00fckkel seg\u00edts\u00e9k az \u00faj helyb\u00e9li vad\u00e1szt\u00e1rsas\u00e1g munk\u00e1j\u00e1t. Ezek ut\u00e1n a Sz\u00e9chenyi vad\u00e1szt\u00e1rsas\u00e1g egyik k\u00e9pvisel\u0151je tett fel k\u00e9rd\u00e9seket a &#8222;konkurens&#8221; t\u00e1rsas\u00e1g k\u00e9pvisel\u0151j\u00e9nek. \u00c9s \u00edgy folyt oda-vissza az adok-kapok, szerencs\u00e9re kultur\u00e1lt k\u00f6r\u00fclm\u00e9nyek k\u00f6z\u00f6tt. Mivel ez nem szorosan a k\u00f6zs\u00e9g \u00e9let\u00e9vel kapcsolatos, m\u00e1s f\u00f3rumokon fog folyni a vita tov\u00e1bb.<\/p>\n<p>A negyedik k\u00e9rd\u00e9s m\u00e1r \u00e9vek \u00f3ta visszat\u00e9r\u0151 probl\u00e9m\u00e1ra vil\u00e1g\u00edtott r\u00e1 ism\u00e9t: a k\u00f3bor kuty\u00e1k \u00fcgye. Mint megtudtuk, a hivatal k\u00e9rt \u00e1raj\u00e1nlatot egy hivatalos eb befog\u00f3t\u00f3l, aki \u00e9vi 1.200.000Ft-\u00e9rt v\u00e1llaln\u00e1 a k\u00f3bor j\u00f3sz\u00e1gok elsz\u00e1ll\u00edt\u00e1s\u00e1t havi egy, esetleg k\u00e9t alkalommal. Ekkora terhet nem v\u00e1llalhat a hivatal. Az \u00e1llatv\u00e9delmi t\u00f6rv\u00e9ny szigora miatt helyi szinten nem megoldhat\u00f3 az ebek &#8222;h\u00e1zon bel\u00fcli&#8221; befog\u00e1sa. A b\u00edrs\u00e1gol\u00e1st\u00f3l sem z\u00e1rk\u00f3zik el a hivatal, de ezzel az egy b\u00f6kken\u0151 van, hogy k\u00e9t tan\u00fanak kell al\u00e1\u00edrni a jegyz\u0151k\u00f6nyvet, amit ez id\u00e1ig senki nem v\u00e1llalt. A jegyz\u0151 pedig nem b\u00edrs\u00e1golhat, csak a jegyz\u0151k\u00f6nyv felv\u00e9tele ut\u00e1n. Tal\u00e1n egy megold\u00e1s van: a chip be\u00fcltet\u00e9se a kuty\u00e1ba eb olt\u00e1s alkalm\u00e1val. Ennek a k\u00f6lts\u00e9g\u00e9t is v\u00e1llaln\u00e1 a hivatal, ha ez el\u0151seg\u00edti az ebek azonos\u00edthat\u00f3s\u00e1g\u00e1t \u00e9s ez\u00e1ltal a gazda kil\u00e9t\u00e9nek meg\u00e1llap\u00edt\u00e1s\u00e1t. Ugyan ez a megold\u00e1s is felvet t\u00f6bb k\u00e9rd\u00e9st: 1. csak azokat a kuty\u00e1kat tudj\u00e1k beazonos\u00edtani, kiket a gazd\u00e1ja elvisz az olt\u00e1sra. 2. A chip nem \u00f6r\u00f6k\u00f6lhet\u0151, teh\u00e1t a sz\u00fcletend\u0151 kuty\u00e1knak nincs azonos\u00edt\u00f3ja&#8230;.De valahol el kell kezdeni a szab\u00e1lyoz\u00e1st, ez egy j\u00f3 \u00fat lehet.<\/p>\n<p>Sz\u00f3ba ker\u00fclt m\u00e9g, hogy lesz-e az id\u00e9n lomtalan\u00edt\u00e1si akci\u00f3. Mint megtudtuk, ha van r\u00e1 ig\u00e9ny, term\u00e9szetesen megszervez\u00e9sre ker\u00fcl.<\/p>\n<p>Ennyi f\u00e9rt bele abba a k\u00e9t \u00f3r\u00e1ba, melyet \u00e9rdekl\u0151d\u00e9ssel hallgattak v\u00e9gig mindazok, kik figyelm\u00fckkel megtisztelt\u00e9k a k\u00e9pvisel\u0151 test\u00fclet tagjait, valamint polg\u00e1rmester urat.<\/p>\n","protected":false},"excerpt":{"rendered":"<p>Csal\u00e1dias l\u00e9gk\u00f6rben kezd\u0151d\u00f6tt a M\u00f3ra Ferenc M\u0171vel\u0151d\u00e9si h\u00e1z nagyterm\u00e9ben az idei falugy\u0171l\u00e9s, a jelenlev\u0151k sz\u00e1m\u00e1t illet\u0151en. Az els\u0151 napirendi pontban polg\u00e1rmester \u00far ismertette a 2006-os \u00e9v k\u00f6lts\u00e9gvet\u00e9si tervezet\u00e9t. A nagyobb tervek k\u00f6zt szerepel h\u00e1rom utca aszfalttal t\u00f6rt\u00e9n\u0151 fel\u00faj\u00edt\u00e1sa, 50%-os p\u00e1ly\u00e1zati hozz\u00e1j\u00e1rul\u00e1ssal, melyhez a p\u00e1ly\u00e1zatot a h\u00e9ten elk\u00fcldt\u00e9k. A h\u00e1rom utca az Ady, a Liget \u00e9s &hellip; <\/p>\n<p class=\"link-more\"><a href=\"https:\/\/www.kardoskut.hu\/?p=312\" class=\"more-link\"><span class=\"screen-reader-text\">&#8222;Falugy\u0171l\u00e9s&#8221;<\/span> b\u0151vebben<\/a><\/p>\n","protected":false},"author":1,"featured_media":0,"comment_status":"open","ping_status":"open","sticky":false,"template":"","format":"standard","meta":{"footnotes":""},"categories":[8],"tags":[],"class_list":["post-312","post","type-post","status-publish","format-standard","hentry","category-8"],"_links":{"self":[{"href":"https:\/\/www.kardoskut.hu\/index.php?rest_route=\/wp\/v2\/posts\/312","targetHints":{"allow":["GET"]}}],"collection":[{"href":"https:\/\/www.kardoskut.hu\/index.php?rest_route=\/wp\/v2\/posts"}],"about":[{"href":"https:\/\/www.kardoskut.hu\/index.php?rest_route=\/wp\/v2\/types\/post"}],"author":[{"embeddable":true,"href":"https:\/\/www.kardoskut.hu\/index.php?rest_route=\/wp\/v2\/users\/1"}],"replies":[{"embeddable":true,"href":"https:\/\/www.kardoskut.hu\/index.php?rest_route=%2Fwp%2Fv2%2Fcomments&post=312"}],"version-history":[{"count":1,"href":"https:\/\/www.kardoskut.hu\/index.php?rest_route=\/wp\/v2\/posts\/312\/revisions"}],"predecessor-version":[{"id":313,"href":"https:\/\/www.kardoskut.hu\/index.php?rest_route=\/wp\/v2\/posts\/312\/revisions\/313"}],"wp:attachment":[{"href":"https:\/\/www.kardoskut.hu\/index.php?rest_route=%2Fwp%2Fv2%2Fmedia&parent=312"}],"wp:term":[{"taxonomy":"category","embeddable":true,"href":"https:\/\/www.kardoskut.hu\/index.php?rest_route=%2Fwp%2Fv2%2Fcategories&post=312"},{"taxonomy":"post_tag","embeddable":true,"href":"https:\/\/www.kardoskut.hu\/index.php?rest_route=%2Fwp%2Fv2%2Ftags&post=312"}],"curies":[{"name":"wp","href":"https:\/\/api.w.org\/{rel}","templated":true}]}}