{"id":3034,"date":"2019-02-09T18:28:14","date_gmt":"2019-02-09T18:28:14","guid":{"rendered":"http:\/\/www.kardoskut.hu\/?p=3034"},"modified":"2019-02-09T18:28:14","modified_gmt":"2019-02-09T18:28:14","slug":"polgaror-kozgyules-2","status":"publish","type":"post","link":"https:\/\/www.kardoskut.hu\/?p=3034","title":{"rendered":"Polg\u00e1r\u0151r k\u00f6zgy\u0171l\u00e9s"},"content":{"rendered":"<p><a href=\"https:\/\/www.flickr.com\/photos\/kardoskuthu\/albums\/72157689551001963\"><img loading=\"lazy\" decoding=\"async\" class=\"alignnone size-large wp-image-3035\" src=\"http:\/\/www.kardoskut.hu\/wp-content\/uploads\/2019\/02\/IMG_1373-1024x683.jpg\" alt=\"\" width=\"525\" height=\"350\" srcset=\"https:\/\/www.kardoskut.hu\/wp-content\/uploads\/2019\/02\/IMG_1373-1024x683.jpg 1024w, https:\/\/www.kardoskut.hu\/wp-content\/uploads\/2019\/02\/IMG_1373-300x200.jpg 300w, https:\/\/www.kardoskut.hu\/wp-content\/uploads\/2019\/02\/IMG_1373-768x512.jpg 768w\" sizes=\"auto, (max-width: 525px) 100vw, 525px\" \/><\/a><br \/>\nTov\u00e1bbi fot\u00f3k\u00e9rt k\u00e9rem kattintson a fenti k\u00e9pre. (Fot\u00f3: VNB)<\/p>\n<p>\u00c9ves k\u00f6zgy\u0171l\u00e9s\u00e9t tartotta a napokban a Kardosk\u00fati Polg\u00e1r\u0151r Egyes\u00fclet. T\u00f6r\u00f6k Attila eln\u00f6k besz\u00e1molt a tags\u00e1g sz\u00e1m\u00e1ra az elm\u00falt \u00e9v t\u00f6rt\u00e9n\u00e9seir\u0151l. Megh\u00edvott vend\u00e9gk\u00e9nt Prozlik L\u00e1szl\u00f3 &#8211; a megyei polg\u00e1r\u0151r sz\u00f6vets\u00e9g eln\u00f6ks\u00e9gi tagja\u00a0 &#8211; vett r\u00e9szt a k\u00f6zgy\u0171l\u00e9sen. Tov\u00e1bbi r\u00e9szletekr\u0151l a Kardosk\u00fati H\u00edrmond\u00f3 k\u00f6vetkez\u0151 sz\u00e1m\u00e1ban adunk t\u00e1j\u00e9koztat\u00e1st.<\/p>\n","protected":false},"excerpt":{"rendered":"<p>Tov\u00e1bbi fot\u00f3k\u00e9rt k\u00e9rem kattintson a fenti k\u00e9pre. (Fot\u00f3: VNB) \u00c9ves k\u00f6zgy\u0171l\u00e9s\u00e9t tartotta a napokban a Kardosk\u00fati Polg\u00e1r\u0151r Egyes\u00fclet. T\u00f6r\u00f6k Attila eln\u00f6k besz\u00e1molt a tags\u00e1g sz\u00e1m\u00e1ra az elm\u00falt \u00e9v t\u00f6rt\u00e9n\u00e9seir\u0151l. Megh\u00edvott vend\u00e9gk\u00e9nt Prozlik L\u00e1szl\u00f3 &#8211; a megyei polg\u00e1r\u0151r sz\u00f6vets\u00e9g eln\u00f6ks\u00e9gi tagja\u00a0 &#8211; vett r\u00e9szt a k\u00f6zgy\u0171l\u00e9sen. Tov\u00e1bbi r\u00e9szletekr\u0151l a Kardosk\u00fati H\u00edrmond\u00f3 k\u00f6vetkez\u0151 sz\u00e1m\u00e1ban adunk t\u00e1j\u00e9koztat\u00e1st.<\/p>\n","protected":false},"author":1,"featured_media":0,"comment_status":"closed","ping_status":"closed","sticky":false,"template":"","format":"standard","meta":{"footnotes":""},"categories":[38],"tags":[],"class_list":["post-3034","post","type-post","status-publish","format-standard","hentry","category-38"],"_links":{"self":[{"href":"https:\/\/www.kardoskut.hu\/index.php?rest_route=\/wp\/v2\/posts\/3034","targetHints":{"allow":["GET"]}}],"collection":[{"href":"https:\/\/www.kardoskut.hu\/index.php?rest_route=\/wp\/v2\/posts"}],"about":[{"href":"https:\/\/www.kardoskut.hu\/index.php?rest_route=\/wp\/v2\/types\/post"}],"author":[{"embeddable":true,"href":"https:\/\/www.kardoskut.hu\/index.php?rest_route=\/wp\/v2\/users\/1"}],"replies":[{"embeddable":true,"href":"https:\/\/www.kardoskut.hu\/index.php?rest_route=%2Fwp%2Fv2%2Fcomments&post=3034"}],"version-history":[{"count":1,"href":"https:\/\/www.kardoskut.hu\/index.php?rest_route=\/wp\/v2\/posts\/3034\/revisions"}],"predecessor-version":[{"id":3036,"href":"https:\/\/www.kardoskut.hu\/index.php?rest_route=\/wp\/v2\/posts\/3034\/revisions\/3036"}],"wp:attachment":[{"href":"https:\/\/www.kardoskut.hu\/index.php?rest_route=%2Fwp%2Fv2%2Fmedia&parent=3034"}],"wp:term":[{"taxonomy":"category","embeddable":true,"href":"https:\/\/www.kardoskut.hu\/index.php?rest_route=%2Fwp%2Fv2%2Fcategories&post=3034"},{"taxonomy":"post_tag","embeddable":true,"href":"https:\/\/www.kardoskut.hu\/index.php?rest_route=%2Fwp%2Fv2%2Ftags&post=3034"}],"curies":[{"name":"wp","href":"https:\/\/api.w.org\/{rel}","templated":true}]}}