{"id":3014,"date":"2019-02-03T17:45:14","date_gmt":"2019-02-03T17:45:14","guid":{"rendered":"http:\/\/www.kardoskut.hu\/?p=3014"},"modified":"2019-02-03T17:45:14","modified_gmt":"2019-02-03T17:45:14","slug":"ismet-regi-uj-bajnokot-avattunk","status":"publish","type":"post","link":"https:\/\/www.kardoskut.hu\/?p=3014","title":{"rendered":"Ism\u00e9t r\u00e9gi-\u00faj bajnokot avattunk"},"content":{"rendered":"<p><a href=\"https:\/\/www.flickr.com\/photos\/kardoskuthu\/albums\/72157689368009243\"><img loading=\"lazy\" decoding=\"async\" class=\"alignnone size-large wp-image-3015\" src=\"http:\/\/www.kardoskut.hu\/wp-content\/uploads\/2019\/02\/IMG_1302-1024x683.jpg\" alt=\"\" width=\"525\" height=\"350\" srcset=\"https:\/\/www.kardoskut.hu\/wp-content\/uploads\/2019\/02\/IMG_1302-1024x683.jpg 1024w, https:\/\/www.kardoskut.hu\/wp-content\/uploads\/2019\/02\/IMG_1302-300x200.jpg 300w, https:\/\/www.kardoskut.hu\/wp-content\/uploads\/2019\/02\/IMG_1302-768x512.jpg 768w, https:\/\/www.kardoskut.hu\/wp-content\/uploads\/2019\/02\/IMG_1302.jpg 1296w\" sizes=\"auto, (max-width: 525px) 100vw, 525px\" \/><\/a><br \/>\nTov\u00e1bbi fot\u00f3k\u00e9rt k\u00e9rem kattintson a fenti k\u00e9pre. (Fot\u00f3k: Varga P\u00e1l)<\/p>\n<p>A bili\u00e1rd a kedvelt sport\u00e1gak k\u00f6z\u00e9 tartozik k\u00f6zs\u00e9g\u00fcnkben. Kilencedik \u00e9ve hagyom\u00e1ny, hogy \u00e9v elej\u00e9n a k\u00f6zs\u00e9gben \u00e9l\u0151 j\u00e1t\u00e9kosok megm\u00e9rk\u0151znek egym\u00e1ssal a Kardosk\u00fat Bili\u00e1rdbajnoka c\u00edm\u00e9rt. A Klub 120 Egyes\u00fclet \u00e9s a M\u00f3ra Ferenc M\u0171vel\u0151d\u00e9si H\u00e1z felh\u00edv\u00e1s\u00e1ra az id\u00e9n 11 helyi j\u00e1t\u00e9kos m\u00e9rte \u00f6ssze technikai tud\u00e1s\u00e1t febru\u00e1r els\u0151 szombatj\u00e1n. A verseny meg\u00e1lmod\u00f3ja \u00e9s szakmai ir\u00e1ny\u00edt\u00f3ja kezdetek \u00f3ta Seres P\u00e9ter, akit Lengyel Gy\u00f6rgy polg\u00e1rmester m\u00e9ltatott k\u00f6sz\u00f6nt\u0151j\u00e9ben. A nap sorsol\u00e1ssal kezd\u0151d\u00f6tt, s 3 bili\u00e1rdasztalon 2 csoportban kezdt\u00e9k meg a j\u00e1t\u00e9kosok a versenyt. K\u00e9t nyert szettig tartott az els\u0151 k\u00f6r \u00e9s minden csoport els\u0151 k\u00e9t helyezettje jutott a k\u00f6z\u00e9pd\u00f6nt\u0151be. A k\u00f6z\u00e9pd\u00f6nt\u0151 szoros m\u00e9rk\u0151z\u00e9sei ut\u00e1n a d\u00f6nt\u0151ben kialakult v\u00e9geredm\u00e9ny alapj\u00e1n 2019-ben egy \u00e9vig Seres P\u00e9ter \u0151rizheti a v\u00e1ndorserleget, amely j\u00f6v\u0151re ism\u00e9t gazd\u00e1t fog keresni.<\/p>\n<p>Minden r\u00e9sztvev\u0151nek ez\u00faton is gratul\u00e1lunk a sportszer\u0171 j\u00e1t\u00e9k\u00e9rt!<\/p>\n<p><a href=\"http:\/\/www.kardoskut.hu\/wp-content\/uploads\/2019\/02\/51107125_292601824778518_120447538863013888_n.jpg\"><img loading=\"lazy\" decoding=\"async\" class=\"alignnone size-large wp-image-3017\" src=\"http:\/\/www.kardoskut.hu\/wp-content\/uploads\/2019\/02\/51107125_292601824778518_120447538863013888_n-1024x768.jpg\" alt=\"\" width=\"525\" height=\"394\" srcset=\"https:\/\/www.kardoskut.hu\/wp-content\/uploads\/2019\/02\/51107125_292601824778518_120447538863013888_n-1024x768.jpg 1024w, https:\/\/www.kardoskut.hu\/wp-content\/uploads\/2019\/02\/51107125_292601824778518_120447538863013888_n-300x225.jpg 300w, https:\/\/www.kardoskut.hu\/wp-content\/uploads\/2019\/02\/51107125_292601824778518_120447538863013888_n-768x576.jpg 768w, https:\/\/www.kardoskut.hu\/wp-content\/uploads\/2019\/02\/51107125_292601824778518_120447538863013888_n.jpg 1040w\" sizes=\"auto, (max-width: 525px) 100vw, 525px\" \/><\/a><\/p>\n<p>A IX. Kardosk\u00fat Bili\u00e1rdkup\u00e1n az al\u00e1bbi v\u00e9geredm\u00e9ny sz\u00fcletett:<\/p>\n<p>1. helyezett: Seres P\u00e9ter<br \/>\n2. helyezett: Sz\u0171k Tibor<br \/>\n3. helyezett: Nagy D\u00e1vid<br \/>\n4. helyezett: Kincses Benjamin<\/p>\n<p>VNB<\/p>\n<p><a href=\"http:\/\/www.kardoskut.hu\/wp-content\/uploads\/2019\/02\/IMG_1281.jpg\"><img loading=\"lazy\" decoding=\"async\" class=\"alignnone size-large wp-image-3016\" src=\"http:\/\/www.kardoskut.hu\/wp-content\/uploads\/2019\/02\/IMG_1281-1024x683.jpg\" alt=\"\" width=\"525\" height=\"350\" srcset=\"https:\/\/www.kardoskut.hu\/wp-content\/uploads\/2019\/02\/IMG_1281-1024x683.jpg 1024w, https:\/\/www.kardoskut.hu\/wp-content\/uploads\/2019\/02\/IMG_1281-300x200.jpg 300w, https:\/\/www.kardoskut.hu\/wp-content\/uploads\/2019\/02\/IMG_1281-768x512.jpg 768w, https:\/\/www.kardoskut.hu\/wp-content\/uploads\/2019\/02\/IMG_1281.jpg 1296w\" sizes=\"auto, (max-width: 525px) 100vw, 525px\" \/><\/a><\/p>\n","protected":false},"excerpt":{"rendered":"<p>Tov\u00e1bbi fot\u00f3k\u00e9rt k\u00e9rem kattintson a fenti k\u00e9pre. (Fot\u00f3k: Varga P\u00e1l) A bili\u00e1rd a kedvelt sport\u00e1gak k\u00f6z\u00e9 tartozik k\u00f6zs\u00e9g\u00fcnkben. Kilencedik \u00e9ve hagyom\u00e1ny, hogy \u00e9v elej\u00e9n a k\u00f6zs\u00e9gben \u00e9l\u0151 j\u00e1t\u00e9kosok megm\u00e9rk\u0151znek egym\u00e1ssal a Kardosk\u00fat Bili\u00e1rdbajnoka c\u00edm\u00e9rt. A Klub 120 Egyes\u00fclet \u00e9s a M\u00f3ra Ferenc M\u0171vel\u0151d\u00e9si H\u00e1z felh\u00edv\u00e1s\u00e1ra az id\u00e9n 11 helyi j\u00e1t\u00e9kos m\u00e9rte \u00f6ssze technikai tud\u00e1s\u00e1t febru\u00e1r &hellip; <\/p>\n<p class=\"link-more\"><a href=\"https:\/\/www.kardoskut.hu\/?p=3014\" class=\"more-link\"><span class=\"screen-reader-text\">&#8222;Ism\u00e9t r\u00e9gi-\u00faj bajnokot avattunk&#8221;<\/span> b\u0151vebben<\/a><\/p>\n","protected":false},"author":1,"featured_media":0,"comment_status":"closed","ping_status":"closed","sticky":false,"template":"","format":"standard","meta":{"footnotes":""},"categories":[38],"tags":[],"class_list":["post-3014","post","type-post","status-publish","format-standard","hentry","category-38"],"_links":{"self":[{"href":"https:\/\/www.kardoskut.hu\/index.php?rest_route=\/wp\/v2\/posts\/3014","targetHints":{"allow":["GET"]}}],"collection":[{"href":"https:\/\/www.kardoskut.hu\/index.php?rest_route=\/wp\/v2\/posts"}],"about":[{"href":"https:\/\/www.kardoskut.hu\/index.php?rest_route=\/wp\/v2\/types\/post"}],"author":[{"embeddable":true,"href":"https:\/\/www.kardoskut.hu\/index.php?rest_route=\/wp\/v2\/users\/1"}],"replies":[{"embeddable":true,"href":"https:\/\/www.kardoskut.hu\/index.php?rest_route=%2Fwp%2Fv2%2Fcomments&post=3014"}],"version-history":[{"count":1,"href":"https:\/\/www.kardoskut.hu\/index.php?rest_route=\/wp\/v2\/posts\/3014\/revisions"}],"predecessor-version":[{"id":3018,"href":"https:\/\/www.kardoskut.hu\/index.php?rest_route=\/wp\/v2\/posts\/3014\/revisions\/3018"}],"wp:attachment":[{"href":"https:\/\/www.kardoskut.hu\/index.php?rest_route=%2Fwp%2Fv2%2Fmedia&parent=3014"}],"wp:term":[{"taxonomy":"category","embeddable":true,"href":"https:\/\/www.kardoskut.hu\/index.php?rest_route=%2Fwp%2Fv2%2Fcategories&post=3014"},{"taxonomy":"post_tag","embeddable":true,"href":"https:\/\/www.kardoskut.hu\/index.php?rest_route=%2Fwp%2Fv2%2Ftags&post=3014"}],"curies":[{"name":"wp","href":"https:\/\/api.w.org\/{rel}","templated":true}]}}