{"id":3006,"date":"2019-01-28T21:51:01","date_gmt":"2019-01-28T21:51:01","guid":{"rendered":"http:\/\/www.kardoskut.hu\/?p=3006"},"modified":"2019-01-28T21:51:01","modified_gmt":"2019-01-28T21:51:01","slug":"megeltuk-a-pillanatot","status":"publish","type":"post","link":"https:\/\/www.kardoskut.hu\/?p=3006","title":{"rendered":"Meg\u00e9lt\u00fck a pillanatot!"},"content":{"rendered":"<p><a href=\"http:\/\/szinjatszok.hu\/index.php\/fellepeseink\/2019\/nemzeti-szinhaz\"><img loading=\"lazy\" decoding=\"async\" class=\"alignnone size-large wp-image-3008\" src=\"http:\/\/www.kardoskut.hu\/wp-content\/uploads\/2019\/01\/51119365_2470113523016194_2434920559008546816_n.jpg\" alt=\"\" width=\"525\" height=\"394\" srcset=\"https:\/\/www.kardoskut.hu\/wp-content\/uploads\/2019\/01\/51119365_2470113523016194_2434920559008546816_n.jpg 960w, https:\/\/www.kardoskut.hu\/wp-content\/uploads\/2019\/01\/51119365_2470113523016194_2434920559008546816_n-300x225.jpg 300w, https:\/\/www.kardoskut.hu\/wp-content\/uploads\/2019\/01\/51119365_2470113523016194_2434920559008546816_n-768x576.jpg 768w\" sizes=\"auto, (max-width: 525px) 100vw, 525px\" \/><\/a><br \/>\nFot\u00f3: Kasza Hajnalka<\/p>\n<p>Rem\u00e9ny feletti szeretet \u00e9s v\u00e1rakoz\u00e1s vette k\u00f6rbe a kardosk\u00fati sz\u00ednj\u00e1tsz\u00f3kat m\u00e1r a k\u00f6zs\u00e9gi bemutat\u00f3 sor\u00e1n, \u00e1m a janu\u00e1r 27-i Nemzeti Sz\u00ednh\u00e1zi j\u00e1t\u00e9k eg\u00e9szen m\u00e1s pillanatokat \u00e9s felemel\u0151 \u00e9lm\u00e9nyt ny\u00fajtott a F\u0151nix T\u00e1rsulat tagjai sz\u00e1m\u00e1ra. \u00c1lmunk val\u00f3ra v\u00e1lt a IV. Pajtasz\u00ednh\u00e1z Szemle sor\u00e1n: a Nemzeti Sz\u00ednh\u00e1zban, a Kasz\u00e1s Attila terem j\u00f3 adotts\u00e1gai k\u00f6z\u00f6tt j\u00e1tszhattuk el N\u00f3ti K\u00e1roly: Az antennabety\u00e1r \u00e9s a Madame Sabin elrabl\u00e1sa c\u00edm\u0171 boh\u00f3zatokat.<\/p>\n<p>B\u0151vebben a <a href=\"http:\/\/szinjatszok.hu\/index.php\/fellepeseink\/2019\/nemzeti-szinhaz\">szinjatszok.hu<\/a> weboldalon.<\/p>\n","protected":false},"excerpt":{"rendered":"<p>Fot\u00f3: Kasza Hajnalka Rem\u00e9ny feletti szeretet \u00e9s v\u00e1rakoz\u00e1s vette k\u00f6rbe a kardosk\u00fati sz\u00ednj\u00e1tsz\u00f3kat m\u00e1r a k\u00f6zs\u00e9gi bemutat\u00f3 sor\u00e1n, \u00e1m a janu\u00e1r 27-i Nemzeti Sz\u00ednh\u00e1zi j\u00e1t\u00e9k eg\u00e9szen m\u00e1s pillanatokat \u00e9s felemel\u0151 \u00e9lm\u00e9nyt ny\u00fajtott a F\u0151nix T\u00e1rsulat tagjai sz\u00e1m\u00e1ra. \u00c1lmunk val\u00f3ra v\u00e1lt a IV. Pajtasz\u00ednh\u00e1z Szemle sor\u00e1n: a Nemzeti Sz\u00ednh\u00e1zban, a Kasz\u00e1s Attila terem j\u00f3 adotts\u00e1gai k\u00f6z\u00f6tt &hellip; <\/p>\n<p class=\"link-more\"><a href=\"https:\/\/www.kardoskut.hu\/?p=3006\" class=\"more-link\"><span class=\"screen-reader-text\">&#8222;Meg\u00e9lt\u00fck a pillanatot!&#8221;<\/span> b\u0151vebben<\/a><\/p>\n","protected":false},"author":1,"featured_media":0,"comment_status":"closed","ping_status":"closed","sticky":false,"template":"","format":"standard","meta":{"footnotes":""},"categories":[38],"tags":[],"class_list":["post-3006","post","type-post","status-publish","format-standard","hentry","category-38"],"_links":{"self":[{"href":"https:\/\/www.kardoskut.hu\/index.php?rest_route=\/wp\/v2\/posts\/3006","targetHints":{"allow":["GET"]}}],"collection":[{"href":"https:\/\/www.kardoskut.hu\/index.php?rest_route=\/wp\/v2\/posts"}],"about":[{"href":"https:\/\/www.kardoskut.hu\/index.php?rest_route=\/wp\/v2\/types\/post"}],"author":[{"embeddable":true,"href":"https:\/\/www.kardoskut.hu\/index.php?rest_route=\/wp\/v2\/users\/1"}],"replies":[{"embeddable":true,"href":"https:\/\/www.kardoskut.hu\/index.php?rest_route=%2Fwp%2Fv2%2Fcomments&post=3006"}],"version-history":[{"count":1,"href":"https:\/\/www.kardoskut.hu\/index.php?rest_route=\/wp\/v2\/posts\/3006\/revisions"}],"predecessor-version":[{"id":3009,"href":"https:\/\/www.kardoskut.hu\/index.php?rest_route=\/wp\/v2\/posts\/3006\/revisions\/3009"}],"wp:attachment":[{"href":"https:\/\/www.kardoskut.hu\/index.php?rest_route=%2Fwp%2Fv2%2Fmedia&parent=3006"}],"wp:term":[{"taxonomy":"category","embeddable":true,"href":"https:\/\/www.kardoskut.hu\/index.php?rest_route=%2Fwp%2Fv2%2Fcategories&post=3006"},{"taxonomy":"post_tag","embeddable":true,"href":"https:\/\/www.kardoskut.hu\/index.php?rest_route=%2Fwp%2Fv2%2Ftags&post=3006"}],"curies":[{"name":"wp","href":"https:\/\/api.w.org\/{rel}","templated":true}]}}