{"id":2971,"date":"2019-01-12T18:08:51","date_gmt":"2019-01-12T18:08:51","guid":{"rendered":"http:\/\/www.kardoskut.hu\/?p=2971"},"modified":"2019-01-12T18:08:51","modified_gmt":"2019-01-12T18:08:51","slug":"emlekezes-a-76-evvel-ezelotti-esemenyekre","status":"publish","type":"post","link":"https:\/\/www.kardoskut.hu\/?p=2971","title":{"rendered":"Eml\u00e9kez\u00e9s a 76 \u00e9vvel ezel\u0151tti esem\u00e9nyekre"},"content":{"rendered":"<p><a href=\"https:\/\/www.flickr.com\/photos\/kardoskuthu\/albums\/72157688679395663\"><img loading=\"lazy\" decoding=\"async\" class=\"alignnone size-large wp-image-2972\" src=\"http:\/\/www.kardoskut.hu\/wp-content\/uploads\/2019\/01\/IMG_0762-1024x683.jpg\" alt=\"\" width=\"525\" height=\"350\" srcset=\"https:\/\/www.kardoskut.hu\/wp-content\/uploads\/2019\/01\/IMG_0762-1024x683.jpg 1024w, https:\/\/www.kardoskut.hu\/wp-content\/uploads\/2019\/01\/IMG_0762-300x200.jpg 300w, https:\/\/www.kardoskut.hu\/wp-content\/uploads\/2019\/01\/IMG_0762-768x512.jpg 768w, https:\/\/www.kardoskut.hu\/wp-content\/uploads\/2019\/01\/IMG_0762.jpg 1296w\" sizes=\"auto, (max-width: 525px) 100vw, 525px\" \/><\/a><br \/>\nTov\u00e1bbi fot\u00f3k a fenti k\u00e9pre kattintva tekinthet\u0151ek meg. (Fot\u00f3k: VP.)<\/p>\n<p>Tal\u00e1n az egyik legt\u00f6bbet emlegetett II. vil\u00e1gh\u00e1bor\u00fas helysz\u00edn az oroszorsz\u00e1gi Don kanyar, ahol 1943 janu\u00e1rj\u00e1ban t\u00f6bb mint 120 ezer magyar katona vesztette \u00e9let\u00e9t.<\/p>\n<p>A napra pontosan 76 \u00e9vvel t\u00f6rt\u00e9nt esem\u00e9nyekre eml\u00e9keztek orsz\u00e1gszerte, t\u00f6bbek k\u00f6z\u00f6tt megy\u00e9nkben is, a Doni Eml\u00e9kt\u00fara r\u00e9sztvev\u0151i. A kardosk\u00fati eml\u00e9kez\u00e9s t\u00f6bb helysz\u00ednen zajlott. A M\u00f3ra Ferenc M\u0171vel\u0151d\u00e9si H\u00e1z ny\u00fajtott gy\u00fclekez\u0151 helyet az \u00fcnneps\u00e9gre \u00e9rkez\u0151knek, akik k\u00f6z\u00f6tt vid\u00e9ki- illetve n\u00e9metorsz\u00e1gi vend\u00e9gek is voltak.<\/p>\n<p>A d\u00e9lel\u0151tti k\u00f6zs\u00e9gi megeml\u00e9kez\u00e9sr\u0151l a beol.hu r\u00e9szletesen besz\u00e1molt. <a href=\"https:\/\/www.beol.hu\/kozelet\/helyi-kozelet\/doni-emlekmenetet-tartottak-a-haboru-aldozatai-tuleloi-tiszteletere-1705438\/\">IDE<\/a> kattintva olvashat\u00f3.<\/p>\n","protected":false},"excerpt":{"rendered":"<p>Tov\u00e1bbi fot\u00f3k a fenti k\u00e9pre kattintva tekinthet\u0151ek meg. (Fot\u00f3k: VP.) Tal\u00e1n az egyik legt\u00f6bbet emlegetett II. vil\u00e1gh\u00e1bor\u00fas helysz\u00edn az oroszorsz\u00e1gi Don kanyar, ahol 1943 janu\u00e1rj\u00e1ban t\u00f6bb mint 120 ezer magyar katona vesztette \u00e9let\u00e9t. A napra pontosan 76 \u00e9vvel t\u00f6rt\u00e9nt esem\u00e9nyekre eml\u00e9keztek orsz\u00e1gszerte, t\u00f6bbek k\u00f6z\u00f6tt megy\u00e9nkben is, a Doni Eml\u00e9kt\u00fara r\u00e9sztvev\u0151i. A kardosk\u00fati eml\u00e9kez\u00e9s t\u00f6bb helysz\u00ednen &hellip; <\/p>\n<p class=\"link-more\"><a href=\"https:\/\/www.kardoskut.hu\/?p=2971\" class=\"more-link\"><span class=\"screen-reader-text\">&#8222;Eml\u00e9kez\u00e9s a 76 \u00e9vvel ezel\u0151tti esem\u00e9nyekre&#8221;<\/span> b\u0151vebben<\/a><\/p>\n","protected":false},"author":1,"featured_media":0,"comment_status":"closed","ping_status":"closed","sticky":false,"template":"","format":"standard","meta":{"footnotes":""},"categories":[38],"tags":[],"class_list":["post-2971","post","type-post","status-publish","format-standard","hentry","category-38"],"_links":{"self":[{"href":"https:\/\/www.kardoskut.hu\/index.php?rest_route=\/wp\/v2\/posts\/2971","targetHints":{"allow":["GET"]}}],"collection":[{"href":"https:\/\/www.kardoskut.hu\/index.php?rest_route=\/wp\/v2\/posts"}],"about":[{"href":"https:\/\/www.kardoskut.hu\/index.php?rest_route=\/wp\/v2\/types\/post"}],"author":[{"embeddable":true,"href":"https:\/\/www.kardoskut.hu\/index.php?rest_route=\/wp\/v2\/users\/1"}],"replies":[{"embeddable":true,"href":"https:\/\/www.kardoskut.hu\/index.php?rest_route=%2Fwp%2Fv2%2Fcomments&post=2971"}],"version-history":[{"count":1,"href":"https:\/\/www.kardoskut.hu\/index.php?rest_route=\/wp\/v2\/posts\/2971\/revisions"}],"predecessor-version":[{"id":2973,"href":"https:\/\/www.kardoskut.hu\/index.php?rest_route=\/wp\/v2\/posts\/2971\/revisions\/2973"}],"wp:attachment":[{"href":"https:\/\/www.kardoskut.hu\/index.php?rest_route=%2Fwp%2Fv2%2Fmedia&parent=2971"}],"wp:term":[{"taxonomy":"category","embeddable":true,"href":"https:\/\/www.kardoskut.hu\/index.php?rest_route=%2Fwp%2Fv2%2Fcategories&post=2971"},{"taxonomy":"post_tag","embeddable":true,"href":"https:\/\/www.kardoskut.hu\/index.php?rest_route=%2Fwp%2Fv2%2Ftags&post=2971"}],"curies":[{"name":"wp","href":"https:\/\/api.w.org\/{rel}","templated":true}]}}