{"id":2919,"date":"2018-12-24T07:02:09","date_gmt":"2018-12-24T07:02:09","guid":{"rendered":"http:\/\/www.kardoskut.hu\/?p=2919"},"modified":"2018-12-24T07:16:18","modified_gmt":"2018-12-24T07:16:18","slug":"szeretettel-fuszerezve","status":"publish","type":"post","link":"https:\/\/www.kardoskut.hu\/?p=2919","title":{"rendered":"Szeretettel f\u0171szerezve"},"content":{"rendered":"<p><a href=\"https:\/\/www.flickr.com\/photos\/kardoskuthu\/albums\/72157698978968910\"><img loading=\"lazy\" decoding=\"async\" class=\"alignnone size-large wp-image-2920\" src=\"http:\/\/www.kardoskut.hu\/wp-content\/uploads\/2018\/12\/gulyas_fozes_2018_fo-1024x635.jpg\" alt=\"\" width=\"525\" height=\"326\" srcset=\"https:\/\/www.kardoskut.hu\/wp-content\/uploads\/2018\/12\/gulyas_fozes_2018_fo-1024x635.jpg 1024w, https:\/\/www.kardoskut.hu\/wp-content\/uploads\/2018\/12\/gulyas_fozes_2018_fo-300x186.jpg 300w, https:\/\/www.kardoskut.hu\/wp-content\/uploads\/2018\/12\/gulyas_fozes_2018_fo-768x476.jpg 768w, https:\/\/www.kardoskut.hu\/wp-content\/uploads\/2018\/12\/gulyas_fozes_2018_fo.jpg 1114w\" sizes=\"auto, (max-width: 525px) 100vw, 525px\" \/><\/a><br \/>\nTov\u00e1bbi fot\u00f3k\u00e9rt k\u00e9rem kattintson a fenti k\u00e9pre. (Fot\u00f3k: VP.)<\/p>\n<p>Az id\u00e9n m\u00e1r nyolcadik \u00e9ve annak, hogy a kar\u00e1csonyt megel\u0151z\u0151 napokban a lelkes f\u0151z\u0151csapat &#8211; a j\u00f3 sz\u00e1nd\u00e9k\u00fa t\u00e1mogat\u00f3knak k\u00f6sz\u00f6nhet\u0151en &#8211; helyben f\u0151z\u00f6tt guly\u00e1slevesre h\u00edvja telep\u00fcl\u00e9s\u00fcnk minden lak\u00f3j\u00e1t. \u00c9vr\u0151l \u00e9vre elmondhat\u00f3, hogy egyre t\u00f6bben fogadj\u00e1k el a megh\u00edv\u00e1st. Az id\u00e9n a hat \u00fcst leves m\u00e1sf\u00e9l \u00f3ra alatt elfogyott. Az el\u0151k\u00e9sz\u00fcletekkor \u00e9s a f\u0151z\u00e9skor is sok szorgos k\u00e9z dolgozott azon, hogy elmondhassuk a v\u00e9g\u00e9n k\u00f6z\u00f6sen: adni j\u00f3. J\u00f6v\u0151re folytatjuk.<\/p>\n<p><strong>T\u00e1mogat\u00f3k:<\/strong> Szab\u00f3 L\u00e1szl\u00f3, Bajn\u00f3czi P\u00e1l, Veraszt\u00f3 Lajos, Felf\u00f6ldi L\u00e1szl\u00f3, Pint\u00e9r Erzs\u00e9bet, id. Lantos J\u00e1nos, Pat\u00f3cs \u00c9va, Tib\u00e1n\u00e9 Hamvasi Zsuzsanna, T\u00f3th J\u00f3zsefn\u00e9, T\u00f3th J\u00f3zsef, Simon J\u00e1nos, Ramaszn\u00e9 T\u00f3th Ibolya, ifj. Rajki J\u00f3zsef, \u0150zse Zolt\u00e1n, Csot\u00f3-Nagy Hajnalka, G\u00e1l \u00e9s M\u00e1rta Kft., K\u00e1bel Kontroll Kft., Gera D\u00e1vid, M\u00f3rocz Lajos, S\u00fcle Antal,\u00a0 G\u00e1l J\u00f3zsef, J\u00e1mborcsik J\u00f3zsef, Nagyn\u00e9 Sz\u00f6ll\u0151si Ter\u00e9z, Csizmadia P\u00e9ks\u00e9g, Varga P\u00e1l<\/p>\n<p><a href=\"http:\/\/www.kardoskut.hu\/wp-content\/uploads\/2018\/12\/gulyas_csoport_2018.jpg\"><img loading=\"lazy\" decoding=\"async\" class=\"alignnone size-large wp-image-2921\" src=\"http:\/\/www.kardoskut.hu\/wp-content\/uploads\/2018\/12\/gulyas_csoport_2018-1024x630.jpg\" alt=\"\" width=\"525\" height=\"323\" srcset=\"https:\/\/www.kardoskut.hu\/wp-content\/uploads\/2018\/12\/gulyas_csoport_2018.jpg 1024w, https:\/\/www.kardoskut.hu\/wp-content\/uploads\/2018\/12\/gulyas_csoport_2018-300x185.jpg 300w, https:\/\/www.kardoskut.hu\/wp-content\/uploads\/2018\/12\/gulyas_csoport_2018-768x473.jpg 768w\" sizes=\"auto, (max-width: 525px) 100vw, 525px\" \/><\/a><br \/>\n<strong>A f\u0151z\u0151csapat:<\/strong> Szab\u00f3 L\u00e1szl\u00f3, Szab\u00f3n\u00e9 Mikl\u00f3s Ildik\u00f3, Ramaszn\u00e9 T\u00f3th Ibolya, Rideg J\u00f3zsef, T\u00f6r\u00f6k Attila, Varg\u00e1n\u00e9 Neller Borb\u00e1la, Stelbaczki S\u00e1ndor, Kocs\u00e1ny G\u00e1bor, \u0150zse Zolt\u00e1n, Farkas L\u00e1szl\u00f3, Simon J\u00e1nos, Skorka P\u00e1ln\u00e9 \u00e9s Perendy N\u00f3ra.<\/p>\n<p><em>Fot\u00f3: Kasza Hajnalka<\/em><\/p>\n<p>&nbsp;<\/p>\n","protected":false},"excerpt":{"rendered":"<p>Tov\u00e1bbi fot\u00f3k\u00e9rt k\u00e9rem kattintson a fenti k\u00e9pre. (Fot\u00f3k: VP.) Az id\u00e9n m\u00e1r nyolcadik \u00e9ve annak, hogy a kar\u00e1csonyt megel\u0151z\u0151 napokban a lelkes f\u0151z\u0151csapat &#8211; a j\u00f3 sz\u00e1nd\u00e9k\u00fa t\u00e1mogat\u00f3knak k\u00f6sz\u00f6nhet\u0151en &#8211; helyben f\u0151z\u00f6tt guly\u00e1slevesre h\u00edvja telep\u00fcl\u00e9s\u00fcnk minden lak\u00f3j\u00e1t. \u00c9vr\u0151l \u00e9vre elmondhat\u00f3, hogy egyre t\u00f6bben fogadj\u00e1k el a megh\u00edv\u00e1st. Az id\u00e9n a hat \u00fcst leves m\u00e1sf\u00e9l \u00f3ra &hellip; <\/p>\n<p class=\"link-more\"><a href=\"https:\/\/www.kardoskut.hu\/?p=2919\" class=\"more-link\"><span class=\"screen-reader-text\">&#8222;Szeretettel f\u0171szerezve&#8221;<\/span> b\u0151vebben<\/a><\/p>\n","protected":false},"author":1,"featured_media":0,"comment_status":"closed","ping_status":"closed","sticky":false,"template":"","format":"standard","meta":{"footnotes":""},"categories":[35],"tags":[],"class_list":["post-2919","post","type-post","status-publish","format-standard","hentry","category-2018-hirek"],"_links":{"self":[{"href":"https:\/\/www.kardoskut.hu\/index.php?rest_route=\/wp\/v2\/posts\/2919","targetHints":{"allow":["GET"]}}],"collection":[{"href":"https:\/\/www.kardoskut.hu\/index.php?rest_route=\/wp\/v2\/posts"}],"about":[{"href":"https:\/\/www.kardoskut.hu\/index.php?rest_route=\/wp\/v2\/types\/post"}],"author":[{"embeddable":true,"href":"https:\/\/www.kardoskut.hu\/index.php?rest_route=\/wp\/v2\/users\/1"}],"replies":[{"embeddable":true,"href":"https:\/\/www.kardoskut.hu\/index.php?rest_route=%2Fwp%2Fv2%2Fcomments&post=2919"}],"version-history":[{"count":4,"href":"https:\/\/www.kardoskut.hu\/index.php?rest_route=\/wp\/v2\/posts\/2919\/revisions"}],"predecessor-version":[{"id":2925,"href":"https:\/\/www.kardoskut.hu\/index.php?rest_route=\/wp\/v2\/posts\/2919\/revisions\/2925"}],"wp:attachment":[{"href":"https:\/\/www.kardoskut.hu\/index.php?rest_route=%2Fwp%2Fv2%2Fmedia&parent=2919"}],"wp:term":[{"taxonomy":"category","embeddable":true,"href":"https:\/\/www.kardoskut.hu\/index.php?rest_route=%2Fwp%2Fv2%2Fcategories&post=2919"},{"taxonomy":"post_tag","embeddable":true,"href":"https:\/\/www.kardoskut.hu\/index.php?rest_route=%2Fwp%2Fv2%2Ftags&post=2919"}],"curies":[{"name":"wp","href":"https:\/\/api.w.org\/{rel}","templated":true}]}}