{"id":2911,"date":"2018-12-19T18:37:15","date_gmt":"2018-12-19T18:37:15","guid":{"rendered":"http:\/\/www.kardoskut.hu\/?p=2911"},"modified":"2018-12-19T18:37:15","modified_gmt":"2018-12-19T18:37:15","slug":"tajekoztatas-hulladekgyujtessel-kapcsolatban","status":"publish","type":"post","link":"https:\/\/www.kardoskut.hu\/?p=2911","title":{"rendered":"T\u00e1j\u00e9koztat\u00e1s hullad\u00e9kgy\u0171jt\u00e9ssel kapcsolatban"},"content":{"rendered":"<p><strong>Tisztelt Kardosk\u00fati Lakosok!<\/strong><\/p>\n<p>T\u00e1j\u00e9koztatjuk \u00d6n\u00f6ket a 2019. \u00e9vi kommun\u00e1lis hullad\u00e9kgy\u0171jt\u00e9s- \u00e9s sz\u00e1ll\u00edt\u00e1s menetrendj\u00e9nek v\u00e1ltoz\u00e1s\u00e1r\u00f3l:<\/p>\n<p><strong><u>A kommun\u00e1lis hullad\u00e9kgy\u0171jt\u00e9sre az eddigiekt\u0151l elt\u00e9r\u0151en 2019. 2. het\u00e9t\u0151l (2019. 01.07-t\u0151l) <em>SZERDAI <\/em>napok helyett <em>H\u00c9TF\u0150I<\/em> napokon ker\u00fcl sor. <\/u><\/strong><\/p>\n<p>Egyebekben a szelekt\u00edv hullad\u00e9kgy\u0171jt\u00e9s- \u00e9s sz\u00e1ll\u00edt\u00e1s a megszokott m\u00f3don havonta 1 alkalommal SZERDAI napokon t\u00f6rt\u00e9nik.<\/p>\n<p><strong><u>Szelekt\u00edv hullad\u00e9kgy\u0171jt\u00e9si id\u0151pontok 2019. I negyed\u00e9vben:<br \/>\nJanu\u00e1r: 09.<br \/>\n<\/u><\/strong><strong><u>Febru\u00e1r: 06.<br \/>\n<\/u><\/strong><strong><u>M\u00e1rcius: 06.<\/p>\n<p><\/u><\/strong><strong><u>FENY\u0150FA GY\u0170JT\u00c9S: <\/u><\/strong><\/p>\n<p>T\u00e1rsas\u00e1gunk 2019.-ben is 2 alkalmat biztos\u00edt h\u00e1zhoz men\u0151 kar\u00e1csonyfa\/feny\u0151fa gy\u0171jt\u00e9sre. Az al\u00e1bbiakban k\u00f6z\u00f6lj\u00fck a kijel\u00f6lt id\u0151pontokat:<\/p>\n<p>1. alkalom: janu\u00e1r 09.<br \/>\n2. alkalom: janu\u00e1r 16.<\/p>\n<p>K\u00e9rj\u00fck \u00d6n\u00f6ket, hogy a kidob\u00e1sra \u00edt\u00e9lt f\u00e1kat <strong><em><u>dekor\u00e1ci\u00f3s elemekt\u0151l mentesen<\/u><\/em><\/strong> legyenek sz\u00edvesek kihelyezni.<\/p>\n<p>Felh\u00edvjuk sz\u00edves figyelm\u00fcket, hogy a j\u00e1ratok csak egyszeri alkalommal mennek v\u00e9gig a gy\u0171jt\u00e9si \u00fatvonalakon, a k\u00e9s\u0151bb kihelyezett f\u00e1k\u00e9rt nem \u00e1ll m\u00f3dunkban visszamenni.<\/p>\n<p>K\u00f6sz\u00f6nj\u00fck egy\u00fcttm\u0171k\u00f6d\u00e9s\u00fcket!<\/p>\n<p>Tisztelettel:<\/p>\n<p>A DAREH B\u00c1ZIS NONPROFIT Zrt. k\u00e9pviselet\u00e9ben:<br \/>\nOrosh\u00e1zi Hullad\u00e9kgazd\u00e1lkod\u00e1si Nonprofit Kft.<\/p>\n","protected":false},"excerpt":{"rendered":"<p>Tisztelt Kardosk\u00fati Lakosok! T\u00e1j\u00e9koztatjuk \u00d6n\u00f6ket a 2019. \u00e9vi kommun\u00e1lis hullad\u00e9kgy\u0171jt\u00e9s- \u00e9s sz\u00e1ll\u00edt\u00e1s menetrendj\u00e9nek v\u00e1ltoz\u00e1s\u00e1r\u00f3l: A kommun\u00e1lis hullad\u00e9kgy\u0171jt\u00e9sre az eddigiekt\u0151l elt\u00e9r\u0151en 2019. 2. het\u00e9t\u0151l (2019. 01.07-t\u0151l) SZERDAI napok helyett H\u00c9TF\u0150I napokon ker\u00fcl sor. Egyebekben a szelekt\u00edv hullad\u00e9kgy\u0171jt\u00e9s- \u00e9s sz\u00e1ll\u00edt\u00e1s a megszokott m\u00f3don havonta 1 alkalommal SZERDAI napokon t\u00f6rt\u00e9nik. Szelekt\u00edv hullad\u00e9kgy\u0171jt\u00e9si id\u0151pontok 2019. I negyed\u00e9vben: Janu\u00e1r: 09. &hellip; <\/p>\n<p class=\"link-more\"><a href=\"https:\/\/www.kardoskut.hu\/?p=2911\" class=\"more-link\"><span class=\"screen-reader-text\">&#8222;T\u00e1j\u00e9koztat\u00e1s hullad\u00e9kgy\u0171jt\u00e9ssel kapcsolatban&#8221;<\/span> b\u0151vebben<\/a><\/p>\n","protected":false},"author":1,"featured_media":0,"comment_status":"closed","ping_status":"closed","sticky":false,"template":"","format":"standard","meta":{"footnotes":""},"categories":[35],"tags":[],"class_list":["post-2911","post","type-post","status-publish","format-standard","hentry","category-2018-hirek"],"_links":{"self":[{"href":"https:\/\/www.kardoskut.hu\/index.php?rest_route=\/wp\/v2\/posts\/2911","targetHints":{"allow":["GET"]}}],"collection":[{"href":"https:\/\/www.kardoskut.hu\/index.php?rest_route=\/wp\/v2\/posts"}],"about":[{"href":"https:\/\/www.kardoskut.hu\/index.php?rest_route=\/wp\/v2\/types\/post"}],"author":[{"embeddable":true,"href":"https:\/\/www.kardoskut.hu\/index.php?rest_route=\/wp\/v2\/users\/1"}],"replies":[{"embeddable":true,"href":"https:\/\/www.kardoskut.hu\/index.php?rest_route=%2Fwp%2Fv2%2Fcomments&post=2911"}],"version-history":[{"count":1,"href":"https:\/\/www.kardoskut.hu\/index.php?rest_route=\/wp\/v2\/posts\/2911\/revisions"}],"predecessor-version":[{"id":2912,"href":"https:\/\/www.kardoskut.hu\/index.php?rest_route=\/wp\/v2\/posts\/2911\/revisions\/2912"}],"wp:attachment":[{"href":"https:\/\/www.kardoskut.hu\/index.php?rest_route=%2Fwp%2Fv2%2Fmedia&parent=2911"}],"wp:term":[{"taxonomy":"category","embeddable":true,"href":"https:\/\/www.kardoskut.hu\/index.php?rest_route=%2Fwp%2Fv2%2Fcategories&post=2911"},{"taxonomy":"post_tag","embeddable":true,"href":"https:\/\/www.kardoskut.hu\/index.php?rest_route=%2Fwp%2Fv2%2Ftags&post=2911"}],"curies":[{"name":"wp","href":"https:\/\/api.w.org\/{rel}","templated":true}]}}