{"id":2870,"date":"2018-12-06T18:06:42","date_gmt":"2018-12-06T18:06:42","guid":{"rendered":"http:\/\/www.kardoskut.hu\/?p=2870"},"modified":"2018-12-06T18:06:42","modified_gmt":"2018-12-06T18:06:42","slug":"jo-gyermekek-mind-orultek","status":"publish","type":"post","link":"https:\/\/www.kardoskut.hu\/?p=2870","title":{"rendered":"J\u00f3 gyermekek mind \u00f6r\u00fcltek"},"content":{"rendered":"<p><a href=\"https:\/\/www.flickr.com\/photos\/kardoskuthu\/albums\/72157704328633354\"><img loading=\"lazy\" decoding=\"async\" class=\"alignnone size-full wp-image-2871\" src=\"http:\/\/www.kardoskut.hu\/wp-content\/uploads\/2018\/12\/miku_2018.jpg\" alt=\"\" width=\"982\" height=\"795\" srcset=\"https:\/\/www.kardoskut.hu\/wp-content\/uploads\/2018\/12\/miku_2018.jpg 982w, https:\/\/www.kardoskut.hu\/wp-content\/uploads\/2018\/12\/miku_2018-300x243.jpg 300w, https:\/\/www.kardoskut.hu\/wp-content\/uploads\/2018\/12\/miku_2018-768x622.jpg 768w\" sizes=\"auto, (max-width: 767px) 89vw, (max-width: 1000px) 54vw, (max-width: 1071px) 543px, 580px\" \/><\/a><br \/>\nTov\u00e1bbi fot\u00f3k\u00e9rt k\u00e9rem kattintson a fenti k\u00e9pre. (Fot\u00f3k: VP)<\/p>\n<p>N\u00e9pes gyermeksereg v\u00e1rta nagy izgalommal a Nagyszak\u00e1ll\u00fat, aki az id\u00e9n sem \u00e9rkezett \u00fcres k\u00e9zzel Kardosk\u00fatra.<\/p>\n<p>Gyermekdalokkal, \u00e9nekekkel v\u00e1rtuk a Mikul\u00e1st, aki az id\u00e9n is ell\u00e1togatott a m\u0171vel\u0151d\u00e9si h\u00e1zba szervezett k\u00f6zs\u00e9gi Mikul\u00e1sv\u00e1r\u00f3 programunkra. Az iskola ut\u00e1n haza\u00e9rkez\u0151 gyerekeket \u00e9s a legkisebbeket finom falatokkal \u00e9s Katika n\u00e9ni m\u00e9zeskal\u00e1csos k\u00e9zm\u0171vesked\u00e9s\u00e9vel fogadtuk, majd Ujj Anna fiatal \u00e9nekes dalaiba kapcsol\u00f3dhattak be a gyerekek a sz\u00ednpadon. A mozgalmas d\u00e9lut\u00e1n s\u00fcrg\u00e9ssel-forg\u00e1ssal telt, a falu legkisebbjeit is elhozt\u00e1k a sz\u00fcl\u0151k, nagysz\u00fcl\u0151k. Az \u00f6r\u00f6mteli pillanatokat a Mikul\u00e1s piros zs\u00e1kja fokozta, hiszen minden gyermek egy-egy tartalmas \u00e9dess\u00e9gcsomaggal lett gazdagabb. A Kardosk\u00fati gyerekek most is megfogadt\u00e1k a Nagyszak\u00e1ll\u00fanak, hogy j\u00f6v\u0151 decemberig mindenki j\u00f3l fog viselkedni, hogy \u00fajra v\u00e1rakoz\u00e1ssal tekinthessenek az ablakokba kitett kis cip\u0151kbe, csizm\u00e1kba.<\/p>\n<p>H\u00e1l\u00e1san k\u00f6sz\u00f6nj\u00fck a rendezv\u00e9nyhez ny\u00fajtott t\u00e1mogat\u00e1st szponzorainknak:<br \/>\n&#8211; a Mikul\u00e1s csomagokat: a Magyar F\u00f6ldg\u00e1zt\u00e1rol\u00f3 Zrt. -nek \u00e9s munkat\u00e1rsainak<br \/>\n&#8211; a gyermekm\u0171sort: a MOL Nyrt.-nek<br \/>\n&#8211; a vend\u00e9gl\u00e1t\u00e1st: a B\u00e9k\u00e9s Takar\u00e9k helyi fi\u00f3kj\u00e1nak \u00e9s munkat\u00e1rsainak<\/p>\n","protected":false},"excerpt":{"rendered":"<p>Tov\u00e1bbi fot\u00f3k\u00e9rt k\u00e9rem kattintson a fenti k\u00e9pre. (Fot\u00f3k: VP) N\u00e9pes gyermeksereg v\u00e1rta nagy izgalommal a Nagyszak\u00e1ll\u00fat, aki az id\u00e9n sem \u00e9rkezett \u00fcres k\u00e9zzel Kardosk\u00fatra. Gyermekdalokkal, \u00e9nekekkel v\u00e1rtuk a Mikul\u00e1st, aki az id\u00e9n is ell\u00e1togatott a m\u0171vel\u0151d\u00e9si h\u00e1zba szervezett k\u00f6zs\u00e9gi Mikul\u00e1sv\u00e1r\u00f3 programunkra. Az iskola ut\u00e1n haza\u00e9rkez\u0151 gyerekeket \u00e9s a legkisebbeket finom falatokkal \u00e9s Katika n\u00e9ni m\u00e9zeskal\u00e1csos &hellip; <\/p>\n<p class=\"link-more\"><a href=\"https:\/\/www.kardoskut.hu\/?p=2870\" class=\"more-link\"><span class=\"screen-reader-text\">&#8222;J\u00f3 gyermekek mind \u00f6r\u00fcltek&#8221;<\/span> b\u0151vebben<\/a><\/p>\n","protected":false},"author":1,"featured_media":0,"comment_status":"closed","ping_status":"closed","sticky":false,"template":"","format":"standard","meta":{"footnotes":""},"categories":[35],"tags":[],"class_list":["post-2870","post","type-post","status-publish","format-standard","hentry","category-2018-hirek"],"_links":{"self":[{"href":"https:\/\/www.kardoskut.hu\/index.php?rest_route=\/wp\/v2\/posts\/2870","targetHints":{"allow":["GET"]}}],"collection":[{"href":"https:\/\/www.kardoskut.hu\/index.php?rest_route=\/wp\/v2\/posts"}],"about":[{"href":"https:\/\/www.kardoskut.hu\/index.php?rest_route=\/wp\/v2\/types\/post"}],"author":[{"embeddable":true,"href":"https:\/\/www.kardoskut.hu\/index.php?rest_route=\/wp\/v2\/users\/1"}],"replies":[{"embeddable":true,"href":"https:\/\/www.kardoskut.hu\/index.php?rest_route=%2Fwp%2Fv2%2Fcomments&post=2870"}],"version-history":[{"count":1,"href":"https:\/\/www.kardoskut.hu\/index.php?rest_route=\/wp\/v2\/posts\/2870\/revisions"}],"predecessor-version":[{"id":2872,"href":"https:\/\/www.kardoskut.hu\/index.php?rest_route=\/wp\/v2\/posts\/2870\/revisions\/2872"}],"wp:attachment":[{"href":"https:\/\/www.kardoskut.hu\/index.php?rest_route=%2Fwp%2Fv2%2Fmedia&parent=2870"}],"wp:term":[{"taxonomy":"category","embeddable":true,"href":"https:\/\/www.kardoskut.hu\/index.php?rest_route=%2Fwp%2Fv2%2Fcategories&post=2870"},{"taxonomy":"post_tag","embeddable":true,"href":"https:\/\/www.kardoskut.hu\/index.php?rest_route=%2Fwp%2Fv2%2Ftags&post=2870"}],"curies":[{"name":"wp","href":"https:\/\/api.w.org\/{rel}","templated":true}]}}