{"id":2671,"date":"2018-08-26T07:33:15","date_gmt":"2018-08-26T07:33:15","guid":{"rendered":"http:\/\/www.kardoskut.hu\/?p=2671"},"modified":"2018-08-26T07:33:15","modified_gmt":"2018-08-26T07:33:15","slug":"poroszloi-kirandulas","status":"publish","type":"post","link":"https:\/\/www.kardoskut.hu\/?p=2671","title":{"rendered":"Poroszl\u00f3i kir\u00e1ndul\u00e1s"},"content":{"rendered":"<p><a href=\"https:\/\/www.flickr.com\/photos\/kardoskuthu\/albums\/72157697425367062\"><img loading=\"lazy\" decoding=\"async\" class=\"alignnone size-large wp-image-2672\" src=\"http:\/\/www.kardoskut.hu\/wp-content\/uploads\/2018\/08\/20180825_124351-768x1024.jpg\" alt=\"\" width=\"525\" height=\"700\" srcset=\"https:\/\/www.kardoskut.hu\/wp-content\/uploads\/2018\/08\/20180825_124351-768x1024.jpg 768w, https:\/\/www.kardoskut.hu\/wp-content\/uploads\/2018\/08\/20180825_124351-225x300.jpg 225w, https:\/\/www.kardoskut.hu\/wp-content\/uploads\/2018\/08\/20180825_124351.jpg 1728w\" sizes=\"auto, (max-width: 525px) 100vw, 525px\" \/><\/a><br \/>\nTov\u00e1bbi fot\u00f3k\u00e9rt k\u00e9rem kattintson a fenti k\u00e9pre. (Fot\u00f3k: VP.)<\/p>\n<p>Kellemes id\u0151j\u00e1r\u00e1ssal kedvezett augusztus v\u00e9gi poroszl\u00f3i kir\u00e1ndul\u00e1sunkhoz a term\u00e9szet. A nap programj\u00e1ban a Tisza-tavi \u00d6kocentrum l\u00e1tnival\u00f3inak megtekint\u00e9se szerepelt, amely Magyarorsz\u00e1g els\u0151, \u0151shonos fajokat bemutat\u00f3 l\u00e1t\u00f3gat\u00f3k\u00f6zpontja. A 45 f\u0151s kir\u00e1ndul\u00f3 csapattal el\u0151sz\u00f6r egy \u00e9rdekes 3D-s term\u00e9szetfilmet n\u00e9zt\u00fcnk meg, amely alaphangulatot var\u00e1zsolt a nap tov\u00e1bbi programjaihoz. Ezut\u00e1n idegenvezet\u00e9sben volt r\u00e9sz\u00fcnk, ahol megcsod\u00e1lhattunk k\u00fcl\u00f6nf\u00e9le \u00e1llatokat \u00e9s k\u00f6zelebbr\u0151l is megismert\u00fck a Tiszatavi \u00e9l\u0151vil\u00e1got. \u00c9lm\u00e9nyeinket az Eur\u00f3pa legnagyobb \u00e9desv\u00edzi aquv\u00e1riuma is gazdag\u00edtotta, ahol sokf\u00e9le halfajt\u00e1t ismerhett\u00fcnk meg testk\u00f6zelb\u0151l. A csoport ezut\u00e1n a cs\u00f3nakkik\u00f6t\u0151 fel\u00e9 vette az ir\u00e1nyt, ahol h\u00e1rom kishaj\u00f3 vitt el benn\u00fcnket a k\u00f6zel egy \u00f3r\u00e1s haj\u00f3k\u00e1z\u00e1sra. K\u00f6zben t\u00faravezet\u0151nk magyar\u00e1zata sz\u00ednes\u00edtette az utat. A d\u00e9lut\u00e1n szabadprogramja ut\u00e1n hazafel\u00e9 vett\u00fck az ir\u00e1nyt. Az utaz\u00e1si k\u00f6lts\u00e9geink nagyobb r\u00e9sz\u00e9hez k\u00f6sz\u00f6nj\u00fck az \u00f6nkorm\u00e1nyzat hozz\u00e1j\u00e1rul\u00e1s\u00e1t.<\/p>\n","protected":false},"excerpt":{"rendered":"<p>Tov\u00e1bbi fot\u00f3k\u00e9rt k\u00e9rem kattintson a fenti k\u00e9pre. (Fot\u00f3k: VP.) Kellemes id\u0151j\u00e1r\u00e1ssal kedvezett augusztus v\u00e9gi poroszl\u00f3i kir\u00e1ndul\u00e1sunkhoz a term\u00e9szet. A nap programj\u00e1ban a Tisza-tavi \u00d6kocentrum l\u00e1tnival\u00f3inak megtekint\u00e9se szerepelt, amely Magyarorsz\u00e1g els\u0151, \u0151shonos fajokat bemutat\u00f3 l\u00e1t\u00f3gat\u00f3k\u00f6zpontja. A 45 f\u0151s kir\u00e1ndul\u00f3 csapattal el\u0151sz\u00f6r egy \u00e9rdekes 3D-s term\u00e9szetfilmet n\u00e9zt\u00fcnk meg, amely alaphangulatot var\u00e1zsolt a nap tov\u00e1bbi programjaihoz. Ezut\u00e1n idegenvezet\u00e9sben &hellip; <\/p>\n<p class=\"link-more\"><a href=\"https:\/\/www.kardoskut.hu\/?p=2671\" class=\"more-link\"><span class=\"screen-reader-text\">&#8222;Poroszl\u00f3i kir\u00e1ndul\u00e1s&#8221;<\/span> b\u0151vebben<\/a><\/p>\n","protected":false},"author":1,"featured_media":0,"comment_status":"closed","ping_status":"closed","sticky":false,"template":"","format":"standard","meta":{"footnotes":""},"categories":[35],"tags":[],"class_list":["post-2671","post","type-post","status-publish","format-standard","hentry","category-2018-hirek"],"_links":{"self":[{"href":"https:\/\/www.kardoskut.hu\/index.php?rest_route=\/wp\/v2\/posts\/2671","targetHints":{"allow":["GET"]}}],"collection":[{"href":"https:\/\/www.kardoskut.hu\/index.php?rest_route=\/wp\/v2\/posts"}],"about":[{"href":"https:\/\/www.kardoskut.hu\/index.php?rest_route=\/wp\/v2\/types\/post"}],"author":[{"embeddable":true,"href":"https:\/\/www.kardoskut.hu\/index.php?rest_route=\/wp\/v2\/users\/1"}],"replies":[{"embeddable":true,"href":"https:\/\/www.kardoskut.hu\/index.php?rest_route=%2Fwp%2Fv2%2Fcomments&post=2671"}],"version-history":[{"count":1,"href":"https:\/\/www.kardoskut.hu\/index.php?rest_route=\/wp\/v2\/posts\/2671\/revisions"}],"predecessor-version":[{"id":2673,"href":"https:\/\/www.kardoskut.hu\/index.php?rest_route=\/wp\/v2\/posts\/2671\/revisions\/2673"}],"wp:attachment":[{"href":"https:\/\/www.kardoskut.hu\/index.php?rest_route=%2Fwp%2Fv2%2Fmedia&parent=2671"}],"wp:term":[{"taxonomy":"category","embeddable":true,"href":"https:\/\/www.kardoskut.hu\/index.php?rest_route=%2Fwp%2Fv2%2Fcategories&post=2671"},{"taxonomy":"post_tag","embeddable":true,"href":"https:\/\/www.kardoskut.hu\/index.php?rest_route=%2Fwp%2Fv2%2Ftags&post=2671"}],"curies":[{"name":"wp","href":"https:\/\/api.w.org\/{rel}","templated":true}]}}