{"id":2181,"date":"2017-12-26T09:34:56","date_gmt":"2017-12-26T09:34:56","guid":{"rendered":"http:\/\/www.kardoskut.hu\/?p=2181"},"modified":"2017-12-26T09:35:14","modified_gmt":"2017-12-26T09:35:14","slug":"karacsonyi-betlehem","status":"publish","type":"post","link":"https:\/\/www.kardoskut.hu\/?p=2181","title":{"rendered":"Kar\u00e1csonyi Betlehem"},"content":{"rendered":"<p><a href=\"https:\/\/www.flickr.com\/photos\/kardoskuthu\/albums\/72157688734222022\"><img loading=\"lazy\" decoding=\"async\" class=\"alignnone size-full wp-image-2182\" src=\"http:\/\/www.kardoskut.hu\/wp-content\/uploads\/2017\/12\/IMG_9582.jpg\" alt=\"\" width=\"1154\" height=\"603\" srcset=\"https:\/\/www.kardoskut.hu\/wp-content\/uploads\/2017\/12\/IMG_9582.jpg 1154w, https:\/\/www.kardoskut.hu\/wp-content\/uploads\/2017\/12\/IMG_9582-300x157.jpg 300w, https:\/\/www.kardoskut.hu\/wp-content\/uploads\/2017\/12\/IMG_9582-768x401.jpg 768w, https:\/\/www.kardoskut.hu\/wp-content\/uploads\/2017\/12\/IMG_9582-1024x535.jpg 1024w\" sizes=\"auto, (max-width: 767px) 89vw, (max-width: 1000px) 54vw, (max-width: 1071px) 543px, 580px\" \/><\/a><br \/>\nTov\u00e1bbi fot\u00f3k\u00e9rt k\u00e9rem kattintson a fenti k\u00e9pre. (Fot\u00f3k: VP.)<\/p>\n<p>Kar\u00e1csony els\u0151 napj\u00e1n, a kardosk\u00fati evang\u00e9likus gy\u00fclekezet a gyermekek betlehemes j\u00e1t\u00e9k\u00e1t tekinthette meg az \u00fcnnepi istentisztelet keret\u00e9n bel\u00fcl. Laczki J\u00e1nos lelk\u00e9sz \u00fcnnepi gondolatainak k\u00f6z\u00e9ppontj\u00e1ban a dics\u00e9ret \u00e1llt. A gyermek m\u00e9g ig\u00e9nyli \u00e9s sz\u00fcks\u00e9ges is sz\u00e1m\u00e1ra a meger\u0151s\u00edt\u0151 dics\u00e9ret, de feln\u0151ttk\u00e9nt m\u00e1r az Isten dics\u00e9ret\u00e9nek kell \u00e9let\u00fcnk k\u00f6z\u00e9ppontj\u00e1ban lennie. Kar\u00e1csony \u00fcnnep\u00e9n a k\u00f6z\u00e9nk sz\u00fcletett J\u00e9zus \u00f6r\u00f6me \u00e9s szeretete j\u00e1rja \u00e1t csal\u00e1dokat \u00e9s embert\u00e1rsainkat. Az evang\u00e9likus istentisztelet \u00farvacsor\u00e1val z\u00e1rult. Kar\u00e1csony m\u00e1sodik napj\u00e1n reform\u00e1tus \u00fcnnepi istentiszteletre v\u00e1rj\u00e1k a gy\u00fclekezet tagjait.<\/p>\n","protected":false},"excerpt":{"rendered":"<p>Tov\u00e1bbi fot\u00f3k\u00e9rt k\u00e9rem kattintson a fenti k\u00e9pre. (Fot\u00f3k: VP.) Kar\u00e1csony els\u0151 napj\u00e1n, a kardosk\u00fati evang\u00e9likus gy\u00fclekezet a gyermekek betlehemes j\u00e1t\u00e9k\u00e1t tekinthette meg az \u00fcnnepi istentisztelet keret\u00e9n bel\u00fcl. Laczki J\u00e1nos lelk\u00e9sz \u00fcnnepi gondolatainak k\u00f6z\u00e9ppontj\u00e1ban a dics\u00e9ret \u00e1llt. A gyermek m\u00e9g ig\u00e9nyli \u00e9s sz\u00fcks\u00e9ges is sz\u00e1m\u00e1ra a meger\u0151s\u00edt\u0151 dics\u00e9ret, de feln\u0151ttk\u00e9nt m\u00e1r az Isten dics\u00e9ret\u00e9nek kell \u00e9let\u00fcnk &hellip; <\/p>\n<p class=\"link-more\"><a href=\"https:\/\/www.kardoskut.hu\/?p=2181\" class=\"more-link\"><span class=\"screen-reader-text\">&#8222;Kar\u00e1csonyi Betlehem&#8221;<\/span> b\u0151vebben<\/a><\/p>\n","protected":false},"author":1,"featured_media":0,"comment_status":"closed","ping_status":"closed","sticky":false,"template":"","format":"standard","meta":{"footnotes":""},"categories":[3],"tags":[],"class_list":["post-2181","post","type-post","status-publish","format-standard","hentry","category-3"],"_links":{"self":[{"href":"https:\/\/www.kardoskut.hu\/index.php?rest_route=\/wp\/v2\/posts\/2181","targetHints":{"allow":["GET"]}}],"collection":[{"href":"https:\/\/www.kardoskut.hu\/index.php?rest_route=\/wp\/v2\/posts"}],"about":[{"href":"https:\/\/www.kardoskut.hu\/index.php?rest_route=\/wp\/v2\/types\/post"}],"author":[{"embeddable":true,"href":"https:\/\/www.kardoskut.hu\/index.php?rest_route=\/wp\/v2\/users\/1"}],"replies":[{"embeddable":true,"href":"https:\/\/www.kardoskut.hu\/index.php?rest_route=%2Fwp%2Fv2%2Fcomments&post=2181"}],"version-history":[{"count":1,"href":"https:\/\/www.kardoskut.hu\/index.php?rest_route=\/wp\/v2\/posts\/2181\/revisions"}],"predecessor-version":[{"id":2183,"href":"https:\/\/www.kardoskut.hu\/index.php?rest_route=\/wp\/v2\/posts\/2181\/revisions\/2183"}],"wp:attachment":[{"href":"https:\/\/www.kardoskut.hu\/index.php?rest_route=%2Fwp%2Fv2%2Fmedia&parent=2181"}],"wp:term":[{"taxonomy":"category","embeddable":true,"href":"https:\/\/www.kardoskut.hu\/index.php?rest_route=%2Fwp%2Fv2%2Fcategories&post=2181"},{"taxonomy":"post_tag","embeddable":true,"href":"https:\/\/www.kardoskut.hu\/index.php?rest_route=%2Fwp%2Fv2%2Ftags&post=2181"}],"curies":[{"name":"wp","href":"https:\/\/api.w.org\/{rel}","templated":true}]}}