{"id":2133,"date":"2017-12-16T09:16:31","date_gmt":"2017-12-16T09:16:31","guid":{"rendered":"http:\/\/new.kardoskut.hu\/?p=2133"},"modified":"2017-12-17T19:56:31","modified_gmt":"2017-12-17T19:56:31","slug":"kozossegben-varakozni","status":"publish","type":"post","link":"https:\/\/www.kardoskut.hu\/?p=2133","title":{"rendered":"K\u00f6z\u00f6ss\u00e9gben v\u00e1rakozni"},"content":{"rendered":"<figure id=\"attachment_2134\" aria-describedby=\"caption-attachment-2134\" style=\"width: 864px\" class=\"wp-caption alignnone\"><a href=\"https:\/\/www.flickr.com\/photos\/kardoskuthu\/albums\/72157691089535955\/with\/27316373449\/\"><img loading=\"lazy\" decoding=\"async\" class=\"size-full wp-image-2134\" src=\"http:\/\/new.kardoskut.hu\/wp-content\/uploads\/2017\/12\/27316373449_d5699efe0b_o.jpg\" alt=\"\" width=\"864\" height=\"988\" srcset=\"https:\/\/www.kardoskut.hu\/wp-content\/uploads\/2017\/12\/27316373449_d5699efe0b_o.jpg 864w, https:\/\/www.kardoskut.hu\/wp-content\/uploads\/2017\/12\/27316373449_d5699efe0b_o-262x300.jpg 262w, https:\/\/www.kardoskut.hu\/wp-content\/uploads\/2017\/12\/27316373449_d5699efe0b_o-768x878.jpg 768w\" sizes=\"auto, (max-width: 767px) 89vw, (max-width: 1000px) 54vw, (max-width: 1071px) 543px, 580px\" \/><\/a><figcaption id=\"caption-attachment-2134\" class=\"wp-caption-text\">Tov\u00e1bbi fot\u00f3k\u00e9rt k\u00e9rem kattintson a fenti k\u00e9pre. (Fot\u00f3k: VP.)<\/figcaption><\/figure>\n<p>Az \u00e9v v\u00e9g\u00e9t, az egyh\u00e1zi \u00e9v kezdet\u00e9t jelzi az adventi id\u0151szak. A harmadik gyerty\u00e1t gy\u00fajtottuk meg a h\u00e9tv\u00e9g\u00e9n a k\u00f6zs\u00e9g k\u00fclt\u00e9ri adventi koszor\u00faj\u00e1n Laczki J\u00e1nos lelk\u00e9sz \u00far gondolatai ut\u00e1n. Hagyom\u00e1ny, hogy a kar\u00e1csony el\u0151tti szombaton \u00f6sszej\u00f6nnek a falu lak\u00f3i a m\u0171vel\u0151d\u00e9si h\u00e1zba, most is \u00edgy t\u00f6rt\u00e9nt. M\u0171sorral kedveskedt\u00fcnk egym\u00e1snak \u00e9s a megjelenteknek. \u00d6r\u00f6mmel k\u00e9sz\u00fcltek a gyerekek, az \u00f6nkorm\u00e1nyzat alkalmazottai \u00e9s a nyugd\u00edjasok is versekkel, \u00e9nekekkel. A szeretet jegy\u00e9ben az aj\u00e1nd\u00e9koz\u00e1s sem maradt el: mindenki meglepet\u00e9ssel a kez\u00e9be mehetett haza az \u00fcnneps\u00e9gr\u0151l. K\u00f6sz\u00f6nj\u00fck a bek\u00fcld\u00f6tt \u00e9s elhozott aj\u00e1nd\u00e9kkal telt cip\u0151s dobozokat is, amely a gyerekek sz\u00e1m\u00e1ra k\u00fcl\u00f6n nagy \u00f6r\u00f6m\u00f6t jelentettek. \u00a0Ebben az \u00e9vben is egy gy\u00f6ny\u00f6r\u0171, magas feny\u0151f\u00e1n gy\u00fajthattuk meg k\u00f6z\u00f6sen a csillagsz\u00f3r\u00f3kat a k\u00f6zs\u00e9g kar\u00e1csonyf\u00e1j\u00e1n, k\u00f6sz\u00f6nj\u00fck Horv\u00e1th Erik\u00e1nak \u00e9s csal\u00e1dj\u00e1nak a felaj\u00e1nl\u00e1st. Szenteste el\u0151est\u00e9j\u00e9n, szombaton 16 \u00f3r\u00e1ra szeretettel v\u00e1runk mindenkit a negyedik gyertyagy\u00fajt\u00e1s alkalm\u00e1ra a m\u0171vel\u0151d\u00e9si h\u00e1z el\u00e9.<\/p>\n<p>Ez\u00faton is k\u00f6sz\u00f6nj\u00fck a MOL-nak, hogy kar\u00e1csonyv\u00e1r\u00f3 rendezv\u00e9nyeinkhez &#8211; mint m\u00e1r \u00e9vek \u00f3ta &#8211; anyagi seg\u00edts\u00e9get ny\u00fajtott.<\/p>\n<p><em>VNB<\/em><\/p>\n","protected":false},"excerpt":{"rendered":"<p>Az \u00e9v v\u00e9g\u00e9t, az egyh\u00e1zi \u00e9v kezdet\u00e9t jelzi az adventi id\u0151szak. A harmadik gyerty\u00e1t gy\u00fajtottuk meg a h\u00e9tv\u00e9g\u00e9n a k\u00f6zs\u00e9g k\u00fclt\u00e9ri adventi koszor\u00faj\u00e1n Laczki J\u00e1nos lelk\u00e9sz \u00far gondolatai ut\u00e1n. Hagyom\u00e1ny, hogy a kar\u00e1csony el\u0151tti szombaton \u00f6sszej\u00f6nnek a falu lak\u00f3i a m\u0171vel\u0151d\u00e9si h\u00e1zba, most is \u00edgy t\u00f6rt\u00e9nt. M\u0171sorral kedveskedt\u00fcnk egym\u00e1snak \u00e9s a megjelenteknek. \u00d6r\u00f6mmel k\u00e9sz\u00fcltek a &hellip; <\/p>\n<p class=\"link-more\"><a href=\"https:\/\/www.kardoskut.hu\/?p=2133\" class=\"more-link\"><span class=\"screen-reader-text\">&#8222;K\u00f6z\u00f6ss\u00e9gben v\u00e1rakozni&#8221;<\/span> b\u0151vebben<\/a><\/p>\n","protected":false},"author":1,"featured_media":0,"comment_status":"closed","ping_status":"closed","sticky":false,"template":"","format":"standard","meta":{"footnotes":""},"categories":[3],"tags":[32,34,31,33],"class_list":["post-2133","post","type-post","status-publish","format-standard","hentry","category-3","tag-advent","tag-gyertyagyujtas","tag-karacsony","tag-kardoskut"],"_links":{"self":[{"href":"https:\/\/www.kardoskut.hu\/index.php?rest_route=\/wp\/v2\/posts\/2133","targetHints":{"allow":["GET"]}}],"collection":[{"href":"https:\/\/www.kardoskut.hu\/index.php?rest_route=\/wp\/v2\/posts"}],"about":[{"href":"https:\/\/www.kardoskut.hu\/index.php?rest_route=\/wp\/v2\/types\/post"}],"author":[{"embeddable":true,"href":"https:\/\/www.kardoskut.hu\/index.php?rest_route=\/wp\/v2\/users\/1"}],"replies":[{"embeddable":true,"href":"https:\/\/www.kardoskut.hu\/index.php?rest_route=%2Fwp%2Fv2%2Fcomments&post=2133"}],"version-history":[{"count":5,"href":"https:\/\/www.kardoskut.hu\/index.php?rest_route=\/wp\/v2\/posts\/2133\/revisions"}],"predecessor-version":[{"id":2144,"href":"https:\/\/www.kardoskut.hu\/index.php?rest_route=\/wp\/v2\/posts\/2133\/revisions\/2144"}],"wp:attachment":[{"href":"https:\/\/www.kardoskut.hu\/index.php?rest_route=%2Fwp%2Fv2%2Fmedia&parent=2133"}],"wp:term":[{"taxonomy":"category","embeddable":true,"href":"https:\/\/www.kardoskut.hu\/index.php?rest_route=%2Fwp%2Fv2%2Fcategories&post=2133"},{"taxonomy":"post_tag","embeddable":true,"href":"https:\/\/www.kardoskut.hu\/index.php?rest_route=%2Fwp%2Fv2%2Ftags&post=2133"}],"curies":[{"name":"wp","href":"https:\/\/api.w.org\/{rel}","templated":true}]}}