{"id":1965,"date":"2017-06-07T06:12:58","date_gmt":"2017-06-07T06:12:58","guid":{"rendered":"http:\/\/new.kardoskut.hu\/?p=1965"},"modified":"2017-12-13T06:13:26","modified_gmt":"2017-12-13T06:13:26","slug":"evzaro-es-ballagas","status":"publish","type":"post","link":"https:\/\/www.kardoskut.hu\/?p=1965","title":{"rendered":"\u00c9vz\u00e1r\u00f3 \u00e9s ballag\u00e1s"},"content":{"rendered":"<p><a href=\"https:\/\/www.flickr.com\/photos\/kardoskuthu\/albums\/72157681631750663\"><img decoding=\"async\" src=\"http:\/\/kardoskut.hu\/images\/oviballagas_fo_2017.jpg\" alt=\"\" \/><\/a><br \/>\nTov\u00e1bbi fot\u00f3k\u00e9rt k\u00e9rem kattintson a fenti k\u00e9pre. (Fot\u00f3k: VP)<\/p>\n<p>Esem\u00e9nyekben, tev\u00e9kenys\u00e9gekben gazdag nevel\u00e9si \u00e9vet z\u00e1rtak a kardosk\u00fati \u00f3vod\u00e1sok. Az \u00fcnneps\u00e9gen dalos j\u00e1t\u00e9kokat, r\u00f6vid mes\u00e9t mutattak be a gyerekek a csal\u00e1doknak, megh\u00edvott vend\u00e9geknek. Ezt k\u00f6vet\u0151en elb\u00facs\u00faztattuk az iskol\u00e1ba k\u00e9sz\u00fcl\u0151 nagycsoportosunkat.<br \/>\nAz \u00e9vz\u00e1r\u00f3 m\u0171sor ut\u00e1n j\u00f3l meg\u00e9rdemelt finoms\u00e1gokkal megrakott, \u00fcnnepi ter\u00edt\u00e9s\u0171, d\u00edsz\u00edt\u00e9s\u0171 asztal v\u00e1rta az ovisokat, akik nem titkolt \u00f6r\u00f6mmel l\u00e1ttak neki az elfogyaszt\u00e1suknak.<br \/>\nJ\u00faniust\u00f3l ny\u00e1ri \u00e9letben lesz r\u00e9sze a gyermeknek a k\u00f6zs\u00e9g \u00f3vod\u00e1j\u00e1ban.<br \/>\nP.\u00c9.<\/p>\n","protected":false},"excerpt":{"rendered":"<p>Tov\u00e1bbi fot\u00f3k\u00e9rt k\u00e9rem kattintson a fenti k\u00e9pre. (Fot\u00f3k: VP) Esem\u00e9nyekben, tev\u00e9kenys\u00e9gekben gazdag nevel\u00e9si \u00e9vet z\u00e1rtak a kardosk\u00fati \u00f3vod\u00e1sok. Az \u00fcnneps\u00e9gen dalos j\u00e1t\u00e9kokat, r\u00f6vid mes\u00e9t mutattak be a gyerekek a csal\u00e1doknak, megh\u00edvott vend\u00e9geknek. Ezt k\u00f6vet\u0151en elb\u00facs\u00faztattuk az iskol\u00e1ba k\u00e9sz\u00fcl\u0151 nagycsoportosunkat. Az \u00e9vz\u00e1r\u00f3 m\u0171sor ut\u00e1n j\u00f3l meg\u00e9rdemelt finoms\u00e1gokkal megrakott, \u00fcnnepi ter\u00edt\u00e9s\u0171, d\u00edsz\u00edt\u00e9s\u0171 asztal v\u00e1rta az ovisokat, akik &hellip; <\/p>\n<p class=\"link-more\"><a href=\"https:\/\/www.kardoskut.hu\/?p=1965\" class=\"more-link\"><span class=\"screen-reader-text\">&#8222;\u00c9vz\u00e1r\u00f3 \u00e9s ballag\u00e1s&#8221;<\/span> b\u0151vebben<\/a><\/p>\n","protected":false},"author":1,"featured_media":0,"comment_status":"closed","ping_status":"closed","sticky":false,"template":"","format":"standard","meta":{"footnotes":""},"categories":[3],"tags":[],"class_list":["post-1965","post","type-post","status-publish","format-standard","hentry","category-3"],"_links":{"self":[{"href":"https:\/\/www.kardoskut.hu\/index.php?rest_route=\/wp\/v2\/posts\/1965","targetHints":{"allow":["GET"]}}],"collection":[{"href":"https:\/\/www.kardoskut.hu\/index.php?rest_route=\/wp\/v2\/posts"}],"about":[{"href":"https:\/\/www.kardoskut.hu\/index.php?rest_route=\/wp\/v2\/types\/post"}],"author":[{"embeddable":true,"href":"https:\/\/www.kardoskut.hu\/index.php?rest_route=\/wp\/v2\/users\/1"}],"replies":[{"embeddable":true,"href":"https:\/\/www.kardoskut.hu\/index.php?rest_route=%2Fwp%2Fv2%2Fcomments&post=1965"}],"version-history":[{"count":1,"href":"https:\/\/www.kardoskut.hu\/index.php?rest_route=\/wp\/v2\/posts\/1965\/revisions"}],"predecessor-version":[{"id":1966,"href":"https:\/\/www.kardoskut.hu\/index.php?rest_route=\/wp\/v2\/posts\/1965\/revisions\/1966"}],"wp:attachment":[{"href":"https:\/\/www.kardoskut.hu\/index.php?rest_route=%2Fwp%2Fv2%2Fmedia&parent=1965"}],"wp:term":[{"taxonomy":"category","embeddable":true,"href":"https:\/\/www.kardoskut.hu\/index.php?rest_route=%2Fwp%2Fv2%2Fcategories&post=1965"},{"taxonomy":"post_tag","embeddable":true,"href":"https:\/\/www.kardoskut.hu\/index.php?rest_route=%2Fwp%2Fv2%2Ftags&post=1965"}],"curies":[{"name":"wp","href":"https:\/\/api.w.org\/{rel}","templated":true}]}}