{"id":1958,"date":"2017-05-30T06:11:05","date_gmt":"2017-05-30T06:11:05","guid":{"rendered":"http:\/\/new.kardoskut.hu\/?p=1958"},"modified":"2017-12-13T06:11:31","modified_gmt":"2017-12-13T06:11:31","slug":"csaladi-nap-martelyon","status":"publish","type":"post","link":"https:\/\/www.kardoskut.hu\/?p=1958","title":{"rendered":"Csal\u00e1di nap M\u00e1rt\u00e9lyon"},"content":{"rendered":"<div id=\"articlepxfontsize1\"><a href=\"https:\/\/www.flickr.com\/photos\/kardoskuthu\/albums\/72157681565875282\"><img decoding=\"async\" src=\"http:\/\/kardoskut.hu\/images\/IMG_3778.JPG\" alt=\"\" \/><\/a><br \/>\nTov\u00e1bbi fot\u00f3k\u00e9rt k\u00e9rem kattintson a fenti k\u00e9pre (Fot\u00f3k: VP.)<\/p>\n<p>H\u00e1rom az egyben programban volt r\u00e9sze az \u00f3vod\u00e1soknak. Tanulm\u00e1nyi t\u00far\u00e1n, M\u00e1rt\u00e9lyon figyelhett\u00e9k meg a Tisza egyik holt\u00e1g\u00e1nak \u00e9l\u0151vil\u00e1g\u00e1t, term\u00e9szeti sz\u00e9ps\u00e9geit, v\u00e9gig j\u00e1rva egy izgalmas tan\u00f6sv\u00e9nyt. Ugyanitt gyermeknap alkalm\u00e1b\u00f3l kalandparkban pr\u00f3b\u00e1lhatt\u00e1k ki \u00fcgyess\u00e9g\u00fcket, b\u00e1tors\u00e1gukat. Mialatt a gyerekek t\u00far\u00e1ztak, kalandoztak, addig v\u00e1llalkoz\u00f3 kedv\u0171 sz\u00fcl\u0151k f\u0151zt\u00e9k bogr\u00e1csban a finom eb\u00e9det, a csal\u00e1di napra. A finom \u00e9telt\u0151l, s\u00fctem\u00e9nyekt\u0151l elteve folytak a j\u00f3kedv\u0171 besz\u00e9lget\u00e9sek, k\u00f6z\u00f6s j\u00e1t\u00e9k.<br \/>\n<em>Pat\u00f3cs \u00c9va<\/em><\/div>\n","protected":false},"excerpt":{"rendered":"<p>Tov\u00e1bbi fot\u00f3k\u00e9rt k\u00e9rem kattintson a fenti k\u00e9pre (Fot\u00f3k: VP.) H\u00e1rom az egyben programban volt r\u00e9sze az \u00f3vod\u00e1soknak. Tanulm\u00e1nyi t\u00far\u00e1n, M\u00e1rt\u00e9lyon figyelhett\u00e9k meg a Tisza egyik holt\u00e1g\u00e1nak \u00e9l\u0151vil\u00e1g\u00e1t, term\u00e9szeti sz\u00e9ps\u00e9geit, v\u00e9gig j\u00e1rva egy izgalmas tan\u00f6sv\u00e9nyt. Ugyanitt gyermeknap alkalm\u00e1b\u00f3l kalandparkban pr\u00f3b\u00e1lhatt\u00e1k ki \u00fcgyess\u00e9g\u00fcket, b\u00e1tors\u00e1gukat. Mialatt a gyerekek t\u00far\u00e1ztak, kalandoztak, addig v\u00e1llalkoz\u00f3 kedv\u0171 sz\u00fcl\u0151k f\u0151zt\u00e9k bogr\u00e1csban a finom &hellip; <\/p>\n<p class=\"link-more\"><a href=\"https:\/\/www.kardoskut.hu\/?p=1958\" class=\"more-link\"><span class=\"screen-reader-text\">&#8222;Csal\u00e1di nap M\u00e1rt\u00e9lyon&#8221;<\/span> b\u0151vebben<\/a><\/p>\n","protected":false},"author":1,"featured_media":0,"comment_status":"closed","ping_status":"closed","sticky":false,"template":"","format":"standard","meta":{"footnotes":""},"categories":[3],"tags":[],"class_list":["post-1958","post","type-post","status-publish","format-standard","hentry","category-3"],"_links":{"self":[{"href":"https:\/\/www.kardoskut.hu\/index.php?rest_route=\/wp\/v2\/posts\/1958","targetHints":{"allow":["GET"]}}],"collection":[{"href":"https:\/\/www.kardoskut.hu\/index.php?rest_route=\/wp\/v2\/posts"}],"about":[{"href":"https:\/\/www.kardoskut.hu\/index.php?rest_route=\/wp\/v2\/types\/post"}],"author":[{"embeddable":true,"href":"https:\/\/www.kardoskut.hu\/index.php?rest_route=\/wp\/v2\/users\/1"}],"replies":[{"embeddable":true,"href":"https:\/\/www.kardoskut.hu\/index.php?rest_route=%2Fwp%2Fv2%2Fcomments&post=1958"}],"version-history":[{"count":1,"href":"https:\/\/www.kardoskut.hu\/index.php?rest_route=\/wp\/v2\/posts\/1958\/revisions"}],"predecessor-version":[{"id":1959,"href":"https:\/\/www.kardoskut.hu\/index.php?rest_route=\/wp\/v2\/posts\/1958\/revisions\/1959"}],"wp:attachment":[{"href":"https:\/\/www.kardoskut.hu\/index.php?rest_route=%2Fwp%2Fv2%2Fmedia&parent=1958"}],"wp:term":[{"taxonomy":"category","embeddable":true,"href":"https:\/\/www.kardoskut.hu\/index.php?rest_route=%2Fwp%2Fv2%2Fcategories&post=1958"},{"taxonomy":"post_tag","embeddable":true,"href":"https:\/\/www.kardoskut.hu\/index.php?rest_route=%2Fwp%2Fv2%2Ftags&post=1958"}],"curies":[{"name":"wp","href":"https:\/\/api.w.org\/{rel}","templated":true}]}}