{"id":1905,"date":"2017-02-04T05:32:32","date_gmt":"2017-02-04T05:32:32","guid":{"rendered":"http:\/\/new.kardoskut.hu\/?p=1905"},"modified":"2017-12-13T05:33:09","modified_gmt":"2017-12-13T05:33:09","slug":"papai-attila-elmenybeszamoloja","status":"publish","type":"post","link":"https:\/\/www.kardoskut.hu\/?p=1905","title":{"rendered":"P\u00e1pai Attila \u00e9lm\u00e9nybesz\u00e1mol\u00f3ja"},"content":{"rendered":"<div id=\"articlepxfontsize1\"><a href=\"https:\/\/www.flickr.com\/photos\/kardoskuthu\/albums\/72157676456249683\"><img decoding=\"async\" src=\"http:\/\/kardoskut.hu\/images\/el_camino.jpg\" alt=\"\" \/><\/a><br \/>\nTov\u00e1bbi fot\u00f3k\u00e9rt k\u00e9rem kattintson a fenti k\u00e9pre. (Fot\u00f3k: VP.)<\/p>\n<p>Egy t\u0171t sem lehetett volna leejteni a kardosk\u00fati k\u00f6t\u0151d\u00e9s\u0171 fiatal lelk\u00e9sz \u00e9lm\u00e9nybesz\u00e1mol\u00f3j\u00e1n, annyi k\u00edv\u00e1ncsi \u00e9rdekl\u0151d\u0151 j\u00f6tt el a m\u0171vel\u0151d\u00e9si h\u00e1z klubterm\u00e9be. A spanyolorsz\u00e1gi zar\u00e1ndok\u00fat v\u00e9gc\u00e9lja meg\u00e9rkezni Santiago de Compostela-ba, \u00e1m ez az \u00fat \u00e9vsz\u00e1zadok \u00f3ta minden zar\u00e1ndok sz\u00e1m\u00e1ra m\u00e1st \u00e9s m\u00e1st rejteget. Attila el\u00e1rulta, hogy 2009-ben, teol\u00f3gus hallgat\u00f3k\u00e9nt, csup\u00e1n a kalandv\u00e1gy hajtotta az El Camino fel\u00e9. A megtett \u00fatra visszagondolva elmondta, hogy ez a kalandv\u00e1gy \u00e1talakult az \u00fat sor\u00e1n. Az err\u0151l k\u00e9sz\u00fclt fot\u00f3k \u00e9s a percek csak \u00fagy peregtek a klubterem falai k\u00f6z\u00f6tt, mik\u00f6zben \u00e9szrev\u00e9tlen\u00fcl a sz\u00e9ksorokban \u00fclve azon gondolkoztunk, hogy mern\u00e9nk-e v\u00e1llalkozni egy ekkora gyalogos \u00fatra. K\u00f6z\u00f6tt\u00fcnk bizony \u00fcltek olyanok, akik komolyan foglalkoznak ezzel a gondolattal. \u00c9rdekes volt hallani, hogy el\u0151ad\u00f3nk &#8211; amint megl\u00e1tta a Santiago de Compostela helys\u00e9gt\u00e1bl\u00e1t -, szinte szaladni kezdett, s a meg\u00e9lt pillanatnyi hatalmas \u00f6r\u00f6m hamarosan hi\u00e1ny\u00e9rzett\u00e9 v\u00e1ltozott sz\u00edv\u00e9ben, hiszen v\u00e9geszakadt valaminek, ami \u00e9ltette az elm\u00falt 30 nap alatt. A fiatalembernek volt alkalma emberi sorsokat is megismerni, s m\u00e1ig \u00f6r\u00f6mmel gondol vissza mindazokra, akikkel ismerets\u00e9get k\u00f6t\u00f6tt. V\u00e9gezet\u00fcl a j\u00f3 h\u00edr: kort\u00f3l, nemt\u0151l f\u00fcggetlen\u00fcl mindenkinek aj\u00e1nlotta az elvonul\u00e1st \u00e9s a csendet, hogy bizonyos \u00e9lethelyzeteinkben rendbe tehess\u00fck Isten seg\u00edts\u00e9g\u00e9vel \u00e9let\u00fcnket. Az m\u00e1r m\u00e1s k\u00e9rd\u00e9s, hogy a v\u00e1s\u00e1rhelyi puszt\u00e1n j\u00e1rva vagy \u00e9ppens\u00e9ggel a f\u00e9s\u0171kagyl\u00f3 jelz\u00e9s\u00e9t k\u00f6vetve tessz\u00fck mindezt.<\/p>\n<p><em>A b\u0151vebb cikket a Kardosk\u00fati H\u00edrmond\u00f3 k\u00f6vetkez\u0151 sz\u00e1m\u00e1ban olvashatj\u00e1k.<\/em><\/div>\n","protected":false},"excerpt":{"rendered":"<p>Tov\u00e1bbi fot\u00f3k\u00e9rt k\u00e9rem kattintson a fenti k\u00e9pre. (Fot\u00f3k: VP.) Egy t\u0171t sem lehetett volna leejteni a kardosk\u00fati k\u00f6t\u0151d\u00e9s\u0171 fiatal lelk\u00e9sz \u00e9lm\u00e9nybesz\u00e1mol\u00f3j\u00e1n, annyi k\u00edv\u00e1ncsi \u00e9rdekl\u0151d\u0151 j\u00f6tt el a m\u0171vel\u0151d\u00e9si h\u00e1z klubterm\u00e9be. A spanyolorsz\u00e1gi zar\u00e1ndok\u00fat v\u00e9gc\u00e9lja meg\u00e9rkezni Santiago de Compostela-ba, \u00e1m ez az \u00fat \u00e9vsz\u00e1zadok \u00f3ta minden zar\u00e1ndok sz\u00e1m\u00e1ra m\u00e1st \u00e9s m\u00e1st rejteget. Attila el\u00e1rulta, hogy 2009-ben, &hellip; <\/p>\n<p class=\"link-more\"><a href=\"https:\/\/www.kardoskut.hu\/?p=1905\" class=\"more-link\"><span class=\"screen-reader-text\">&#8222;P\u00e1pai Attila \u00e9lm\u00e9nybesz\u00e1mol\u00f3ja&#8221;<\/span> b\u0151vebben<\/a><\/p>\n","protected":false},"author":1,"featured_media":0,"comment_status":"closed","ping_status":"closed","sticky":false,"template":"","format":"standard","meta":{"footnotes":""},"categories":[3],"tags":[],"class_list":["post-1905","post","type-post","status-publish","format-standard","hentry","category-3"],"_links":{"self":[{"href":"https:\/\/www.kardoskut.hu\/index.php?rest_route=\/wp\/v2\/posts\/1905","targetHints":{"allow":["GET"]}}],"collection":[{"href":"https:\/\/www.kardoskut.hu\/index.php?rest_route=\/wp\/v2\/posts"}],"about":[{"href":"https:\/\/www.kardoskut.hu\/index.php?rest_route=\/wp\/v2\/types\/post"}],"author":[{"embeddable":true,"href":"https:\/\/www.kardoskut.hu\/index.php?rest_route=\/wp\/v2\/users\/1"}],"replies":[{"embeddable":true,"href":"https:\/\/www.kardoskut.hu\/index.php?rest_route=%2Fwp%2Fv2%2Fcomments&post=1905"}],"version-history":[{"count":2,"href":"https:\/\/www.kardoskut.hu\/index.php?rest_route=\/wp\/v2\/posts\/1905\/revisions"}],"predecessor-version":[{"id":1907,"href":"https:\/\/www.kardoskut.hu\/index.php?rest_route=\/wp\/v2\/posts\/1905\/revisions\/1907"}],"wp:attachment":[{"href":"https:\/\/www.kardoskut.hu\/index.php?rest_route=%2Fwp%2Fv2%2Fmedia&parent=1905"}],"wp:term":[{"taxonomy":"category","embeddable":true,"href":"https:\/\/www.kardoskut.hu\/index.php?rest_route=%2Fwp%2Fv2%2Fcategories&post=1905"},{"taxonomy":"post_tag","embeddable":true,"href":"https:\/\/www.kardoskut.hu\/index.php?rest_route=%2Fwp%2Fv2%2Ftags&post=1905"}],"curies":[{"name":"wp","href":"https:\/\/api.w.org\/{rel}","templated":true}]}}