{"id":1880,"date":"2011-12-21T10:16:56","date_gmt":"2011-12-21T10:16:56","guid":{"rendered":"http:\/\/new.kardoskut.hu\/?p=1880"},"modified":"2017-12-01T10:20:29","modified_gmt":"2017-12-01T10:20:29","slug":"meleg-etel-meleg-szivvel","status":"publish","type":"post","link":"https:\/\/www.kardoskut.hu\/?p=1880","title":{"rendered":"Meleg \u00e9tel, meleg sz\u00edvvel"},"content":{"rendered":"<div id=\"articlepxfontsize1\">\n<p><a href=\"https:\/\/www.flickr.com\/photos\/kardoskuthu\/albums\/72157659382306176\"><img loading=\"lazy\" decoding=\"async\" src=\"http:\/\/kardoskut.hu\/images\/stories\/karacsonyi_etelosztas_2011_12_21-0011.jpg\" alt=\"karacsonyi_etelosztas_2011_12_21-0011\" width=\"550\" height=\"413\" \/><\/a><br \/>\nTov\u00e1bbi fot\u00f3k\u00e9rt kattintson a k\u00e9pre.<\/p>\n<p>Kar\u00e1csony el\u0151tt ism\u00e9t helyben f\u0151z\u00f6tt guly\u00e1slevessel tudtunk \u00f6r\u00f6met szerezni a telep\u00fcl\u00e9sen \u00e9l\u0151 id\u0151s vagy t\u00f6bbgyermekes, munkan\u00e9lk\u00fcli vagy \u00e9ppen egyed\u00fcl \u00e9l\u0151 embereknek. V\u00e1llalkoz\u00f3k \u00e9s mag\u00e1nemberek j\u00f3 sz\u00edvvel az els\u0151 megkeres\u00e9sre a j\u00f3 \u00fcgy mell\u00e9 \u00e1lltak \u00e9s \u00edgy 350 adag meleg \u00e9tel ker\u00fclhetett az asztalokra. Belter\u00fcleten a m\u0171vel\u0151d\u00e9si h\u00e1zban volt az oszt\u00e1s. Az \u00e1llami gazdas\u00e1gba \u00e9s Pusztak\u00f6zpontra a tanyagondnoki kisbusz sz\u00e1ll\u00edtotta ki az \u00e9telt. Az Olvas\u00f3k\u00f6rben az iskol\u00e1sok betlehemi m\u0171sorral kedveskedtek a megjelenteknek. Az id\u00e9n a messzebb \u00e9l\u0151 tanyasi emberekhez is eljuttattuk a t\u00e1l meleg \u00e9telt a kisbusznak k\u00f6sz\u00f6nhet\u0151en.<\/p>\n<div><\/div>\n<div><\/div>\n<p><em>A \u201eKar\u00e1csonyi \u00e9teloszt\u00e1s\u201d t\u00e1mogat\u00f3i \u00e9s seg\u00edt\u0151i voltak:<\/em><\/p>\n<div><\/div>\n<p><em>Feh\u00e9rt\u00f3 \u00c9tterem, G\u00e1l Gumiszerv\u00edz, Kardosk\u00fat K\u00f6zs\u00e9g \u00d6nkorm\u00e1nyzata, Kardosk\u00fati Zrt., Nagy Utaz\u00e1si Iroda, M\u00f3rocz Lajos, Neller Borb\u00e1la, Ramasz Imre \u00e9s csal\u00e1dja, S-Copy \u00fczlet, Szab\u00f3 \u00e9s T\u00e1rsa Bt., T\u00f6r\u00f6k Attila, Varga P\u00e1l \u00e9s Veraszt\u00f3 J\u00f3zsef<\/em><\/p>\n<\/div>\n","protected":false},"excerpt":{"rendered":"<p>Tov\u00e1bbi fot\u00f3k\u00e9rt kattintson a k\u00e9pre. Kar\u00e1csony el\u0151tt ism\u00e9t helyben f\u0151z\u00f6tt guly\u00e1slevessel tudtunk \u00f6r\u00f6met szerezni a telep\u00fcl\u00e9sen \u00e9l\u0151 id\u0151s vagy t\u00f6bbgyermekes, munkan\u00e9lk\u00fcli vagy \u00e9ppen egyed\u00fcl \u00e9l\u0151 embereknek. V\u00e1llalkoz\u00f3k \u00e9s mag\u00e1nemberek j\u00f3 sz\u00edvvel az els\u0151 megkeres\u00e9sre a j\u00f3 \u00fcgy mell\u00e9 \u00e1lltak \u00e9s \u00edgy 350 adag meleg \u00e9tel ker\u00fclhetett az asztalokra. Belter\u00fcleten a m\u0171vel\u0151d\u00e9si h\u00e1zban volt az oszt\u00e1s. &hellip; <\/p>\n<p class=\"link-more\"><a href=\"https:\/\/www.kardoskut.hu\/?p=1880\" class=\"more-link\"><span class=\"screen-reader-text\">&#8222;Meleg \u00e9tel, meleg sz\u00edvvel&#8221;<\/span> b\u0151vebben<\/a><\/p>\n","protected":false},"author":1,"featured_media":0,"comment_status":"closed","ping_status":"closed","sticky":false,"template":"","format":"standard","meta":{"footnotes":""},"categories":[13],"tags":[],"class_list":["post-1880","post","type-post","status-publish","format-standard","hentry","category-13"],"_links":{"self":[{"href":"https:\/\/www.kardoskut.hu\/index.php?rest_route=\/wp\/v2\/posts\/1880","targetHints":{"allow":["GET"]}}],"collection":[{"href":"https:\/\/www.kardoskut.hu\/index.php?rest_route=\/wp\/v2\/posts"}],"about":[{"href":"https:\/\/www.kardoskut.hu\/index.php?rest_route=\/wp\/v2\/types\/post"}],"author":[{"embeddable":true,"href":"https:\/\/www.kardoskut.hu\/index.php?rest_route=\/wp\/v2\/users\/1"}],"replies":[{"embeddable":true,"href":"https:\/\/www.kardoskut.hu\/index.php?rest_route=%2Fwp%2Fv2%2Fcomments&post=1880"}],"version-history":[{"count":1,"href":"https:\/\/www.kardoskut.hu\/index.php?rest_route=\/wp\/v2\/posts\/1880\/revisions"}],"predecessor-version":[{"id":1881,"href":"https:\/\/www.kardoskut.hu\/index.php?rest_route=\/wp\/v2\/posts\/1880\/revisions\/1881"}],"wp:attachment":[{"href":"https:\/\/www.kardoskut.hu\/index.php?rest_route=%2Fwp%2Fv2%2Fmedia&parent=1880"}],"wp:term":[{"taxonomy":"category","embeddable":true,"href":"https:\/\/www.kardoskut.hu\/index.php?rest_route=%2Fwp%2Fv2%2Fcategories&post=1880"},{"taxonomy":"post_tag","embeddable":true,"href":"https:\/\/www.kardoskut.hu\/index.php?rest_route=%2Fwp%2Fv2%2Ftags&post=1880"}],"curies":[{"name":"wp","href":"https:\/\/api.w.org\/{rel}","templated":true}]}}