{"id":1829,"date":"2011-09-03T09:32:40","date_gmt":"2011-09-03T09:32:40","guid":{"rendered":"http:\/\/new.kardoskut.hu\/?p=1829"},"modified":"2017-12-01T09:33:32","modified_gmt":"2017-12-01T09:33:32","slug":"nyugdijasait-koszontotte-a-zrt","status":"publish","type":"post","link":"https:\/\/www.kardoskut.hu\/?p=1829","title":{"rendered":"Nyugd\u00edjasait k\u00f6sz\u00f6nt\u00f6tte a ZRT."},"content":{"rendered":"<p><a href=\"https:\/\/www.flickr.com\/photos\/kardoskuthu\/albums\/72157659024026499\"><img loading=\"lazy\" decoding=\"async\" src=\"http:\/\/kardoskut.hu\/images\/stories\/zrt_nyugdijas_nap_2011_09_03-55.jpg\" alt=\"zrt_nyugdijas_nap_2011_09_03-55\" width=\"550\" height=\"413\" \/><\/a><br \/>\n<em>Tov\u00e1bbi fot\u00f3k\u00e9rt k\u00e9rem kattintson a k\u00e9pre. (Fot\u00f3k: Varga P\u00e1l)<\/em><\/p>\n<p>T\u00f6bb mint egy \u00e9vtizede hagyom\u00e1ny m\u00e1r, hogy szeptemberben k\u00f6sz\u00f6nti nyugd\u00edjasait a n\u00f6v\u00e9nytermeszt\u00e9ssel \u00e9s \u00e1llatteny\u00e9szt\u00e9ssel foglalkoz\u00f3 Kardosk\u00fati Zrt. Csete Zolt\u00e1n eln\u00f6k- igazgat\u00f3 k\u00f6sz\u00f6nt\u00f6tte a volt dolgoz\u00f3kat, vend\u00e9geket. Besz\u00e1molt arr\u00f3l, hogy az elm\u00falt \u00e9v alatt kik l\u00e9ptek be a nyugd\u00edjasok t\u00e1bor\u00e1ba, illetve kikt\u0151l kellett b\u00facs\u00fat venni hal\u00e1luk miatt. Az egyperces n\u00e9ma megeml\u00e9kez\u00e9st k\u00f6vet\u0151en Mucsi P\u00e9ter sz\u00e1molt be az \u00e1llattart\u00e1s elm\u00falt \u00e9vi eredm\u00e9nyeir\u0151l, fejleszt\u00e9seir\u0151l. Dobr\u00f3ka Szil\u00e1rd a n\u00f6v\u00e9nytermeszt\u00e9si \u00e1gazat elm\u00falt \u00e9v\u00e9r\u0151l \u00e9s az idei tervekr\u0151l sz\u00e1molt be. Az ismertet\u0151kb\u0151l egy\u00e9rtelm\u0171en kider\u00fclt, hogy a neh\u00e9z gazdas\u00e1gi helyzet \u00e9s a kedvez\u0151tlen id\u0151j\u00e1r\u00e1s ellen\u00e9re is pozit\u00edv mutat\u00f3kban lehet rem\u00e9nykedni az \u00e9v v\u00e9g\u00e9re. Az elm\u00falt k\u00e9t \u00e9v alatt t\u00f6bb, mint 200 milli\u00f3s beruh\u00e1z\u00e1s t\u00f6rt\u00e9nt a Zrt. \u00e9let\u00e9ben. Az egyik legnagyobb beruh\u00e1z\u00e1st &#8211; a sz\u00e1r\u00edt\u00f3t &#8211; a jelenl\u00e9v\u0151k testk\u00f6zelb\u0151l is megn\u00e9zhett\u00e9k, hiszen a Zrt. busszal sz\u00e1ll\u00edtotta ki a helysz\u00ednre az \u00e9rdekl\u0151d\u0151ket. A sz\u00e1r\u00edt\u00f3ban \u00e9ppen a napraforg\u00f3 feldolgoz\u00e1sa zajlott. A terepszeml\u00e9t k\u00f6vet\u0151en visszaindult a busz a m\u0171vel\u0151d\u00e9si h\u00e1zba, ahol ter\u00edtett asztalok v\u00e1rt\u00e1k a nyugd\u00edjasokat. A Zrt. ty\u00fakh\u00faslevessel, marha- \u00e9s birkap\u00f6rk\u00f6lttel k\u00f6sz\u00f6nt\u00f6tte volt dolgoz\u00f3it.<\/p>\n","protected":false},"excerpt":{"rendered":"<p>Tov\u00e1bbi fot\u00f3k\u00e9rt k\u00e9rem kattintson a k\u00e9pre. (Fot\u00f3k: Varga P\u00e1l) T\u00f6bb mint egy \u00e9vtizede hagyom\u00e1ny m\u00e1r, hogy szeptemberben k\u00f6sz\u00f6nti nyugd\u00edjasait a n\u00f6v\u00e9nytermeszt\u00e9ssel \u00e9s \u00e1llatteny\u00e9szt\u00e9ssel foglalkoz\u00f3 Kardosk\u00fati Zrt. Csete Zolt\u00e1n eln\u00f6k- igazgat\u00f3 k\u00f6sz\u00f6nt\u00f6tte a volt dolgoz\u00f3kat, vend\u00e9geket. Besz\u00e1molt arr\u00f3l, hogy az elm\u00falt \u00e9v alatt kik l\u00e9ptek be a nyugd\u00edjasok t\u00e1bor\u00e1ba, illetve kikt\u0151l kellett b\u00facs\u00fat venni hal\u00e1luk miatt. &hellip; <\/p>\n<p class=\"link-more\"><a href=\"https:\/\/www.kardoskut.hu\/?p=1829\" class=\"more-link\"><span class=\"screen-reader-text\">&#8222;Nyugd\u00edjasait k\u00f6sz\u00f6nt\u00f6tte a ZRT.&#8221;<\/span> b\u0151vebben<\/a><\/p>\n","protected":false},"author":1,"featured_media":0,"comment_status":"closed","ping_status":"closed","sticky":false,"template":"","format":"standard","meta":{"footnotes":""},"categories":[13],"tags":[],"class_list":["post-1829","post","type-post","status-publish","format-standard","hentry","category-13"],"_links":{"self":[{"href":"https:\/\/www.kardoskut.hu\/index.php?rest_route=\/wp\/v2\/posts\/1829","targetHints":{"allow":["GET"]}}],"collection":[{"href":"https:\/\/www.kardoskut.hu\/index.php?rest_route=\/wp\/v2\/posts"}],"about":[{"href":"https:\/\/www.kardoskut.hu\/index.php?rest_route=\/wp\/v2\/types\/post"}],"author":[{"embeddable":true,"href":"https:\/\/www.kardoskut.hu\/index.php?rest_route=\/wp\/v2\/users\/1"}],"replies":[{"embeddable":true,"href":"https:\/\/www.kardoskut.hu\/index.php?rest_route=%2Fwp%2Fv2%2Fcomments&post=1829"}],"version-history":[{"count":1,"href":"https:\/\/www.kardoskut.hu\/index.php?rest_route=\/wp\/v2\/posts\/1829\/revisions"}],"predecessor-version":[{"id":1830,"href":"https:\/\/www.kardoskut.hu\/index.php?rest_route=\/wp\/v2\/posts\/1829\/revisions\/1830"}],"wp:attachment":[{"href":"https:\/\/www.kardoskut.hu\/index.php?rest_route=%2Fwp%2Fv2%2Fmedia&parent=1829"}],"wp:term":[{"taxonomy":"category","embeddable":true,"href":"https:\/\/www.kardoskut.hu\/index.php?rest_route=%2Fwp%2Fv2%2Fcategories&post=1829"},{"taxonomy":"post_tag","embeddable":true,"href":"https:\/\/www.kardoskut.hu\/index.php?rest_route=%2Fwp%2Fv2%2Ftags&post=1829"}],"curies":[{"name":"wp","href":"https:\/\/api.w.org\/{rel}","templated":true}]}}