{"id":1819,"date":"2011-09-01T09:24:18","date_gmt":"2011-09-01T09:24:18","guid":{"rendered":"http:\/\/new.kardoskut.hu\/?p=1819"},"modified":"2017-12-01T09:25:22","modified_gmt":"2017-12-01T09:25:22","slug":"ovodasok-nyari-jatszohaza","status":"publish","type":"post","link":"https:\/\/www.kardoskut.hu\/?p=1819","title":{"rendered":"\u00d3vod\u00e1sok ny\u00e1ri j\u00e1tsz\u00f3h\u00e1za"},"content":{"rendered":"<p><a href=\"http:\/\/new.kardoskut.hu\/wp-content\/uploads\/2017\/12\/nyaritabor_1.jpg\"><img loading=\"lazy\" decoding=\"async\" class=\"alignnone size-full wp-image-1820\" src=\"http:\/\/new.kardoskut.hu\/wp-content\/uploads\/2017\/12\/nyaritabor_1.jpg\" alt=\"\" width=\"480\" height=\"640\" srcset=\"https:\/\/www.kardoskut.hu\/wp-content\/uploads\/2017\/12\/nyaritabor_1.jpg 480w, https:\/\/www.kardoskut.hu\/wp-content\/uploads\/2017\/12\/nyaritabor_1-225x300.jpg 225w\" sizes=\"auto, (max-width: 480px) 100vw, 480px\" \/><\/a><\/p>\n<p>A tavalyi \u00e9vhez hasonl\u00f3an az id\u00e9n is megszervezte a sz\u00fcl\u0151k \u00f3vodai szervezete a kardosk\u00fati \u00f3vod\u00e1sok ny\u00e1ri j\u00e1tsz\u00f3h\u00e1z\u00e1t, amely augusztus 23-\u00e1n sz\u00e9p ver\u0151f\u00e9nyes ny\u00e1ri napon nyitotta meg kapuit a m\u0171vel\u0151d\u00e9si h\u00e1z nagyterm\u00e9ben. A j\u00e1tsz\u00f3h\u00e1zat Torda \u00c1gi \u00f3v\u00f3n\u0151 \u00e9s l\u00e1nya, Aliz rendezte be saj\u00e1t j\u00e1t\u00e9kaikkal, \u00e9s fel\u00fcgyelte azt. Nagy z\u00f6ld sz\u0151nyegen, csodasz\u00e9p kis j\u00e1t\u00e9kbirodalmat var\u00e1zsoltak el\u0151. A kis \u00f3vod\u00e1sok t\u00e1gra ny\u00edlt, boldog szemekkel \u00e9s hatalmas nagy mosollyal jutalmazt\u00e1k \u0151ket. A gyerekek ki\u00e9lvezhett\u00e9k az \u00f6nfeledt j\u00e1tsz\u00e1s \u00f6r\u00f6m\u00e9t, hiszen nem volt semmi k\u00f6telez\u0151, mindenki azzal j\u00e1tszott, amihez kedve volt.\u00a0 Akadt olyan, aki a nagy herny\u00f3t lovagolta meg, m\u00edg a m\u00e1sok \u00e9ppen \u00e1tb\u00fajtak benne. A kisaut\u00f3 is nagy sikert aratott, zs\u00fafol\u00e1sig tele volt a labd\u00e1s medence, a kis h\u00e1zik\u00f3 ajtaja, ablaka ki-be csuk\u00f3dott, az egyens\u00falyoz\u00f3 t\u00f6lcs\u00e9r meg\u00e1ll\u00e1s n\u00e9lk\u00fcl p\u00f6rg\u00f6tt, a p\u00f3ni folyton ugr\u00e1lt, a trambulin is mozg\u00e1sban volt. A kis labd\u00e1knak nem csak a medenc\u00e9ben, hanem c\u00e9lba dob\u00f3 versenyen is nagy hasznuk volt.\u00a0 Az \u00fcgyess\u00e9gi j\u00e1t\u00e9kok megmozgatt\u00e1k az apr\u00f3 kicsi kezeket. Ami a legjobb m\u00f3ka, hogy egy\u00fctt voltak az ovis t\u00e1rsakkal, ott megismerkedhettek az \u00faj \u00f3vod\u00e1sokkal is \u00e9s m\u00e9g utolj\u00e1ra egy\u00fctt j\u00e1tszottak egy nagyot az id\u00e9n elballagott gyerekekkel.<br \/>\nAz els\u0151 k\u00e9t nap egy-egy f\u00e9l\u00f3r\u00e1ra kimentek a szabad leveg\u0151re a helyi j\u00e1tsz\u00f3t\u00e9r j\u00e1t\u00e9kait is megmozgatni. A j\u00e1tsz\u00f3h\u00e1z 8-12 \u00f3r\u00e1ig m\u0171k\u00f6d\u00f6tt h\u00e1tom napig, szinte teljes l\u00e9tsz\u00e1mmal, az els\u0151 nap 14, az azt k\u00f6vet\u0151 napokban 18 kis \u00f3vod\u00e1s l\u00e1togatta. Az utols\u00f3 nap v\u00e9g\u00e9n nem sok dolga volt \u00c1gi n\u00e9ni\u00e9knek, hiszen a sok kis \u00f3vod\u00e1s nagy \u00f6r\u00f6mmel seg\u00edtett a nagy j\u00e1t\u00e9kok elk\u00f6lt\u00f6ztet\u00e9s\u00e9ben, hogy \u00e1tadj\u00e1k a helyet az igen mozgalmas m\u0171vel\u0151d\u00e9si h\u00e1z k\u00f6vetkez\u0151 rendezv\u00e9ny\u00e9nek. \u00d3vodakezd\u00e9s el\u0151tt a h\u00e1rom nap alatt \u00f6sszekov\u00e1csol\u00f3dott, egy\u00fctt j\u00e1tszott a kis csapat. Hamarosan \u00fajra tal\u00e1lkoznak, hiszen augusztus 29-\u00e9n az \u00f3voda is megnyitja a kapuit.<\/p>\n<p>K\u00f6sz\u00f6nj\u00fck a K\u00e9pvisel\u0151-test\u00fcletnek \u00e9s a m\u0171vel\u0151d\u00e9si h\u00e1z igazgat\u00f3j\u00e1nak, hogy t\u00e1mogatt\u00e1k, anyagilag hozz\u00e1j\u00e1rultak e kis k\u00f6z\u00f6ss\u00e9g vid\u00e1ms\u00e1ggal teli napjaihoz.<\/p>\n<p><em>A Sz\u00fcl\u0151k \u00d3vodai Szervezete<\/em><br \/>\n<img loading=\"lazy\" decoding=\"async\" src=\"http:\/\/kardoskut.hu\/images\/stories\/nyaritabor_2.jpg\" alt=\"nyaritabor_2\" width=\"550\" height=\"413\" \/><\/p>\n","protected":false},"excerpt":{"rendered":"<p>A tavalyi \u00e9vhez hasonl\u00f3an az id\u00e9n is megszervezte a sz\u00fcl\u0151k \u00f3vodai szervezete a kardosk\u00fati \u00f3vod\u00e1sok ny\u00e1ri j\u00e1tsz\u00f3h\u00e1z\u00e1t, amely augusztus 23-\u00e1n sz\u00e9p ver\u0151f\u00e9nyes ny\u00e1ri napon nyitotta meg kapuit a m\u0171vel\u0151d\u00e9si h\u00e1z nagyterm\u00e9ben. A j\u00e1tsz\u00f3h\u00e1zat Torda \u00c1gi \u00f3v\u00f3n\u0151 \u00e9s l\u00e1nya, Aliz rendezte be saj\u00e1t j\u00e1t\u00e9kaikkal, \u00e9s fel\u00fcgyelte azt. Nagy z\u00f6ld sz\u0151nyegen, csodasz\u00e9p kis j\u00e1t\u00e9kbirodalmat var\u00e1zsoltak el\u0151. A &hellip; <\/p>\n<p class=\"link-more\"><a href=\"https:\/\/www.kardoskut.hu\/?p=1819\" class=\"more-link\"><span class=\"screen-reader-text\">&#8222;\u00d3vod\u00e1sok ny\u00e1ri j\u00e1tsz\u00f3h\u00e1za&#8221;<\/span> b\u0151vebben<\/a><\/p>\n","protected":false},"author":1,"featured_media":0,"comment_status":"closed","ping_status":"closed","sticky":false,"template":"","format":"standard","meta":{"footnotes":""},"categories":[13],"tags":[],"class_list":["post-1819","post","type-post","status-publish","format-standard","hentry","category-13"],"_links":{"self":[{"href":"https:\/\/www.kardoskut.hu\/index.php?rest_route=\/wp\/v2\/posts\/1819","targetHints":{"allow":["GET"]}}],"collection":[{"href":"https:\/\/www.kardoskut.hu\/index.php?rest_route=\/wp\/v2\/posts"}],"about":[{"href":"https:\/\/www.kardoskut.hu\/index.php?rest_route=\/wp\/v2\/types\/post"}],"author":[{"embeddable":true,"href":"https:\/\/www.kardoskut.hu\/index.php?rest_route=\/wp\/v2\/users\/1"}],"replies":[{"embeddable":true,"href":"https:\/\/www.kardoskut.hu\/index.php?rest_route=%2Fwp%2Fv2%2Fcomments&post=1819"}],"version-history":[{"count":1,"href":"https:\/\/www.kardoskut.hu\/index.php?rest_route=\/wp\/v2\/posts\/1819\/revisions"}],"predecessor-version":[{"id":1821,"href":"https:\/\/www.kardoskut.hu\/index.php?rest_route=\/wp\/v2\/posts\/1819\/revisions\/1821"}],"wp:attachment":[{"href":"https:\/\/www.kardoskut.hu\/index.php?rest_route=%2Fwp%2Fv2%2Fmedia&parent=1819"}],"wp:term":[{"taxonomy":"category","embeddable":true,"href":"https:\/\/www.kardoskut.hu\/index.php?rest_route=%2Fwp%2Fv2%2Fcategories&post=1819"},{"taxonomy":"post_tag","embeddable":true,"href":"https:\/\/www.kardoskut.hu\/index.php?rest_route=%2Fwp%2Fv2%2Ftags&post=1819"}],"curies":[{"name":"wp","href":"https:\/\/api.w.org\/{rel}","templated":true}]}}