{"id":1817,"date":"2011-08-20T09:22:49","date_gmt":"2011-08-20T09:22:49","guid":{"rendered":"http:\/\/new.kardoskut.hu\/?p=1817"},"modified":"2017-12-01T09:24:10","modified_gmt":"2017-12-01T09:24:10","slug":"haverok-buli-szalonna","status":"publish","type":"post","link":"https:\/\/www.kardoskut.hu\/?p=1817","title":{"rendered":"Haverok, buli, szalonna"},"content":{"rendered":"<div id=\"articlepxfontsize1\">\n<p><a href=\"https:\/\/www.flickr.com\/photos\/kardoskuthu\/albums\/72157659416056562\"><img loading=\"lazy\" decoding=\"async\" src=\"http:\/\/kardoskut.hu\/images\/stories\/pkozpont_pe_2011_08_19-37.jpg\" alt=\"pkozpont_pe_2011_08_19-37\" width=\"550\" height=\"336\" border=\"0\" \/><\/a><\/p>\n<div>Tov\u00e1bbi fot\u00f3k\u00e9rt kattintson a k\u00e9pre. <em>(Fot\u00f3k: Papp Eszter)<\/em><\/div>\n<div><\/div>\n<p>Az idei \u00e9v ny\u00e1rb\u00facs\u00faztat\u00f3 bulij\u00e1ra Pusztak\u00f6zponton az olvas\u00f3k\u00f6r udvar\u00e1n ker\u00fclt sor. Az ifi klubnak az\u00e9rt esett a v\u00e1laszt\u00e1sa erre a helysz\u00ednre, hogy a pusztak\u00f6zponti fiatalokat is bevonj\u00e1k a k\u00f6z\u00f6s sz\u00f3rakoz\u00e1sba. A s\u00e1trak fel\u00e1ll\u00edt\u00e1sa ut\u00e1n k\u00f6vetkezhetett a t\u0171zgy\u00fajt\u00e1s \u00e9s a szalonn\u00e1k, virslik s\u00fct\u00e9se. Volt, hogy huszonheten \u00fclt\u00fck egyszerre k\u00f6rbe a t\u00fczet. Az \u00e9j bek\u00f6sz\u00f6nt\u00e9vel a zene \u00e9s a t\u00e1nc ker\u00fclt a k\u00f6z\u00e9ppontba. A par\u00e1zs f\u00e9ny\u00e9n\u00e9l hajnalig besz\u00e9lgettek, majd visszavonultak s\u00e1traikba a fiatalok. Megsz\u00fcletett az este folyam\u00e1n egy terv is a j\u00f6v\u0151 \u00e9vre vonatkoz\u00f3an: k\u00f6z\u00f6s kir\u00e1ndul\u00e1s Erd\u00e9lybe.<\/p>\n<\/div>\n","protected":false},"excerpt":{"rendered":"<p>Tov\u00e1bbi fot\u00f3k\u00e9rt kattintson a k\u00e9pre. (Fot\u00f3k: Papp Eszter) Az idei \u00e9v ny\u00e1rb\u00facs\u00faztat\u00f3 bulij\u00e1ra Pusztak\u00f6zponton az olvas\u00f3k\u00f6r udvar\u00e1n ker\u00fclt sor. Az ifi klubnak az\u00e9rt esett a v\u00e1laszt\u00e1sa erre a helysz\u00ednre, hogy a pusztak\u00f6zponti fiatalokat is bevonj\u00e1k a k\u00f6z\u00f6s sz\u00f3rakoz\u00e1sba. A s\u00e1trak fel\u00e1ll\u00edt\u00e1sa ut\u00e1n k\u00f6vetkezhetett a t\u0171zgy\u00fajt\u00e1s \u00e9s a szalonn\u00e1k, virslik s\u00fct\u00e9se. Volt, hogy huszonheten \u00fclt\u00fck egyszerre &hellip; <\/p>\n<p class=\"link-more\"><a href=\"https:\/\/www.kardoskut.hu\/?p=1817\" class=\"more-link\"><span class=\"screen-reader-text\">&#8222;Haverok, buli, szalonna&#8221;<\/span> b\u0151vebben<\/a><\/p>\n","protected":false},"author":1,"featured_media":0,"comment_status":"closed","ping_status":"closed","sticky":false,"template":"","format":"standard","meta":{"footnotes":""},"categories":[13],"tags":[],"class_list":["post-1817","post","type-post","status-publish","format-standard","hentry","category-13"],"_links":{"self":[{"href":"https:\/\/www.kardoskut.hu\/index.php?rest_route=\/wp\/v2\/posts\/1817","targetHints":{"allow":["GET"]}}],"collection":[{"href":"https:\/\/www.kardoskut.hu\/index.php?rest_route=\/wp\/v2\/posts"}],"about":[{"href":"https:\/\/www.kardoskut.hu\/index.php?rest_route=\/wp\/v2\/types\/post"}],"author":[{"embeddable":true,"href":"https:\/\/www.kardoskut.hu\/index.php?rest_route=\/wp\/v2\/users\/1"}],"replies":[{"embeddable":true,"href":"https:\/\/www.kardoskut.hu\/index.php?rest_route=%2Fwp%2Fv2%2Fcomments&post=1817"}],"version-history":[{"count":1,"href":"https:\/\/www.kardoskut.hu\/index.php?rest_route=\/wp\/v2\/posts\/1817\/revisions"}],"predecessor-version":[{"id":1818,"href":"https:\/\/www.kardoskut.hu\/index.php?rest_route=\/wp\/v2\/posts\/1817\/revisions\/1818"}],"wp:attachment":[{"href":"https:\/\/www.kardoskut.hu\/index.php?rest_route=%2Fwp%2Fv2%2Fmedia&parent=1817"}],"wp:term":[{"taxonomy":"category","embeddable":true,"href":"https:\/\/www.kardoskut.hu\/index.php?rest_route=%2Fwp%2Fv2%2Fcategories&post=1817"},{"taxonomy":"post_tag","embeddable":true,"href":"https:\/\/www.kardoskut.hu\/index.php?rest_route=%2Fwp%2Fv2%2Ftags&post=1817"}],"curies":[{"name":"wp","href":"https:\/\/api.w.org\/{rel}","templated":true}]}}