{"id":1806,"date":"2011-08-15T09:15:24","date_gmt":"2011-08-15T09:15:24","guid":{"rendered":"http:\/\/new.kardoskut.hu\/?p=1806"},"modified":"2017-12-01T09:17:05","modified_gmt":"2017-12-01T09:17:05","slug":"verseny-az-idovel","status":"publish","type":"post","link":"https:\/\/www.kardoskut.hu\/?p=1806","title":{"rendered":"Verseny az id\u0151vel"},"content":{"rendered":"<div id=\"articlepxfontsize1\">\n<p><a href=\"https:\/\/www.flickr.com\/photos\/kardoskuthu\/albums\/72157659027831230\"><img loading=\"lazy\" decoding=\"async\" src=\"http:\/\/kardoskut.hu\/images\/stories\/110814_kardoskuti_rally_RJ_017.jpg\" alt=\"110814_kardoskuti_rally_RJ_017\" width=\"550\" height=\"367\" \/><\/a><br \/>\n<em>Tov\u00e1bbi fot\u00f3k\u00e9rt klikk a k\u00e9pre. (Fot\u00f3: Rajki Judit)<\/em><\/p>\n<p>Vas\u00e1rnap ism\u00e9t gumicsikorg\u00e1st\u00f3l voltak hangosak az utc\u00e1k a II. Orosh\u00e1zi Rally Show-n. Az els\u0151 napon \u00fcgyess\u00e9gi versenyt tartottak Orosh\u00e1z\u00e1n, a T\u00e1ncsics utc\u00e1n, majd a m\u00e1sodik napon Kardosk\u00faton az id\u0151vel versenyeztek az indul\u00f3k.\u00a0 A n\u00e9z\u0151k megint egy l\u00e1tv\u00e1nyos \u00e9s izgalmas show-t l\u00e1thattak. A 45 indul\u00f3b\u00f3l 27-en teljes\u00edtett\u00e9k a hat futamb\u00f3l \u00e1ll\u00f3 versenyt, melynek az abszol\u00fat v\u00e9geredm\u00e9nye a k\u00f6vetkez\u0151 lett:<\/p>\n<ol>\n<li>Medvecz P\u00e9ter \u2013 Medvecz Anna <em>(Mitsubishi Lancer EVO VI)<\/em><\/li>\n<li>Kel\u0151-Gere L\u00e1szl\u00f3- T\u00f3th Zolt\u00e1n <em>(Mitsubishi Lancer EVO IX)<\/em><\/li>\n<li>Koncseg Zolt\u00e1n \u2013 Jelinek M\u00f3nika <em>(BMW E30)\n<p><\/em><\/p>\n<div class=\"avPlayerWrapper avVideo\">\n<div class=\"avPlayerContainer\">\n<div id=\"AVPlayerID_94c53d02_622576570\" class=\"avPlayerBlock\"><iframe loading=\"lazy\" title=\"JoomlaWorks AllVideos Player\" src=\"http:\/\/www.youtube.com\/embed\/PQk1j2ZtZbo?rel=0&amp;fs=1&amp;wmode=transparent&amp;amp;wmode=transparent\" width=\"550\" height=\"400\" frameborder=\"0\" allowfullscreen=\"allowfullscreen\" data-mce-fragment=\"1\"><\/iframe><\/div>\n<\/div>\n<\/div>\n<p><em><br \/>\n(Vide\u00f3: Rajki Judit)<\/p>\n<p><\/em><\/li>\n<\/ol>\n<\/div>\n","protected":false},"excerpt":{"rendered":"<p>Tov\u00e1bbi fot\u00f3k\u00e9rt klikk a k\u00e9pre. (Fot\u00f3: Rajki Judit) Vas\u00e1rnap ism\u00e9t gumicsikorg\u00e1st\u00f3l voltak hangosak az utc\u00e1k a II. Orosh\u00e1zi Rally Show-n. Az els\u0151 napon \u00fcgyess\u00e9gi versenyt tartottak Orosh\u00e1z\u00e1n, a T\u00e1ncsics utc\u00e1n, majd a m\u00e1sodik napon Kardosk\u00faton az id\u0151vel versenyeztek az indul\u00f3k.\u00a0 A n\u00e9z\u0151k megint egy l\u00e1tv\u00e1nyos \u00e9s izgalmas show-t l\u00e1thattak. A 45 indul\u00f3b\u00f3l 27-en teljes\u00edtett\u00e9k a &hellip; <\/p>\n<p class=\"link-more\"><a href=\"https:\/\/www.kardoskut.hu\/?p=1806\" class=\"more-link\"><span class=\"screen-reader-text\">&#8222;Verseny az id\u0151vel&#8221;<\/span> b\u0151vebben<\/a><\/p>\n","protected":false},"author":1,"featured_media":0,"comment_status":"closed","ping_status":"closed","sticky":false,"template":"","format":"standard","meta":{"footnotes":""},"categories":[13],"tags":[],"class_list":["post-1806","post","type-post","status-publish","format-standard","hentry","category-13"],"_links":{"self":[{"href":"https:\/\/www.kardoskut.hu\/index.php?rest_route=\/wp\/v2\/posts\/1806","targetHints":{"allow":["GET"]}}],"collection":[{"href":"https:\/\/www.kardoskut.hu\/index.php?rest_route=\/wp\/v2\/posts"}],"about":[{"href":"https:\/\/www.kardoskut.hu\/index.php?rest_route=\/wp\/v2\/types\/post"}],"author":[{"embeddable":true,"href":"https:\/\/www.kardoskut.hu\/index.php?rest_route=\/wp\/v2\/users\/1"}],"replies":[{"embeddable":true,"href":"https:\/\/www.kardoskut.hu\/index.php?rest_route=%2Fwp%2Fv2%2Fcomments&post=1806"}],"version-history":[{"count":1,"href":"https:\/\/www.kardoskut.hu\/index.php?rest_route=\/wp\/v2\/posts\/1806\/revisions"}],"predecessor-version":[{"id":1807,"href":"https:\/\/www.kardoskut.hu\/index.php?rest_route=\/wp\/v2\/posts\/1806\/revisions\/1807"}],"wp:attachment":[{"href":"https:\/\/www.kardoskut.hu\/index.php?rest_route=%2Fwp%2Fv2%2Fmedia&parent=1806"}],"wp:term":[{"taxonomy":"category","embeddable":true,"href":"https:\/\/www.kardoskut.hu\/index.php?rest_route=%2Fwp%2Fv2%2Fcategories&post=1806"},{"taxonomy":"post_tag","embeddable":true,"href":"https:\/\/www.kardoskut.hu\/index.php?rest_route=%2Fwp%2Fv2%2Ftags&post=1806"}],"curies":[{"name":"wp","href":"https:\/\/api.w.org\/{rel}","templated":true}]}}