{"id":1656,"date":"2011-01-26T15:22:05","date_gmt":"2011-01-26T15:22:05","guid":{"rendered":"http:\/\/new.kardoskut.hu\/?p=1656"},"modified":"2017-11-26T15:24:11","modified_gmt":"2017-11-26T15:24:11","slug":"tancos-szuloi-ertekezlet","status":"publish","type":"post","link":"https:\/\/www.kardoskut.hu\/?p=1656","title":{"rendered":"T\u00e1ncos sz\u00fcl\u0151i \u00e9rtekezlet"},"content":{"rendered":"<figure style=\"width: 550px\" class=\"wp-caption alignnone\"><a href=\"https:\/\/www.flickr.com\/photos\/kardoskuthu\/albums\/72157657095602874\"><img loading=\"lazy\" decoding=\"async\" src=\"http:\/\/kardoskut.hu\/images\/stories\/110124_tancvizsga_rj_029.jpg\" alt=\"110124_tancvizsga_rj_029\" width=\"550\" height=\"367\" \/><\/a><figcaption class=\"wp-caption-text\">Tov\u00e1bbi fot\u00f3k\u00e9rt k\u00e9rem, kattintson a fenti k\u00e9pre. (Fot\u00f3k: RJ.)<\/figcaption><\/figure>\n<p>\u00d6sszevont sz\u00fcl\u0151i \u00e9rtekezletet tartott az \u00e1ltal\u00e1nos iskola 2011. janu\u00e1r 24-\u00e9n a m\u0171vel\u0151d\u00e9si h\u00e1z nagyterm\u00e9ben. Veraszt\u00f3 J\u00f3zsef igazgat\u00f3 \u00e9rt\u00e9kelte r\u00f6viden az elm\u00falt f\u00e9l\u00e9v teljes\u00edtm\u00e9ny\u00e9t. Az el\u0151zetesen kit\u0171z\u00f6tt c\u00e9l, miszerint a di\u00e1kok magatart\u00e1s\u00e1n kell jav\u00edtani, siker\u00fclt. Ez nem azt jelenti persze, hogy m\u00e1r nincs mit jav\u00edtani, de kir\u00edv\u00f3 esetek nem t\u00f6rt\u00e9ntek. F\u00e9l\u00e9vi jegyeken egy oszt\u00e1lynak sem siker\u00fclt egy eg\u00e9szet jav\u00edtani, \u00edgy nem tudott az iskola bekapcsol\u00f3dni a &#8222;Jav\u00edts egy jegyet&#8221; p\u00e1ly\u00e1zatra, ahol egy 4 napos kir\u00e1ndul\u00e1son vehetett volna r\u00e9szt a jav\u00edt\u00f3 oszt\u00e1ly. Orsz\u00e1gos probl\u00e9ma a gyermekl\u00e9tsz\u00e1m cs\u00f6kken\u00e9s, amely most tal\u00e1n a kardosk\u00fati iskol\u00e1nak el\u0151ny\u00e9re v\u00e1lhat.<\/p>\n<p>Orosh\u00e1z\u00e1n ugyanis a k\u00f6lts\u00e9gvet\u00e9si megszor\u00edt\u00e1sok miatt v\u00e1rhat\u00f3an fel fogj\u00e1k duzzasztani az am\u00fagy is nagy l\u00e9tsz\u00e1m\u00fa oszt\u00e1lyokat. Kardosk\u00faton ezzel szemben maradnak a kis l\u00e9tsz\u00e1m\u00fa oszt\u00e1lyok, ahol szem\u00e9lyre szabottan lehet foglalkozni a tanul\u00f3kkal. Itt minden di\u00e1k nagyobb es\u00e9lyt kap a szerepl\u00e9sre, tud\u00e1sa bemutat\u00e1s\u00e1ra mint egy nagy l\u00e9tsz\u00e1m\u00fa oszt\u00e1lyban. Itt a hi\u00e1nyoss\u00e1gok is hamarabb el\u0151bukkannak \u00e9s lehet vel\u00fck id\u0151ben foglalkozni. Ezeket az \u00e9rveket fogja felsorakoztatni igazgat\u00f3 \u00far a hamarosan megrendez\u00e9sre ker\u00fcl\u0151 iskol\u00e1k bemutatkoz\u00e1s\u00e1ra megrendezett f\u00f3rumon. M\u00e1r most jelentkezett olyan \u00e9rdekl\u0151d\u0151, aki elgondolkozott azon, hogy Orosh\u00e1z\u00e1r\u00f3l ink\u00e1bb Kardosk\u00fatra j\u00e1ratn\u00e1 a gyermek\u00e9t. A gyermekl\u00e9tsz\u00e1m n\u00f6veked\u00e9s\u00e9hez az is hozz\u00e1j\u00e1rulhat a j\u00f6v\u0151ben, hogy az \u00f6nkorm\u00e1nyzat idei k\u00f6lts\u00e9gvet\u00e9s\u00e9ben betervezett egy kisbuszt, amellyel az \u00e1llami gazdas\u00e1gban \u00e9l\u0151 gyermekeket Kardosk\u00fatra sz\u00e1ll\u00edtan\u00e1k \u00f3vod\u00e1ba, iskol\u00e1ba. A sz\u00fcl\u0151i \u00e9rtekezlet folytat\u00e1sak\u00e9nt a febru\u00e1r 12-\u00e9n megrendez\u00e9sre ker\u00fcl\u0151 farsang r\u00e9szleteinek megbesz\u00e9l\u00e9s\u00e9re ker\u00fclt sor. A farsang z\u00e1r\u00e1sak\u00e9nt diszk\u00f3ra fog sor ker\u00fclni 21 \u00a0\u00f3r\u00e1t\u00f3l, amelyen m\u00e1r az \u00e1ltal\u00e1nos iskol\u00e1sok nem vehetnek r\u00e9szt. Az Ifi Klub v\u00e1llalta, hogy a rendezv\u00e9ny v\u00e9g\u00e9n kitakar\u00edtja a m\u00fcv. h\u00e1zat. Legv\u00e9g\u00fcl pedig k\u00f6vetkezett az a program, amely miatt tulajdonk\u00e9ppen rendhagy\u00f3 m\u00f3don a nagyteremben tartott\u00e1k a sz\u00fcl\u0151i \u00e9rtekezletet: a t\u00e1ncbemutat\u00f3, amely egyben vizsga is volt. A helyi di\u00e1kok mellett orosh\u00e1zi t\u00e1ncosok is szerepeltek. A f\u00e9l \u00f3r\u00e1s m\u0171sor teljes eg\u00e9sz\u00e9ben megtekinthet\u0151 a weboldalunkon.<\/p>\n<p><iframe loading=\"lazy\" title=\"T\u00e1ncvizsga\" width=\"525\" height=\"394\" src=\"https:\/\/www.youtube.com\/embed\/IHeCdI1h2ZQ?start=1&#038;feature=oembed\" frameborder=\"0\" allow=\"accelerometer; autoplay; clipboard-write; encrypted-media; gyroscope; picture-in-picture; web-share\" referrerpolicy=\"strict-origin-when-cross-origin\" allowfullscreen><\/iframe><\/p>\n","protected":false},"excerpt":{"rendered":"<p>\u00d6sszevont sz\u00fcl\u0151i \u00e9rtekezletet tartott az \u00e1ltal\u00e1nos iskola 2011. janu\u00e1r 24-\u00e9n a m\u0171vel\u0151d\u00e9si h\u00e1z nagyterm\u00e9ben. Veraszt\u00f3 J\u00f3zsef igazgat\u00f3 \u00e9rt\u00e9kelte r\u00f6viden az elm\u00falt f\u00e9l\u00e9v teljes\u00edtm\u00e9ny\u00e9t. Az el\u0151zetesen kit\u0171z\u00f6tt c\u00e9l, miszerint a di\u00e1kok magatart\u00e1s\u00e1n kell jav\u00edtani, siker\u00fclt. Ez nem azt jelenti persze, hogy m\u00e1r nincs mit jav\u00edtani, de kir\u00edv\u00f3 esetek nem t\u00f6rt\u00e9ntek. F\u00e9l\u00e9vi jegyeken egy oszt\u00e1lynak sem siker\u00fclt &hellip; <\/p>\n<p class=\"link-more\"><a href=\"https:\/\/www.kardoskut.hu\/?p=1656\" class=\"more-link\"><span class=\"screen-reader-text\">&#8222;T\u00e1ncos sz\u00fcl\u0151i \u00e9rtekezlet&#8221;<\/span> b\u0151vebben<\/a><\/p>\n","protected":false},"author":1,"featured_media":0,"comment_status":"closed","ping_status":"closed","sticky":false,"template":"","format":"standard","meta":{"footnotes":""},"categories":[13],"tags":[],"class_list":["post-1656","post","type-post","status-publish","format-standard","hentry","category-13"],"_links":{"self":[{"href":"https:\/\/www.kardoskut.hu\/index.php?rest_route=\/wp\/v2\/posts\/1656","targetHints":{"allow":["GET"]}}],"collection":[{"href":"https:\/\/www.kardoskut.hu\/index.php?rest_route=\/wp\/v2\/posts"}],"about":[{"href":"https:\/\/www.kardoskut.hu\/index.php?rest_route=\/wp\/v2\/types\/post"}],"author":[{"embeddable":true,"href":"https:\/\/www.kardoskut.hu\/index.php?rest_route=\/wp\/v2\/users\/1"}],"replies":[{"embeddable":true,"href":"https:\/\/www.kardoskut.hu\/index.php?rest_route=%2Fwp%2Fv2%2Fcomments&post=1656"}],"version-history":[{"count":1,"href":"https:\/\/www.kardoskut.hu\/index.php?rest_route=\/wp\/v2\/posts\/1656\/revisions"}],"predecessor-version":[{"id":1657,"href":"https:\/\/www.kardoskut.hu\/index.php?rest_route=\/wp\/v2\/posts\/1656\/revisions\/1657"}],"wp:attachment":[{"href":"https:\/\/www.kardoskut.hu\/index.php?rest_route=%2Fwp%2Fv2%2Fmedia&parent=1656"}],"wp:term":[{"taxonomy":"category","embeddable":true,"href":"https:\/\/www.kardoskut.hu\/index.php?rest_route=%2Fwp%2Fv2%2Fcategories&post=1656"},{"taxonomy":"post_tag","embeddable":true,"href":"https:\/\/www.kardoskut.hu\/index.php?rest_route=%2Fwp%2Fv2%2Ftags&post=1656"}],"curies":[{"name":"wp","href":"https:\/\/api.w.org\/{rel}","templated":true}]}}