{"id":1654,"date":"2011-01-22T15:19:16","date_gmt":"2011-01-22T15:19:16","guid":{"rendered":"http:\/\/new.kardoskut.hu\/?p=1654"},"modified":"2017-11-26T15:21:56","modified_gmt":"2017-11-26T15:21:56","slug":"doltek-a-fak","status":"publish","type":"post","link":"https:\/\/www.kardoskut.hu\/?p=1654","title":{"rendered":"D\u0151ltek a f\u00e1k"},"content":{"rendered":"<figure style=\"width: 550px\" class=\"wp-caption alignnone\"><a href=\"https:\/\/www.flickr.com\/photos\/kardoskuthu\/albums\/72157659020686158\"><img loading=\"lazy\" decoding=\"async\" src=\"http:\/\/kardoskut.hu\/images\/stories\/biliard_2011_01_fokep.jpg\" alt=\"biliard_2011_01_fokep\" width=\"550\" height=\"397\" \/><\/a><figcaption class=\"wp-caption-text\">Tov\u00e1bbi fot\u00f3k\u00e9rt k\u00e9rem, kattintson a fenti k\u00e9pre. (Fot\u00f3k: RJ.)<\/figcaption><\/figure>\n<p>Egy napjainkban m\u00e9ltatlanul h\u00e1tt\u00e9rbe szorult sport\u00e1gban, a \u201e120-as magyar bili\u00e1rd\u201d-ban hirdetett versenyt janu\u00e1r 22-re a Kist\u00e9rs\u00e9gi Agr\u00e1rfejleszt\u00e9si Alap\u00edtv\u00e1ny a M\u00f3ra Ferenc M\u0171vel\u0151d\u00e9si H\u00e1zzal kar\u00f6ltve. M\u00e1r maga a versenyre val\u00f3 felh\u00edv\u00e1s is hozott mag\u00e1val eredm\u00e9nyt: minden d\u00e9lut\u00e1nt\u00f3l k\u00e9s\u0151 estig bili\u00e1rdoz\u00f3 emberekkel volt teli a m\u00fcv. h\u00e1z el\u0151tere. K\u00e9sz\u00fcltek a megm\u00e9rettet\u00e9sre kort\u00f3l f\u00fcggetlen\u00fcl, hiszen a k\u00f6z\u00e9piskol\u00e1st\u00f3l a nyugd\u00edjasig volt r\u00e9sztvev\u0151. A versenyre v\u00e9g\u00fcl tizen\u00f6ten adt\u00e1k be a nevez\u00e9s\u00fcket. Mivel p\u00e1ratlan volt a nevez\u0151k sz\u00e1ma \u00edgy egy f\u0151t \u2013 Kis B\u00e1lintot \u2013 a sport\u00e1gban el\u00e9rt eredm\u00e9nyei alapj\u00e1n kiemelt\u00fck a versenyb\u0151l \u00e9s el\u0151nyer\u0151k\u00e9nt r\u00f6gt\u00f6n beker\u00fclt a legjobb hatba. K\u00e9t helysz\u00ednen, k\u00e9t hetes csoportban zajlottak a versenyek. Minden csoport els\u0151 k\u00e9t helyezettje jutott tov\u00e1bb, illetve a k\u00e9t csoport legjobb harmadikja. A csoportok tov\u00e1bbjut\u00f3i:<\/p>\n<p><strong>1., csoportb\u00f3l tov\u00e1bbjutott (m\u00fcv. h\u00e1zban j\u00e1tsz\u00f3k)<\/strong><\/p>\n<p><strong>1., Varga P\u00e1l 5 gy\u0151zelem<br \/>\n2., M\u00f3rocz S\u00e1ndor 5 gy\u0151zelem<\/strong><\/p>\n<p>3., Mocs\u00e1ri Andr\u00e1s 4 gy\u0151zelem<br \/>\n4., D. T\u00f3th M\u00e1t\u00e9 3 gy\u0151zelem<br \/>\n5., Farkas Ferenc 2 gy\u0151zelem<br \/>\n6., Kov\u00e1cs Szabolcs 1 gy\u0151zelem<br \/>\n7., Kincses Benjamin 1 gy\u0151zelem<\/p>\n<p><strong>2. csoportb\u00f3l tov\u00e1bbjutott (Seres P\u00e9tern\u00e9l j\u00e1tsz\u00f3k)<\/strong><\/p>\n<p><strong>1., Seres P\u00e9ter 5 gy\u0151zelem<br \/>\n2., K\u00e1rolyi L\u00e1szl\u00f3 5 gy\u0151zelem<\/strong><\/p>\n<p>3., id. Kincses Benjamin 3 gy\u0151zelem<br \/>\n4., Mocs\u00e1ri P\u00e9ter 3 gy\u0151zelem<br \/>\n5., Mocs\u00e1ri Zolt\u00e1n 3 gy\u0151zelem<br \/>\n6., Debreczeni Csaba 2 gy\u0151zelem<br \/>\n7., Veraszt\u00f3 J\u00f3zsef 0 gy\u0151zelem<\/p>\n<p><em>Legjobb harmadikk\u00e9nt tov\u00e1bbjutott: Mocs\u00e1ri Andr\u00e1s 4 gy\u0151zelem<\/em><\/p>\n<p><strong>H\u00e1rom k\u00f6z\u00e9 jut\u00e1s\u00e9rt:<\/strong><\/p>\n<p>Varga P\u00e1l \u2013 Kis B\u00e1lint 1-2<br \/>\nMocs\u00e1ri Andr\u00e1s \u2013 Seres P\u00e9ter 0-2<br \/>\nM\u00f3rocz S\u00e1ndor \u2013 K\u00e1rolyi L\u00e1szl\u00f3 2-0<\/p>\n<p><strong>D\u00f6nt\u0151:<\/strong><\/p>\n<p>Seres P\u00e9ter \u2013 Kis B\u00e1lint 1-0<br \/>\nSeres P\u00e9ter \u2013 M\u00f3rocz S\u00e1ndor 1-0<br \/>\nKis B\u00e1lint \u2013 M\u00f3rocz S\u00e1ndor 1-0<\/p>\n<p><strong>V\u00e9geredm\u00e9ny:<\/strong><\/p>\n<p>1., Seres P\u00e9ter<br \/>\n2., Kis B\u00e1lint<br \/>\n3., M\u00f3rocz S\u00e1ndor<\/p>\n<p>Mivel sz\u00e9p sz\u00e1mban indultak a versenyen a r\u00e9sztvev\u0151k, \u00edgy a d\u00edjkioszt\u00f3ra \u2013 a kora reggeli kezd\u00e9s mellet is \u2013 kora este ker\u00fclhetett sor. A nap folyam\u00e1n t\u00f6bb mint \u00f6tven parti zajlott le, gy\u00f6ny\u00f6r\u0171 j\u00e1t\u00e9koknak lehett\u00fcnk szemtan\u00fai. Val\u00f3sz\u00edn\u0171, hogy a 120-as bili\u00e1rd ism\u00e9t jobban el\u0151t\u00e9rbe ker\u00fcl a mindennapokban. A k\u00f6vetkez\u0151 verseny id\u0151pontja is m\u00e1r k\u00f6rvonalaz\u00f3dik a tervek k\u00f6z\u00f6tt.<\/p>\n<p>Selejtez\u0151 m\u00e9rk\u0151z\u00e9sek:<\/p>\n<p><a href=\"http:\/\/kardoskut.hu\/images\/stories\/selejtezo_muvhazl_2011_01_22.jpg\"><img loading=\"lazy\" decoding=\"async\" src=\"http:\/\/kardoskut.hu\/images\/stories\/selejtezo_muvhazl_2011_01_22.jpg\" alt=\"selejtezo_muvhazl_2011_01_22\" width=\"550\" height=\"401\" \/><\/a><\/p>\n<p><a href=\"http:\/\/kardoskut.hu\/images\/stories\/selejtezo_seres_peternel_2011_01_22.jpg\"><img loading=\"lazy\" decoding=\"async\" src=\"http:\/\/kardoskut.hu\/images\/stories\/selejtezo_seres_peternel_2011_01_22.jpg\" alt=\"selejtezo_seres_peternel_2011_01_22\" width=\"550\" height=\"400\" \/><\/a><\/p>\n<p><a href=\"http:\/\/kardoskut.hu\/images\/stories\/110122_biliard_verseny_rj_001.jpg\"><img loading=\"lazy\" decoding=\"async\" src=\"http:\/\/kardoskut.hu\/images\/stories\/110122_biliard_verseny_rj_001.jpg\" alt=\"110122_biliard_verseny_rj_001\" width=\"550\" height=\"351\" border=\"0\" \/><\/a><\/p>\n<p><a href=\"http:\/\/kardoskut.hu\/images\/stories\/110122_biliard_verseny_rj_008.jpg\"><img loading=\"lazy\" decoding=\"async\" src=\"http:\/\/kardoskut.hu\/images\/stories\/110122_biliard_verseny_rj_008.jpg\" alt=\"110122_biliard_verseny_rj_008\" width=\"550\" height=\"345\" border=\"0\" \/><\/a><\/p>\n","protected":false},"excerpt":{"rendered":"<p>Egy napjainkban m\u00e9ltatlanul h\u00e1tt\u00e9rbe szorult sport\u00e1gban, a \u201e120-as magyar bili\u00e1rd\u201d-ban hirdetett versenyt janu\u00e1r 22-re a Kist\u00e9rs\u00e9gi Agr\u00e1rfejleszt\u00e9si Alap\u00edtv\u00e1ny a M\u00f3ra Ferenc M\u0171vel\u0151d\u00e9si H\u00e1zzal kar\u00f6ltve. M\u00e1r maga a versenyre val\u00f3 felh\u00edv\u00e1s is hozott mag\u00e1val eredm\u00e9nyt: minden d\u00e9lut\u00e1nt\u00f3l k\u00e9s\u0151 estig bili\u00e1rdoz\u00f3 emberekkel volt teli a m\u00fcv. h\u00e1z el\u0151tere. K\u00e9sz\u00fcltek a megm\u00e9rettet\u00e9sre kort\u00f3l f\u00fcggetlen\u00fcl, hiszen a k\u00f6z\u00e9piskol\u00e1st\u00f3l a &hellip; <\/p>\n<p class=\"link-more\"><a href=\"https:\/\/www.kardoskut.hu\/?p=1654\" class=\"more-link\"><span class=\"screen-reader-text\">&#8222;D\u0151ltek a f\u00e1k&#8221;<\/span> b\u0151vebben<\/a><\/p>\n","protected":false},"author":1,"featured_media":0,"comment_status":"closed","ping_status":"closed","sticky":false,"template":"","format":"standard","meta":{"footnotes":""},"categories":[13],"tags":[],"class_list":["post-1654","post","type-post","status-publish","format-standard","hentry","category-13"],"_links":{"self":[{"href":"https:\/\/www.kardoskut.hu\/index.php?rest_route=\/wp\/v2\/posts\/1654","targetHints":{"allow":["GET"]}}],"collection":[{"href":"https:\/\/www.kardoskut.hu\/index.php?rest_route=\/wp\/v2\/posts"}],"about":[{"href":"https:\/\/www.kardoskut.hu\/index.php?rest_route=\/wp\/v2\/types\/post"}],"author":[{"embeddable":true,"href":"https:\/\/www.kardoskut.hu\/index.php?rest_route=\/wp\/v2\/users\/1"}],"replies":[{"embeddable":true,"href":"https:\/\/www.kardoskut.hu\/index.php?rest_route=%2Fwp%2Fv2%2Fcomments&post=1654"}],"version-history":[{"count":1,"href":"https:\/\/www.kardoskut.hu\/index.php?rest_route=\/wp\/v2\/posts\/1654\/revisions"}],"predecessor-version":[{"id":1655,"href":"https:\/\/www.kardoskut.hu\/index.php?rest_route=\/wp\/v2\/posts\/1654\/revisions\/1655"}],"wp:attachment":[{"href":"https:\/\/www.kardoskut.hu\/index.php?rest_route=%2Fwp%2Fv2%2Fmedia&parent=1654"}],"wp:term":[{"taxonomy":"category","embeddable":true,"href":"https:\/\/www.kardoskut.hu\/index.php?rest_route=%2Fwp%2Fv2%2Fcategories&post=1654"},{"taxonomy":"post_tag","embeddable":true,"href":"https:\/\/www.kardoskut.hu\/index.php?rest_route=%2Fwp%2Fv2%2Ftags&post=1654"}],"curies":[{"name":"wp","href":"https:\/\/api.w.org\/{rel}","templated":true}]}}