{"id":1648,"date":"2011-01-11T15:14:37","date_gmt":"2011-01-11T15:14:37","guid":{"rendered":"http:\/\/new.kardoskut.hu\/?p=1648"},"modified":"2017-11-26T15:16:51","modified_gmt":"2017-11-26T15:16:51","slug":"beszamolo-a-testuleti-ulesrol-22","status":"publish","type":"post","link":"https:\/\/www.kardoskut.hu\/?p=1648","title":{"rendered":"Besz\u00e1mol\u00f3 a test\u00fcleti \u00fcl\u00e9sr\u0151l"},"content":{"rendered":"<p>Kardosk\u00fat K\u00f6zs\u00e9g \u00d6nkorm\u00e1nyzata K\u00e9pvisel\u0151-test\u00fclete 2010. december 16-\u00e1n (cs\u00fct\u00f6rt\u00f6k\u00f6n) 14 \u00f3rai kezdettel tartotta soron k\u00f6vetkez\u0151 test\u00fcleti \u00fcl\u00e9s\u00e9t.<\/p>\n<div>Jelen vannak: Ramasz Imre polg\u00e1rmester, M\u00f3rocz Lajos, Gombk\u00f6t\u0151 Lajos, Pusztai \u00c1d\u00e1m \u00e9s Varga P\u00e1l telep\u00fcl\u00e9si k\u00e9pvisel\u0151k.<\/div>\n<div><\/div>\n<p>Jelen van tov\u00e1bb\u00e1: dr. M\u00e9sz\u00e1ros Erzs\u00e9bet jegyz\u0151, Pappn\u00e9 Neller Borb\u00e1la m\u0171vel\u0151d\u00e9si h\u00e1z igazgat\u00f3, Kapun\u00e9 Sin Anik\u00f3 p\u00e9nz\u00fcgyi f\u0151tan\u00e1csos, T\u00f3th J\u00f3zsefn\u00e9 f\u0151el\u0151ad\u00f3, Skorka P\u00e1ln\u00e9 jegyz\u0151k\u00f6nyv vezet\u0151.<\/p>\n<div>\u00a0Ramasz Imre k\u00f6sz\u00f6nti a megjelenteket. Meg\u00e1llap\u00edtja, hogy a test\u00fclet hat\u00e1rozatk\u00e9pes. Ismerteti a napirendi pontokat, amelyeket a K\u00e9pvisel\u0151-test\u00fclet egyhang\u00faan elfogad:<\/div>\n<div>\u00a0<em>1.,Besz\u00e1mol\u00f3 jelent\u00e9s a Kardosk\u00fat K\u00f6zs\u00e9g \u00d6nkorm\u00e1nyzat Polg\u00e1rmesteri Hivatala \u00e9ves munk\u00e1j\u00e1r\u00f3l.<\/em><em><br \/>\n2.,2011. \u00e9vi k\u00f6lts\u00e9gvet\u00e9si koncepci\u00f3 el\u0151terjeszt\u00e9se \u00e9s elfogad\u00e1sa<\/em><em><br \/>\n3.,Az \u00e1tmeneti gazd\u00e1lkod\u00e1sr\u00f3l sz\u00f3l\u00f3 rendelet-tervezet el\u0151terjeszt\u00e9se, megvitat\u00e1sa \u00e9s elfogad\u00e1sa<br \/>\n4.,2011. \u00e9vi K\u00e9pvisel\u0151-test\u00fcleti munkaterv megt\u00e1rgyal\u00e1sa \u00e9s elfogad\u00e1sa<\/em><em><br \/>\n5.,Bejelent\u00e9sek \u00e9s interpell\u00e1ci\u00f3k<\/em><\/div>\n<div><\/div>\n<p><em>Ramasz Imre jegyz\u0151k\u00f6nyv hiteles\u00edt\u0151knek M\u00f3rocz Lajos \u00e9s Varga P\u00e1l k\u00e9pvisel\u0151ket javasolja a polg\u00e1rmester, akiket a K\u00e9pvisel\u0151-test\u00fclet egyhang\u00faan elfogad. A f\u0151 napirendi pontok megt\u00e1rgyal\u00e1sa el\u0151tt a polg\u00e1rmester besz\u00e1mol a k\u00e9t \u00fcl\u00e9s k\u00f6z\u00f6tt eltelt id\u0151szakr\u00f3l \u00e9s a lej\u00e1rt hat\u00e1ridej\u0171 hat\u00e1rozatokr\u00f3l.<\/em><\/p>\n<div><strong>Ramasz Imre:<\/strong> lej\u00e1rt hat\u00e1ridej\u0171 hat\u00e1rozat a 256\/2010-es, amelyben a test\u00fclet megb\u00edzta dr. M\u00e9sz\u00e1ros Erzs\u00e9bet jegyz\u0151t, hogy a Kardosk\u00fati H\u00edrmond\u00f3hoz kapcsol\u00f3d\u00f3an a polg\u00e1rmesteri hivatal alap\u00edt\u00f3 okirat\u00e1nak m\u00f3dos\u00edt\u00e1s\u00e1t k\u00e9sz\u00edtse el\u0151. Ezt Erzsike elk\u00e9sz\u00edtette \u00e9s a k\u00e9pvisel\u0151knek kiadta. Megb\u00edztuk tov\u00e1bb\u00e1 azzal, hogy a lap szervezeti \u00e9s m\u0171k\u00f6d\u00e9si szab\u00e1lyzat\u00e1t k\u00e9sz\u00edtse el\u0151. Ehhez k\u00e9rte a test\u00fclet, hogy ny\u00fajtson seg\u00edts\u00e9get Pappn\u00e9 Neller Borb\u00e1la \u00e9s Varga P\u00e1l. Mind a k\u00e9t anyag elk\u00e9sz\u00fclt \u00e9s a mai napon megvitat\u00e1sra ker\u00fcl. Lej\u00e1rt hat\u00e1ridej\u0171 hat\u00e1rozatokr\u00f3l ennyit mondan\u00e9k el. A k\u00e9t \u00fcl\u00e9s k\u00f6z\u00f6tti id\u0151szakr\u00f3l az al\u00e1bbi t\u00e1j\u00e9koztat\u00e1st adom. December 8-\u00e1n Szentesen vettem r\u00e9szt a D\u00e9lalf\u00f6ldi Iv\u00f3v\u00edzjav\u00edt\u00f3 Konzorciumnak az \u00fcl\u00e9s\u00e9n. Megv\u00e1laszt\u00e1sra ker\u00fcltek a tiszts\u00e9gvisel\u0151k majd besz\u00e1mol\u00f3k hangzottak el az elm\u00falt id\u0151szak munk\u00e1j\u00e1r\u00f3l. Fontos inform\u00e1ci\u00f3, hogy kor\u00e1bban a konzorciumi tan\u00e1cs eln\u00f6ke hat\u00e1rozott \u00edg\u00e9retet fogalmazott meg a tekintetben, hogy a helyi \u00f6nkorm\u00e1nyzatok r\u00e9sz\u00e9re az iv\u00f3v\u00edzjav\u00edt\u00f3 program keret\u00e9ben az \u00f6ner\u0151t a Magyar K\u00f6zt\u00e1rsas\u00e1g korm\u00e1nya biztos\u00edtja. Ezen a t\u00e9ren m\u00e1r most visszal\u00e9p\u00e9s t\u00f6rt\u00e9nt. A 2011. \u00e9vi k\u00f6lts\u00e9gvet\u00e9sbe ilyen c\u00e9lra forr\u00e1s nem ker\u00fclt betervez\u00e9sre. A j\u00f6v\u0151 \u00e9vben m\u00e9g nagyon minim\u00e1lis felhaszn\u00e1l\u00e1s lesz, hiszen \u00f6r\u00fcl\u00fcnk neki, ha 2011 k\u00f6zep\u00e9re a p\u00e1ly\u00e1zat bead\u00e1sra ker\u00fcl. Teh\u00e1t sz\u00e1molnunk kell azzal, hogy az \u00f6ner\u0151t a telep\u00fcl\u00e9si \u00f6nkorm\u00e1nyzatoknak el\u0151 kell teremteni. December 9-\u00e9n volt a DAREH gy\u0171l\u00e9se. Els\u0151sorban itt is a tiszts\u00e9gvisel\u0151k megv\u00e1laszt\u00e1sra, illetve \u00fajrav\u00e1laszt\u00e1s\u00e1ra ker\u00fclt sor. Kicsit megk\u00e9sve, de elfogad\u00e1sra ker\u00fclt a 2009. \u00e9vi k\u00f6lts\u00e9gvet\u00e9s. 2010. december 10-\u00e9n volt egy kist\u00e9rs\u00e9gi t\u00e1rsul\u00e1si \u00fcl\u00e9s. Els\u0151 napirendi pontk\u00e9nt a megyei belv\u00edzv\u00e9delmi helyzetr\u0151l kaptunk t\u00e1j\u00e9koztat\u00e1st. Szerencs\u00e9re Kardoskutat nem fenyegeti a belv\u00edzvesz\u00e9ly. K\u00fclter\u00fcleten jelent\u0151s f\u00f6ldter\u00fcletek v\u00edz alatt vannak, de a belter\u00fcleten nincs vesz\u00e9ly \u00e9s rem\u00e9lhet\u0151leg nem is lesz. Megt\u00e1rgyaltuk \u00e9s elfogadtuk a j\u00f6v\u0151 \u00e9vi k\u00f6lts\u00e9gvet\u00e9si koncepci\u00f3t. Fejleszt\u00e9sre \u00e9s tartal\u00e9kra egyetlen forint sem lesz. A mai napon B\u00e9k\u00e9scsab\u00e1n vettem r\u00e9szt a B\u00e9k\u00e9s Megyei V\u00edzm\u0171vek k\u00f6zgy\u0171l\u00e9s\u00e9n. Itt els\u0151sorban az aradi v\u00edz\u00e1tad\u00e1ssal kapcsolatos megval\u00f3s\u00edthat\u00f3s\u00e1gi tanulm\u00e1nyok ki\u00e9rt\u00e9kel\u00e9se t\u00f6rt\u00e9nt meg. Mint tudjuk, itt arr\u00f3l van sz\u00f3, hogy Aradr\u00f3l arz\u00e9n mentes, tiszta iv\u00f3vizet kapn\u00e1nk. Olyan m\u00e9rt\u00e9kben ker\u00fclne kever\u00e9sre a kapott \u00e9s a helyben l\u00e9v\u0151 v\u00edz, hogy ez\u00e1ltal al\u00e1menn\u00e9nk az EU \u00e1ltal szabott hat\u00e1r\u00e9rt\u00e9keknek. Ez olcs\u00f3bb megold\u00e1st jelent, mint egy v\u00edztiszt\u00edt\u00f3 \u00fczemeltet\u00e9se. D\u00f6nt\u00f6tt\u00fcnk egy k\u00f6z\u00f6s gazdas\u00e1gi t\u00e1rsas\u00e1g l\u00e9trehoz\u00e1s\u00e1r\u00f3l is. Ez egy r\u00e9szv\u00e9nyt\u00e1rsas\u00e1g lesz, 50-50 sz\u00e1zal\u00e9kos rom\u00e1n \u00e9s magyar r\u00e9szv\u00e9nnyel. Harmadik napirendben egy t\u00e1j\u00e9koztat\u00f3 hangzott el a vagyonkiad\u00e1ssal kapcsolatos probl\u00e9m\u00e1k kezel\u00e9s\u00e9re. Nem minden k\u00f6zm\u0171vagyon van a hely\u00e9n. Jelenleg egy olyan t\u00f6rv\u00e9nyalkot\u00e1si st\u00e1dium van folyamatban, amely tiszt\u00e1zhatja az e t\u00e9m\u00e1ban felmer\u00fcl\u0151 k\u00e9rd\u00e9seket. Ennyit k\u00edv\u00e1ntam a k\u00e9t \u00fcl\u00e9s k\u00f6z\u00f6tti id\u0151szakr\u00f3l elmondani.<\/div>\n<div><\/div>\n<div><\/div>\n<div><\/div>\n<p><em>A K\u00e9pvisel\u0151-test\u00fclet a lej\u00e1rt hat\u00e1ridej\u0171 hat\u00e1rozatokr\u00f3l, illetve a k\u00e9t \u00fcl\u00e9s k\u00f6z\u00f6tt eltelt id\u0151szakr\u00f3l sz\u00f3l\u00f3 besz\u00e1mol\u00f3t elfogadta.<\/em><\/p>\n<div><\/div>\n<div><\/div>\n<p><strong>1.,Besz\u00e1mol\u00f3 jelent\u00e9s a Kardosk\u00fat K\u00f6zs\u00e9g \u00d6nkorm\u00e1nyzat Polg\u00e1rmesteri Hivatala \u00e9ves munk\u00e1j\u00e1r\u00f3l.<\/strong><\/p>\n<div><\/div>\n<div><\/div>\n<p><strong>Ramasz Imre:<\/strong> r\u00e1t\u00e9r\u00fcnk az els\u0151 f\u0151 napirendi pontunkra. Erzsike \u00f6ssze\u00e1ll\u00edtotta az ehhez tatoz\u00f3 anyagot \u00e9s azt kiadta r\u00e9szetekre. Megk\u00e9rem, hogy ha van sz\u00f3beli kieg\u00e9sz\u00edt\u00e9se akkor azt most tegye meg.<\/p>\n<div><\/div>\n<div><\/div>\n<p><strong>dr. M\u00e9sz\u00e1ros Erzs\u00e9bet:<\/strong> k\u00f6sz\u00f6n\u00f6m, nem k\u00edv\u00e1nok kieg\u00e9sz\u00edt\u00e9ssel \u00e9lni.<\/p>\n<div><\/div>\n<div><\/div>\n<p><strong>M\u00f3rocz Lajos:<\/strong> r\u00e9szletes, minden ter\u00fcletre kiterjed a besz\u00e1mol\u00f3.<\/p>\n<div><\/div>\n<div><\/div>\n<p><strong>Pusztai \u00c1d\u00e1m:<\/strong> ha egy k\u00edv\u00fcl \u00e1ll\u00f3 ember ezt a besz\u00e1mol\u00f3t elolvassa, akkor az t\u0171nik ki bel\u0151le, hogy milyen rengeteg munka van. Ha ezeket a feladatokat egy gyakorlott ember v\u00e9gzi, m\u00e9g akkor is biztos vagyok benne, hogy nem unatkozik a munkaidej\u00e9ben. Ez\u00e9rt a munk\u00e1\u00e9rt csak k\u00f6sz\u00f6net j\u00e1r az itt dolgoz\u00f3knak.<\/p>\n<div><\/div>\n<div><\/div>\n<p><strong>Gombk\u00f6t\u0151 Lajos:<\/strong> k\u00f6sz\u00f6n\u00f6m az \u00edr\u00e1sos besz\u00e1mol\u00f3t, elfogad\u00e1sra javaslom.<\/p>\n<div><\/div>\n<div><\/div>\n<p><strong>Ramasz Imre:<\/strong> javaslom elfogad\u00e1sra a besz\u00e1mol\u00f3t amellett, hogy k\u00f6sz\u00f6nj\u00fck meg a hivatal ir\u00e1ny\u00edt\u00f3j\u00e1nak, dr. M\u00e9sz\u00e1ros Erzs\u00e9betnek \u00e9s a hivatal appar\u00e1tus\u00e1nak az elv\u00e9gzett munk\u00e1t.<\/p>\n<div><\/div>\n<div><\/div>\n<p><strong><em>2.,2011. \u00e9vi k\u00f6lts\u00e9gvet\u00e9si koncepci\u00f3 el\u0151terjeszt\u00e9se \u00e9s elfogad\u00e1sa<\/em><\/strong><\/p>\n<div><\/div>\n<div><\/div>\n<p><strong>Ramasz Imre:<\/strong> \u00edr\u00e1sban az anyagot megkapt\u00e1tok. Pillanatnyilag \u00fagy t\u0171nik, hogy minden gond n\u00e9lk\u00fcl a 2011-es gazdas\u00e1gi \u00e9vet v\u00e9gig tudjuk vinni. Egy kieg\u00e9sz\u00edt\u00e9ssel szeretn\u00e9k mind\u00f6ssze \u00e9lni. Javaslom, hogy a K\u00e9pvisel\u0151-test\u00fclet a koncepci\u00f3j\u00e1ban biztos\u00edtson el\u0151ir\u00e1nyzatot a telep\u00fcl\u00e9srendez\u00e9si terv fel\u00fclvizsg\u00e1lat\u00e1ra. Ennek a kalkul\u00e1lt nagys\u00e1grendje k\u00f6r\u00fclbel\u00fcl \u00f6t milli\u00f3 forintot jelentene, amelyet a tartal\u00e9k terh\u00e9re tervezn\u00e9nk be. Ennek az oka az, hogy a K\u00f6r\u00f6s- Maros Nemzeti Park jelentkezett, hogy fejleszt\u00e9si elk\u00e9pzel\u00e9seihez sz\u00fcks\u00e9ges a rendez\u00e9si terv m\u00f3dos\u00edt\u00e1sa, hiszen bizonyos \u00e1llattart\u00f3 \u00e9p\u00fcletek \u00e9p\u00edt\u00e9s\u00e9t csak olyan ter\u00fcleten tudja megval\u00f3s\u00edtani, ahol jelenleg \u00e9p\u00edt\u00e9si tilalom van. Gyakorlatilag egy \u00e9vvel kell kor\u00e1bbra hoznunk a telep\u00fcl\u00e9s rendez\u00e9si terv\u00fcnk fel\u00fclvizsg\u00e1lat\u00e1t, hiszen ezt 2012-ben am\u00fagy is el kellene v\u00e9gezn\u00fcnk.<\/p>\n<div><\/div>\n<div><\/div>\n<p><strong>Pusztai \u00c1d\u00e1m:<\/strong> az \u00fcgyrendi bizotts\u00e1g ezt megel\u0151z\u0151en foglalkozott a koncepci\u00f3val. Polg\u00e1rmester \u00far kieg\u00e9sz\u00edt\u00e9s\u00e9vel egy\u00fctt azt egyhang\u00faan elfogad\u00e1sra javasolja.<\/p>\n<div><\/div>\n<div><\/div>\n<p><strong>Ramasz Imre:<\/strong> egy vitatott dolog lehet a koncepci\u00f3ban, m\u00e9gpedig az \u00fat\u00e9p\u00edt\u00e9s k\u00e9rd\u00e9se, amelyr\u0151l nem esett sz\u00f3 az \u00fcgyrendi bizotts\u00e1g \u00fcl\u00e9s\u00e9n. Az \u00c1rp\u00e1d sor \u00e9s a B\u00e9ke utca k\u00f6z\u00f6tti \u00fat kiaszfaltoz\u00e1sa is szerepel a koncepci\u00f3ban. Rossz id\u0151j\u00e1r\u00e1si k\u00f6r\u00fclm\u00e9nyek k\u00f6z\u00f6tt saras, \u00e1lland\u00f3an \u00e1ll a v\u00edz rajta. Ha a telep\u00fcl\u00e9s k\u00e9p\u00e9n v\u00e1ltoztatni akarunk, akkor azt a ter\u00fcletet is rendbe kell tenni. V\u00e9lem\u00e9nyem szerint n\u00e9h\u00e1ny parkol\u00f3t is lehetne ott kialak\u00edtani. Illetve t\u00f6bben felvetett\u00e9k a ker\u00e9kp\u00e1rt\u00e1rol\u00f3nak a k\u00e9rd\u00e9s\u00e9t. Akik busszal utaznak tov\u00e1bb, azok ker\u00e9kp\u00e1rral j\u00f6nnek ki \u00e9s a boltn\u00e1l kell hagyj\u00e1k a ker\u00e9kp\u00e1rjukat. Ki lehetne alak\u00edtani egy kultur\u00e1lt, nem fedett t\u00e1rol\u00f3t r\u00e9sz\u00fckre. Gyakorlatilag rendezn\u00e9nk azt a ter\u00fcletet. A kor\u00e1bbi test\u00fclet \u00fagy \u00edt\u00e9lte meg, hogy nem tartja ezt sz\u00fcks\u00e9gesnek. \u00cdgy nem ker\u00fclt megval\u00f3s\u00edt\u00e1sra. Mivel az anyagi lehet\u0151s\u00e9geink adottak, \u00fagy gondolom, hogy most meg kellene ezt tenn\u00fcnk. Nagyj\u00e1b\u00f3l \u00f6t milli\u00f3 forintba ker\u00fclne ez a beruh\u00e1z\u00e1s. K\u00e9rn\u00e9m a v\u00e9lem\u00e9nyeteket.<\/p>\n<div><\/div>\n<div><\/div>\n<p><strong>M\u00f3rocz Lajos:<\/strong> tetszik az \u00f6tlet, f\u0151leg a parkol\u00f3k. Kisz\u00e9les\u00edtett\u00fck a f\u0151utc\u00e1t, de nagyon k\u00f6zel vannak ott a f\u00e1k. Ha vannak rendezv\u00e9nyeink, nagyon nincs parkol\u00f3 \u00e9s nincs hol meg\u00e1llni. Az egyik oldalon ak\u00e1r v\u00e9gig lehetne parkol\u00f3kat l\u00e9trehozni. A kis boltot is aki meg akarja k\u00f6zel\u00edteni, k\u00f6nnyebb lesz a dolga. T\u00e1mogatom az elk\u00e9pzel\u00e9st.<\/p>\n<div><\/div>\n<div><\/div>\n<p><strong>Ramasz Imre:<\/strong> ebben a tervezett \u00f6tmilli\u00f3s \u00f6sszegben hat darab parkol\u00f3val lett sz\u00e1molva.<\/p>\n<div><\/div>\n<div><\/div>\n<p><strong>Gombk\u00f6t\u0151 Lajos:<\/strong> Mindenk\u00e9ppen j\u00f3 \u00f6tletnek tartom az \u00fat rendbet\u00e9tel\u00e9t. T\u00e1mogatom a ker\u00e9kp\u00e1rt\u00e1rol\u00f3t is.<\/p>\n<div><\/div>\n<div><\/div>\n<p><strong>Varga P\u00e1l:<\/strong> a sz\u00f3ban forg\u00f3 r\u00e9sz az egy k\u00f6zponti ter\u00fclete a k\u00f6zs\u00e9gnek. Ha m\u00e1r hozz\u00e1 van ny\u00falva, akkor szerintem is t\u00f6bb parkol\u00f3t kell kialak\u00edtani. J\u00e1rda\u00e9p\u00edt\u00e9s kapcs\u00e1n lenne egy k\u00e9rd\u00e9sem. A tavalyi \u00e9vben is esett sz\u00f3 az \u00e1tmen\u0151 forgalom kapcs\u00e1n az \u00c1rp\u00e1d sor egys\u00e9ges\u00edt\u00e9s\u00e9r\u0151l. Ott m\u00e9g \u00e9rzek tennival\u00f3t. A l\u00e1ngoss\u00fct\u0151 el\u0151tti r\u00e9szen ki lettek szedve a f\u00e1k, ott most kopasz a ter\u00fclet. A buszokhoz akik mennek, nem a ker\u00e9kp\u00e1r\u00faton kellene k\u00f6zlekedni\u00fck ha az \u00c1rp\u00e1d soron v\u00e9gig lenne j\u00e1rda.\u00a0 Szerepel a koncepci\u00f3ban a kisbusz beszerz\u00e9se, amelynek \u00f6r\u00fcl\u00f6k. Ehhez kapcsol\u00f3dik a gar\u00e1zs b\u0151v\u00edt\u00e9se, hogy a k\u00e9t aut\u00f3nak legyen fedett helye. Elfogad\u00e1sra javaslom.<\/p>\n<div><\/div>\n<div><\/div>\n<p><strong>M\u00f3rocz Lajos:<\/strong> a gy\u00f3gyszert\u00e1rral szemben elk\u00e9sz\u00fclt az \u00faj j\u00e1rda. Az ott tal\u00e1lhat\u00f3 \u00e1rokra egy v\u00e9d\u0151korl\u00e1tot felt\u00e9tlen\u00fcl csin\u00e1lni kellene, mert \u00edgy balesetvesz\u00e9lyes. Illetve a nagyp\u00e1ly\u00e1n tal\u00e1lhat\u00f3 vashidat vagy megcsin\u00e1lni vagy leszerelni kell.<\/p>\n<div><\/div>\n<div><\/div>\n<p><strong>Ramasz Imre:<\/strong> a vash\u00edd nem lesz megcsin\u00e1lva, el lesz sz\u00e1ll\u00edtva. A gy\u00f3gyszert\u00e1rral szemben l\u00e9v\u0151 \u00e1rokra minden tov\u00e1bbi n\u00e9lk\u00fcl lehet egy korl\u00e1tot tenni.<\/p>\n<div><\/div>\n<div><\/div>\n<p><strong>M\u00f3rocz Lajos:<\/strong> a gy\u00f3gyszert\u00e1rn\u00e1l van ker\u00e9kp\u00e1rt\u00e1rol\u00f3?<\/p>\n<div><\/div>\n<div><\/div>\n<p><strong>Ramasz Imre:<\/strong> m\u00e1r beszerezt\u00fck, de a kedvez\u0151tlen id\u0151j\u00e1r\u00e1s miatt m\u00e9g nem helyezt\u00fck ki.<\/p>\n<div><\/div>\n<div><\/div>\n<p><strong>Gombk\u00f6t\u0151 Lajos<\/strong>: a korl\u00e1tot v\u00e1llalom, hogy elk\u00e9sz\u00edtem, ha megveszi az \u00f6nkorm\u00e1nyzat a vasanyagot.<\/p>\n<div><\/div>\n<div><\/div>\n<p><strong>Ramasz Imre:<\/strong> megmondom \u0151szint\u00e9n, hogy \u00e9n f\u00e1b\u00f3l gondoltam oda korl\u00e1tot.<\/p>\n<div><\/div>\n<div><\/div>\n<p><strong>Gombk\u00f6t\u0151 Lajos:<\/strong> \u00e9rtem. Ebben az esetben nem tudom elv\u00e1llalni. Vasb\u00f3l sz\u00edvesen seg\u00edtettem volna.<\/p>\n<div><\/div>\n<div><\/div>\n<p><strong>Ramasz Imre:<\/strong> \u00fagy \u00e9rzem, hogy a v\u00e9lem\u00e9nyetek az, hogy b\u00e1trabban foglalkozzunk a parkol\u00f3k sz\u00e1m\u00e1val.<\/p>\n<div><\/div>\n<div><\/div>\n<p><strong>M\u00f3rocz Lajos<\/strong>: felt\u00e9tlen maradjon a parkol\u00f3k \u00e9s a j\u00e1rda k\u00f6z\u00f6tt vir\u00e1gos ter\u00fclet.<\/p>\n<div><\/div>\n<div><\/div>\n<p><strong>Ramasz Imre:<\/strong> nem ebb\u0151l a forr\u00e1sb\u00f3l, de azt a r\u00e9szt is meg kell \u00faj\u00edtanunk. Az ott tal\u00e1lhat\u00f3 r\u00f3zs\u00e1k m\u00e1r \u00f6regek. Jelent\u0151s f\u00f6ldmunka lesz, annak keret\u00e9ben azt a r\u00e9szt is fel lehet \u00faj\u00edtani. Mindenk\u00e9ppen meghagyjuk a r\u00f3zsasort, csak meg\u00faj\u00edtjuk.<\/p>\n<div><\/div>\n<div><\/div>\n<p><em>A K\u00e9pvisel\u0151-test\u00fclet egyhang\u00faan elfogadta az el\u0151terjeszt\u00e9st. <\/em><\/p>\n<div><\/div>\n<div><\/div>\n<p><strong><em>3.,Az \u00e1tmeneti gazd\u00e1lkod\u00e1sr\u00f3l sz\u00f3l\u00f3 rendelet-tervezet el\u0151terjeszt\u00e9se, megvitat\u00e1sa \u00e9s elfogad\u00e1sa<\/em><\/strong><\/p>\n<div><\/div>\n<div><\/div>\n<p><strong>Ramasz Imre:<\/strong> az \u00fagynevezett &#8222;holt&#8221; id\u0151szakban is vannak k\u00f6telezetts\u00e9geink illetve \u00e9rkeznek hozz\u00e1nk bev\u00e9telek. Ezeket valamilyen form\u00e1ban fogadni kell. Egy \u00e1thidal\u00f3 id\u0151szakot foglal mag\u00e1ba a rendelet tervezet. Erzsike elk\u00e9sz\u00edtette \u00e9s r\u00e9szetekre kiadta az ehhez kapcsolatos anyagot. Tulajdonk\u00e9ppen arr\u00f3l van benne sz\u00f3, hogy a test\u00fclet felhatalmaz engem, hogy a k\u00f6lts\u00e9gvet\u00e9s elfogad\u00e1s\u00e1ig m\u0171k\u00f6dtetni tudjuk az \u00f6nkorm\u00e1nyzatot.<\/p>\n<div><\/div>\n<div><\/div>\n<p><strong>dr. M\u00e9sz\u00e1ros Erzs\u00e9bet:<\/strong> az \u00e1llamh\u00e1ztart\u00e1si t\u00f6rv\u00e9ny alapj\u00e1n kell ezt a rendeletet megalkotni abban az esetben, ha a test\u00fclet a k\u00f6lts\u00e9gvet\u00e9st janu\u00e1r 1-ig nem fogadja el. T\u00f6bb k\u00f6telez\u0151 tartalmi elemet is bele kell \u00e9p\u00edteni a rendeletbe. Meg kell hat\u00e1rozni p\u00e9ld\u00e1ul a felhatalmaz\u00e1s terjedelm\u00e9t \u00e9s id\u0151tartam\u00e1t. A k\u00f6lts\u00e9gvet\u00e9si rendelet hat\u00e1lybal\u00e9p\u00e9se legk\u00e9s\u0151bb 2011. febru\u00e1r 28.<\/p>\n<div><\/div>\n<div><\/div>\n<p><strong>Pusztai \u00c1d\u00e1m:<\/strong> az \u00fcgyrendi bizotts\u00e1g megt\u00e1rgyalta az \u00e1tmeneti gazd\u00e1lkod\u00e1sr\u00f3l sz\u00f3l\u00f3 rendelet-tervezetet. Az \u00f6nkorm\u00e1nyzat \u00e9s int\u00e9zm\u00e9nyei febru\u00e1r 28-ig t\u00f6rt\u00e9n\u0151 m\u0171k\u00f6dtet\u00e9s\u00e9hez ezt sz\u00fcks\u00e9gesnek l\u00e1tta \u00e9s egyhang\u00falag t\u00e1mogatja.<\/p>\n<div><\/div>\n<div><\/div>\n<p><em>A K\u00e9pvisel\u0151-test\u00fclet egyhang\u00fa szavaz\u00e1ssal megalkotta a 15\/2010-es sz\u00e1m\u00fa \u00d6KT. rendelet\u00e9t az \u00e1tmeneti gazd\u00e1lkod\u00e1sr\u00f3l. <\/em><\/p>\n<div><\/div>\n<div><\/div>\n<p><strong><em>4.,2011. \u00e9vi K\u00e9pvisel\u0151-test\u00fcleti munkaterv megt\u00e1rgyal\u00e1sa \u00e9s elfogad\u00e1sa<\/em><\/strong><\/p>\n<div><\/div>\n<div><\/div>\n<p><strong>Ramasz Imre:<\/strong> a munkatervet elk\u00e9sz\u00edtett\u00fck \u00e9s azt r\u00e9szetekre megk\u00fcldt\u00fck. Az els\u0151 test\u00fcleti \u00fcl\u00e9s\u00fcnk\u00f6n ir\u00e1nyelvk\u00e9nt hat\u00e1roztuk meg, hogy minden h\u00f3nap utols\u00f3 cs\u00fct\u00f6rt\u00f6k\u00e9n test\u00fcleti \u00fcl\u00e9st tartunk. Ennek megfelel\u0151en k\u00e9sz\u00edtett\u00fck el az anyagot. Egy szabad h\u00f3nap van, a j\u00falius.<\/p>\n<div><\/div>\n<div><\/div>\n<p><em>A K\u00e9pvisel\u0151-test\u00fclet egyhang\u00faan elfogadta a 2011. \u00e9vi munkatervet.<\/em><\/p>\n<div><\/div>\n<div><\/div>\n<p><strong><em>Bejelent\u00e9sek, interpell\u00e1ci\u00f3k.<\/em><\/strong><\/p>\n<div><\/div>\n<div><\/div>\n<div><\/div>\n<p><strong>dr. M\u00e9sz\u00e1ros Erzs\u00e9bet:<\/strong> els\u0151k\u00e9nt a gyermekv\u00e9delem helyi rendszer\u00e9r\u0151l sz\u00f3l\u00f3 4\/2006-os \u00d6KT. rendelet m\u00f3dos\u00edt\u00e1sa, amely a gyermek\u00e9tkeztet\u00e9s d\u00edjair\u00f3l sz\u00f3l. A G\u00e1l \u00e9s M\u00e1rta Vend\u00e9gl\u00e1t\u00f3 \u00e9s Szolg\u00e1ltat\u00f3 Kft.-vel van az \u00f6nkorm\u00e1nyzatnak szerz\u0151d\u00e9se. A hat\u00e1lyos szerz\u0151d\u00e9s\u00fcnk szerint az \u00e1remel\u00e9si javaslat\u00e1t 90 nappal az emel\u00e9st megel\u0151z\u0151en k\u00f6teles k\u00f6z\u00f6lni. Ahhoz, hogy a most \u0151 \u00e1ltaluk k\u00e9rt emel\u00e9st m\u00e1r janu\u00e1r 1-el alkalmazni tudj\u00e1k, m\u00f3dos\u00edtani kell a szerz\u0151d\u00e9s\u00fcnket. Ehhez elk\u00e9sz\u00edtettem egy hat\u00e1rozati javaslatot. Amennyiben ezt elfogadja a test\u00fclet, akkor az emel\u00e9st 30 nappal megel\u0151z\u0151en kell nekik bejelenteni\u00fck. Amennyiben nem fogadja ezt el a test\u00fclet, akkor marad a 90 napos hat\u00e1rid\u0151 \u00e9s csak m\u00e1rcius 1-el lehet nekik emelni az \u00e9tkeztet\u00e9si d\u00edjakat. A v\u00e1llalkoz\u00f3 egy\u00e9bk\u00e9nt \u00e1tlagban 6%-os emel\u00e9st alkalmaz.<\/p>\n<div><\/div>\n<p><strong>Ramasz Imre:<\/strong> bizony\u00e1ra eml\u00e9keztek, hogy egy alkalommal m\u00e1r k\u00e9rt\u00e9k az el\u0151z\u0151 test\u00fclett\u0151l a 90 napos hat\u00e1rid\u0151t 30 napra cs\u00f6kkenteni. Az akkori test\u00fclet elutas\u00edtotta a k\u00e9relmet, \u00edgy csak \u00e9v k\u00f6zben tudt\u00e1k alkalmazni az \u00e1remel\u00e9st. K\u00e9rd\u00e9semre, hogy mi\u00e9rt ilyen k\u00e9s\u0151n adt\u00e1k be az \u00e1remel\u00e9si sz\u00e1nd\u00e9kukat azt a v\u00e1laszt kaptam, hogy sajnos nem gondoltak r\u00e1 id\u0151ben. Az emel\u00e9s a v\u00e1rhat\u00f3 infl\u00e1ci\u00f3t minim\u00e1lisan haladja meg. Azonban azt tudjuk, hogy az \u00e9lelmiszerek enn\u00e9l nagyobb m\u00e9rt\u00e9kben fognak emelkedni. Magam r\u00e9sz\u00e9r\u0151l re\u00e1lisnak \u00e9s elfogadhat\u00f3nak tartom az emel\u00e9st. Javaslom, hogy ne csak a t\u00e9r\u00edt\u00e9si d\u00edj emel\u00e9ssel \u00e9rts\u00fcnk egyet, hanem tegy\u00fck sz\u00e1mukra lehet\u0151v\u00e9, hogy m\u00e1r janu\u00e1r 1-el alkalmazhass\u00e1k az \u00e1remel\u00e9st. Az \u00fcgyrendi bizotts\u00e1g t\u00e1rgyalta az el\u0151terjeszt\u00e9st, k\u00e9rem az eln\u00f6k\u00e9t, mondja el a bizotts\u00e1g \u00e1ll\u00e1spontj\u00e1t.<\/p>\n<div><\/div>\n<p><strong>Pusztai \u00c1d\u00e1m:<\/strong> az \u00e1remel\u00e9s m\u00e9rt\u00e9k\u00e9vel egyet \u00e9rtett\u00fcnk \u00e9s azt elfogad\u00e1s\u00e1ra javasoljuk.<\/p>\n<div><\/div>\n<p><strong>Gombk\u00f6t\u0151 Lajos:<\/strong> a 6%-os emel\u00e9st re\u00e1lisnak tartom. Elfogad\u00e1sra javaslom.<\/p>\n<div><\/div>\n<p><em>A K\u00e9pvisel\u0151-test\u00fclet egyhang\u00faan elfogadta, hogy h\u00e1rom h\u00f3nap helyett egy h\u00f3napos id\u0151tartammal kor\u00e1bban kelljen kezdem\u00e9nyezni a t\u00e9r\u00edt\u00e9si d\u00edj m\u00f3dos\u00edt\u00e1s\u00e1t. Tov\u00e1bb\u00e1 a K\u00e9pvisel\u0151-test\u00fclet egyhang\u00faan elfogadta a rendelet tervezet \u00e9s megalkotta a 16\/2010-es sz\u00e1m\u00fa \u00d6KT. rendelet\u00e9t a gyermekv\u00e9delem helyi rendszer\u00e9r\u0151l sz\u00f3l\u00f3 4\/2006-os sz\u00e1m\u00fa rendelet\u00e9nek m\u00f3dos\u00edt\u00e1s\u00e1r\u00f3l.<\/em><\/p>\n<div><\/div>\n<div><\/div>\n<p><strong>dr. M\u00e9sz\u00e1ros Erzs\u00e9bet:<\/strong> k\u00f6vetkez\u0151 el\u0151terjeszt\u00e9sem az a k\u00f6ztisztvisel\u0151kkel szemben meghat\u00e1rozott teljes\u00edtm\u00e9ny k\u00f6vetelm\u00e9nyek alapj\u00e1t k\u00e9pez\u0151 c\u00e9lkit\u0171z\u00e9sekr\u0151l sz\u00f3l. Egy terjedelmesebb anyagot \u00e1ll\u00edtottam \u00f6ssze ebben a t\u00e9mak\u00f6rben. V\u00e1rom a k\u00e9rd\u00e9seket.<\/p>\n<div><\/div>\n<p><strong>Pusztai \u00c1d\u00e1m: <\/strong>az utols\u00f3 bekezd\u00e9sben tal\u00e1lhat\u00f3 egy sz\u00f3, hogy lakoss\u00e1gbar\u00e1t. \u00c9n azt javaslom, hogy a lap alj\u00e1n tal\u00e1lhat\u00f3 mondatba is tegy\u00fck be, m\u00e9gpedig abba a r\u00e9szbe, hogy a lakoss\u00e1gi panaszbejelent\u00e9sek lakoss\u00e1gbar\u00e1t, gyors \u00e9s szakszer\u0171 \u00fcgyint\u00e9z\u00e9se. Ez szerintem ide is beleillik. Ez egy olyan k\u00f6vetelm\u00e9nyrendszer, amire lehet t\u00e1maszkodni az \u00f6nkorm\u00e1nyzatn\u00e1l dolgoz\u00f3 emberek munk\u00e1j\u00e1nak meg\u00edt\u00e9l\u00e9sekor. T\u00e1mogatom az elfogad\u00e1s\u00e1t.<\/p>\n<div><\/div>\n<div><\/div>\n<p><em>A K\u00e9pvisel\u0151-test\u00fclet &#8211; a m\u00f3dos\u00edt\u00e1sokkal egy\u00fctt &#8211; egyhang\u00faan elfogadta a k\u00f6ztisztvisel\u0151kkel szemben meghat\u00e1rozott teljes\u00edtm\u00e9ny k\u00f6vetelm\u00e9nyek alapj\u00e1t k\u00e9pez\u0151 c\u00e9lkit\u0171z\u00e9sekr\u0151l sz\u00f3l\u00f3 el\u0151terjeszt\u00e9st. <\/em><\/p>\n<div><\/div>\n<div><\/div>\n<p><strong>dr. M\u00e9sz\u00e1ros Erzs\u00e9bet<\/strong>: a polg\u00e1rmesteri hivatal alap\u00edt\u00f3 okirat\u00e1nak m\u00f3dos\u00edt\u00e1s\u00e1hoz kapcsol\u00f3dik a k\u00f6vetkez\u0151 el\u0151terjeszt\u00e9sem. Itt tulajdonk\u00e9ppen egyes szakfeladatok ker\u00fclnek t\u00f6rl\u00e9sre a jogszab\u00e1ly v\u00e1ltoz\u00e1sa miatt. Az egyes sz\u00e1m\u00fa mell\u00e9klet tartalmazza ezeket. Az elm\u00falt test\u00fcleti \u00fcl\u00e9sen felmer\u00fclt \u00faj szakfeladat ker\u00fclt bele, a foly\u00f3irat, id\u0151szaki lap kiad\u00e1sa illetve a csal\u00e1dseg\u00edt\u00e9s. Ez ut\u00f3bbi eddig nem m\u0171k\u00f6d\u00f6tt Kardosk\u00faton. Most a normat\u00edva ig\u00e9nyl\u00e9sn\u00e9l der\u00fclt ki, hogy m\u0171k\u00f6d\u00e9si enged\u00e9ly n\u00e9lk\u00fcl, de csak normat\u00edv\u00e1t lehet r\u00e1 ig\u00e9nyelni. Az ell\u00e1t\u00e1s m\u00f3dj\u00e1t a test\u00fclet hat\u00e1rozza majd meg janu\u00e1rban.<\/p>\n<div><\/div>\n<div><\/div>\n<p><em>A K\u00e9pvisel\u0151-test\u00fclet egyhang\u00faan elfogadta a Kardosk\u00fat K\u00f6zs\u00e9g \u00d6nkorm\u00e1nyzata polg\u00e1rmesteri hivatala alap\u00edt\u00f3 okirat\u00e1nak m\u00f3dos\u00edt\u00e1s\u00e1r\u00f3l tett el\u0151terjeszt\u00e9st. <\/em><\/p>\n<div><\/div>\n<div><\/div>\n<p><strong>dr. M\u00e9sz\u00e1ros Erzs\u00e9bet:<\/strong> az alap\u00edt\u00f3 okirat m\u00f3dos\u00edt\u00e1s\u00e1hoz szorosan kapcsol\u00f3dik a k\u00f6vetkez\u0151 el\u0151terjeszt\u00e9sem. Feladatul kaptam, hogy a Kardosk\u00fati H\u00edrmond\u00f3 szervezeti \u00e9s m\u0171k\u00f6d\u00e9si szab\u00e1lyzat\u00e1t k\u00e9sz\u00edtsem el. Ehhez Palit\u00f3l kaptam egy seg\u00e9danyagot, amelyet \u00e1tdolgoztam \u00e9s ennek eredm\u00e9ny\u00e9t megkapt\u00e1k a test\u00fcleti tagok.\u00a0 Megpr\u00f3b\u00e1ltam t\u00e9nyleg a helyi \u00fajs\u00e1gra meg\u00edrni, de majd az \u00e9szrev\u00e9teleket v\u00e1rom, hogy mi maradt ki.<\/p>\n<div><\/div>\n<div><\/div>\n<p><strong>Ramasz Imre:<\/strong> nem kev\u00e9s munk\u00e1t fektetett bele Erzsike az anyag elk\u00e9sz\u00edt\u00e9s\u00e9be. Egy egyeztet\u00e9st is tartottunk el\u0151zetesen ezzel \u00f6sszef\u00fcgg\u00e9sben, v\u00e9g\u00fcl is \u00edgy alakult ki ez az el\u0151terjeszt\u00e9s.<\/p>\n<div><\/div>\n<div><\/div>\n<p><strong>Pusztai \u00c1d\u00e1m:<\/strong> az SZMSZ v\u00e9g\u00e9re egy mell\u00e9kletet gondoltam m\u00e9g hozz\u00e1tenni, amely tartalmazza\u00a0 az al\u00e1 \u00e9s f\u00f6l\u00e9 rendel\u00e9si viszonyokat a szerkeszt\u0151s\u00e9gen bel\u00fcl. Illetve azt a r\u00e9szt, hogy : &#8222;<em>a szerkeszt\u0151s\u00e9g tagjai elv\u00e9gzett munk\u00e1juk\u00e9rt d\u00edjaz\u00e1st nem kapnak<\/em>&#8222;, megtartan\u00e1m, de az \u00f6nkorm\u00e1nyzatn\u00e1l illetve int\u00e9zm\u00e9nyein\u00e9l dolgoz\u00f3k munkak\u00f6ri le\u00edr\u00e1s\u00e1ban felt\u00e9tlen\u00fcl szerepeltetni kell ezen t\u00fal, hogy az id\u0151szaki lap elk\u00e9sz\u00edt\u00e9s\u00e9vel kapcsolatos feladatok r\u00e9sz\u00e9t k\u00e9pezik a munk\u00e1juknak. Van ugye egy felel\u0151s szerkeszt\u0151, akinek rengeteg feladata \u00e9s felel\u0151ss\u00e9ge van. Neki sincs ez\u00e9rt semmi juttat\u00e1s?<\/p>\n<div><\/div>\n<div><\/div>\n<p><strong>dr. M\u00e9sz\u00e1ros Erzs\u00e9bet:<\/strong> senki nem kap ez\u00e9rt a munk\u00e1\u00e9rt juttat\u00e1st.<\/p>\n<div><\/div>\n<div><\/div>\n<p><strong>Varga P\u00e1l:<\/strong> el\u0151zetesen egyeztet\u00e9sek voltak ebben a k\u00e9rd\u00e9sben. Az SZMSZ tartalm\u00e1val teljes m\u00e9rt\u00e9kben egyet\u00e9rtek \u00e9s azt elfogad\u00e1sra javaslom.<\/p>\n<div><\/div>\n<div><\/div>\n<p><strong>Pusztai \u00c1d\u00e1m:<\/strong> az SZMSZ r\u00e9szletesen kiterjed a lapkiad\u00e1s minden r\u00e9szlet\u00e9re. K\u00f6sz\u00f6n\u00f6m sz\u00e9pen a munk\u00e1t.<\/p>\n<div><\/div>\n<div><\/div>\n<p><strong>Gombk\u00f6t\u0151 Lajos:<\/strong> a k\u00e9ziratok dokument\u00e1lt, visszakereshet\u0151 \u0151rz\u00e9se az mit jelent? Meddig kell meg\u0151rizni?<\/p>\n<div><\/div>\n<div><\/div>\n<p><strong>dr. M\u00e9sz\u00e1ros Erzs\u00e9bet:<\/strong> hat h\u00f3napig kell meg\u0151rizni a sajt\u00f3t\u00f6rv\u00e9ny szerint.<\/p>\n<div><\/div>\n<div><\/div>\n<p><strong>Gombk\u00f6t\u0151 Lajos:<\/strong> k\u00f6sz\u00f6n\u00f6m, elfogad\u00e1sra javaslom.<\/p>\n<div><\/div>\n<div><\/div>\n<p><em>A K\u00e9pvisel\u0151-test\u00fclet egyhang\u00fa szavaz\u00e1ssal &#8211; az eml\u00edtett m\u00f3dos\u00edt\u00e1sokkal egy\u00fctt &#8211; elfogadta a Kardosk\u00fati H\u00edrmond\u00f3 id\u0151szaki lap SZMSZ-\u00e9t.<\/em><\/p>\n<div><\/div>\n<div><\/div>\n<p><strong>Ramasz Imre:<\/strong> ezek ut\u00e1n szeretn\u00e9k javaslatot tenni a felel\u0151s szerkeszt\u0151 szem\u00e9ly\u00e9re. El\u0151zetes konzult\u00e1ci\u00f3kat folytattam ebben az \u00fcgyben \u00e9s ezek ut\u00e1n felel\u0151s szerkeszt\u0151nek Pappn\u00e9 Neller Borb\u00e1l\u00e1t javaslom.<\/p>\n<div><\/div>\n<div><\/div>\n<p><em>A K\u00e9pvisel\u0151-test\u00fclet egyhang\u00fa szavaz\u00e1ssal elfogadta a Kardosk\u00fati H\u00edrmond\u00f3 felel\u0151s szerkeszt\u0151j\u00e9nek Pappn\u00e9 Neller Borb\u00e1l\u00e1t.<\/em><\/p>\n<div><\/div>\n<div><\/div>\n<p><strong>Ramasz Imre: <\/strong>eredm\u00e9nyes, j\u00f3 munk\u00e1t k\u00edv\u00e1nok!<\/p>\n<div><\/div>\n<div><\/div>\n<p><strong>Pappn\u00e9 Neller Borb\u00e1la<\/strong>: k\u00f6sz\u00f6n\u00f6m sz\u00e9pen, igyekszem majd megszolg\u00e1lni a bizalmat.<\/p>\n<div><\/div>\n<div><\/div>\n<p><strong>Ramasz Imre:<\/strong> javaslatot teszek a szerkeszt\u0151s\u00e9g tagjainak szem\u00e9ly\u00e9re. \u0150ket az im\u00e9nt elfogadott SZMSZ szerint m\u00e1r a felel\u0151s szerkeszt\u0151 fogja felk\u00e9rni erre a munk\u00e1ra. El\u0151zetes egyeztet\u00e9sek alapj\u00e1n a szerkeszt\u0151s\u00e9g tagjainak sor\u00e1ba javaslom dr. M\u00e9sz\u00e1ros Erzs\u00e9betet, Pappn\u00e9 Neller Borb\u00e1l\u00e1t, Rajki Juditot, Varga P\u00e1lt \u00e9s Veraszt\u00f3 J\u00f3zsefet. El\u0151zetesen Buzai Csaba neve is felmer\u00fclt, de Csaba t\u00e9nylegesen nem k\u00edv\u00e1n a szerkeszt\u0151s\u00e9g munk\u00e1j\u00e1ban r\u00e9szt venni, s\u0171r\u0171 elfoglalts\u00e1gai miatt. Viszont a munk\u00e1ba beseg\u00edt, mint olvas\u00f3szerkeszt\u0151. R\u00e9sz\u00e9re a nyomdak\u00e9sz anyagot \u00e1tk\u00fcldi Pali e-mailben \u00e9s \u0151 \u00e1tn\u00e9zi stilisztikailag \u00e9s helyes\u00edr\u00e1silag. Most ismert\u00e9tek meg ezeket a neveket. Lehet, hogy mer\u00fcltek fel k\u00e9rd\u00e9sek bennetek. Mondjatok v\u00e9lem\u00e9nyt ak\u00e1r szem\u00e9lyre sz\u00f3l\u00f3an. Ez a k\u00f6r ny\u00edlv\u00e1n b\u0151v\u00fclhet az id\u0151 folyam\u00e1n, de ez a mag. Ennek el\u0151k\u00e9sz\u00edt\u00e9s\u00e9ben Pali nagy szerepet v\u00e1llalt \u00e9s most megk\u00e9rlek, hogy indokold a szem\u00e9lyekre t\u00f6rt\u00e9nt v\u00e1laszt\u00e1s ok\u00e1t.<\/p>\n<div><\/div>\n<div><\/div>\n<p><strong>Varga P\u00e1l:<\/strong> az \u00fajs\u00e1g el\u0151k\u00e9sz\u00edt\u0151 munk\u00e1latai, illetve a szerkeszt\u0151s\u00e9g \u00f6ssze\u00e1ll\u00edt\u00e1s\u00e1nak folyam\u00e1n azt vett\u00fck figyelembe, hogy olyan tagokat pr\u00f3b\u00e1ljunk bevonni a munk\u00e1ba, akik t\u00e9nylegesen kiveszik a r\u00e9sz\u00fcket az \u00fajs\u00e1g k\u00e9sz\u00edt\u00e9s\u00e9b\u0151l. Cikket \u00edrnak, fot\u00f3znak \u00e9s \u00f6tletelnek. Ell\u00e1tj\u00e1k az \u00fajs\u00e1got anyaggal. Az \u00e1ltal\u00e1nos iskola termeli a h\u00edreket. Mindig t\u00f6rt\u00e9nik valami. Veraszt\u00f3 J\u00f3zsef eddig is tev\u00e9kenyen kivette a r\u00e9sz\u00e9t a weboldallal kapcsolatban. \u00cdrt cikkeket \u00e9s vannak j\u00f3 \u00f6tletei. Ez\u00e9rt gondoltam, hogy az \u00e1ltal\u00e1nos iskola \u00e9s esetleg az \u00f3voda r\u00e9szt azt \u0151 szerkeszthetn\u00e9. Els\u0151 sz\u00f3ra elv\u00e1llalta, \u00f6r\u00fclt a felk\u00e9r\u00e9snek. Rajki Judit nagyon j\u00f3 fot\u00f3s. Az orosh\u00e1zi m\u00e9di\u00e1n\u00e1l dolgozik jelenleg. D\u00e9lut\u00e1nonk\u00e9nt van neki szabadideje, amib\u0151l sz\u00edvesen \u00e1ldoz a helyi \u00fajs\u00e1g sz\u00e1m\u00e1ra. \u00d6r\u00f6mmel v\u00e1llalta \u0151 is a felk\u00e9r\u00e9st. J\u00f6nni fog a rendezv\u00e9nyekre, fot\u00f3zik \u00e9s cikkeket is \u00edr majd. \u00d6r\u00f6mmel vett\u00fck, hogy Erzsike is elv\u00e1llalta a felk\u00e9r\u00e9st. Az \u00fajs\u00e1gban megjelent cikkeket jogilag tudja \u00e1tn\u00e9zni, korrig\u00e1lni ha kell. Buzai Csabi a k\u00e9t kisgyerek mellett nem tud elj\u00f6nni a szerkeszt\u0151s\u00e9gi \u00fcl\u00e9sekre, de otthonr\u00f3l t\u00e1vseg\u00edts\u00e9ggel bekapcsol\u00f3dik a munk\u00e1nkba. Volt k\u00e9t megbesz\u00e9l\u00e9s\u00fcnk r\u00f6vid id\u0151n bel\u00fcl a szerkeszt\u0151s\u00e9gi tagokkal. Projektorral kivet\u00edtve, k\u00f6z\u00f6sen szerkesztett\u00fck v\u00e9glegesre a kar\u00e1csonyi sz\u00e1mot. V\u00e9lem\u00e9nyem szerint a szerkeszt\u0151s\u00e9g \u00f6sszet\u00e9tele biztos\u00edt\u00e9k a j\u00f3 munk\u00e1ra. A kar\u00e1csonyi sz\u00e1mban nem f\u00e9rt\u00fcnk bele a tizenk\u00e9t oldalas keretbe, tizenhat oldalasan jelenik meg most az \u00fajs\u00e1g, sajn\u00e1ltunk volna b\u00e1rmit kihagyni bel\u0151le. Sok volt a h\u00edr.<\/p>\n<div><\/div>\n<div><\/div>\n<p><strong>M\u00f3rocz Lajos:<\/strong> j\u00f3 munk\u00e1t k\u00edv\u00e1nok! Mikor ker\u00fcl a postal\u00e1d\u00e1kba az \u00fajs\u00e1g?<\/p>\n<div><\/div>\n<div><\/div>\n<p><strong>Varga P\u00e1l:<\/strong> k\u00e9s\u0151n kaptunk meg anyagokat, \u00edgy k\u00e9s\u0151n tudtam vinni a nyomd\u00e1ba. Tegnap m\u00e9g f\u00e9l 3-kor szerkesztett\u00fck az \u00fajs\u00e1got \u00e9s h\u00e1romra nyomd\u00e1ban voltam vele. \u00cdg\u00e9retet kaptunk r\u00e1, hogy december 21-re k\u00e9szen lesz az \u00fajs\u00e1g. Kar\u00e1csonyra a l\u00e1d\u00e1kban, napt\u00e1rral a k\u00f6zep\u00e9n.<\/p>\n<div><\/div>\n<div><\/div>\n<p><strong>Gombk\u00f6t\u0151 Lajos:<\/strong> biztosan sok munka lesz vele, j\u00f3 munk\u00e1t k\u00edv\u00e1nok \u00e9n is.<\/p>\n<div><\/div>\n<div><\/div>\n<p><em>A K\u00e9pvisel\u0151-test\u00fclet egyhang\u00fa szavaz\u00e1ssal elfogadta a Kardosk\u00fati H\u00edrmond\u00f3 szerkeszt\u0151s\u00e9g\u00e9nek \u00f6sszet\u00e9tel\u00e9t.<\/em><\/p>\n<div><\/div>\n<div><\/div>\n<p><strong>Varga P\u00e1l:<\/strong> kar\u00e1csony el\u0151tti napokban egy f\u0151z\u00e9st szervez\u00fcnk. Az el\u0151k\u00e9sz\u00edt\u0151 munk\u00e1k m\u00e1r megkezd\u0151dtek. 350 adag guly\u00e1sleves megf\u0151z\u00e9s\u00e9re ker\u00fcl sor helyben, a m\u0171vel\u0151d\u00e9si h\u00e1z udvar\u00e1n. A k\u00fcl\u00f6nb\u00f6z\u0151 enged\u00e9lyek beszerz\u00e9se megt\u00f6rt\u00e9nt. F\u0151\u00e1llatorvos \u00fart\u00f3l meg\u00e9rkezett a f\u0151z\u00e9s tudom\u00e1sulv\u00e9tele. Helyi, illetve orosh\u00e1zi v\u00e1llalkoz\u00f3kat \u00e9s mag\u00e1nembereket kerestem meg, hogy t\u00e1mogass\u00e1k elk\u00e9pzel\u00e9semet. A teljes k\u00f6lts\u00e9gvet\u00e9shez jelenleg m\u00e9g hi\u00e1nyzik p\u00e9nz. Ha k\u00e9pvisel\u0151t\u00e1rsaim k\u00f6z\u00fcl b\u00e1rki \u00fagy gondolja, hogy erre a c\u00e9lra tud sz\u00e1nni p\u00e9nz vagy munk\u00e1j\u00e1val hozz\u00e1 tud j\u00e1rulni a f\u0151z\u00e9sn\u00e9l, illetve az el\u0151k\u00e9sz\u00fcletekn\u00e9l, azt megk\u00f6sz\u00f6nj\u00fck. Mag\u00e1t a f\u0151z\u00e9st Szab\u00f3 L\u00e1szl\u00f3 helyi v\u00e1llalkoz\u00f3nk v\u00e1llalta fel. \u0150 lesz a f\u0151szak\u00e1cs. Tartalmas leves lesz.<\/p>\n<div><\/div>\n<div><\/div>\n<p><strong>Ramasz Imre:<\/strong> december 22-\u00e9n, szerd\u00e1n lesz a f\u0151z\u00e9s. A kor\u00e1bbi \u00e9vekben ebben az id\u0151szakban a Tiszta Sz\u00edvvel Egym\u00e1s\u00e9rt Alap\u00edtv\u00e1nynak ny\u00fajtottunk t\u00e1mogat\u00e1st, akik cser\u00e9be \u00e9telt osztottak Kardosk\u00faton. Pali megkeresett engem, hogy az id\u00e9n megszervezn\u00e9 ezt \u00e9s az alap\u00edtv\u00e1nyt \u00edgy kihagytuk. Az alap\u00edtv\u00e1nyt\u00f3l id\u0151k\u00f6zben m\u00e1r kerestek, de k\u00f6z\u00f6ltem, hogy az id\u00e9n helyi szervez\u00e9sben val\u00f3sul meg az \u00e9teloszt\u00e1s. Tudom\u00e1sul vett\u00e9k \u00e9s \u00f6r\u00fcltek neki. Teljes m\u00e9rt\u00e9kben Palinak az \u00e9rdeme \u00e9s kezdem\u00e9nyez\u00e9se az \u00e9teloszt\u00e1s. Mint telep\u00fcl\u00e9si k\u00e9pvisel\u0151, alaposan kiveszi a r\u00e9sz\u00e9t ennek a szervez\u00e9s\u00e9ben. Elismer\u00e9semet fejezem ki a munk\u00e1\u00e9rt el\u0151re is.<\/p>\n<div><\/div>\n<div><\/div>\n<p><strong>M\u00f3rocz Lajos:<\/strong> milyen seg\u00edts\u00e9gre gondolsz el\u0151tte nap?<\/p>\n<div><\/div>\n<div><\/div>\n<p><strong>Varga P\u00e1l:<\/strong> z\u00f6lds\u00e9gpucol\u00e1s \u00e9s az egy\u00e9b el\u0151k\u00e9sz\u00fcletek. A h\u00fassal nincs dolgunk, mert azt konyhak\u00e9szen, \u00f6sszedarabolva kapjuk a Gyop\u00e1rh\u00fas Bt.-t\u0151l a sz\u00fcks\u00e9ges \u00e1llatorvosi iratokkal egy\u00fctt.<\/p>\n<div><\/div>\n<div><\/div>\n<p><em>A test\u00fcleti \u00fcl\u00e9s z\u00e1rt keretek k\u00f6z\u00f6tt szoci\u00e1lis k\u00e9rd\u00e9sekkel folytat\u00f3dik. <\/em><\/p>\n","protected":false},"excerpt":{"rendered":"<p>Kardosk\u00fat K\u00f6zs\u00e9g \u00d6nkorm\u00e1nyzata K\u00e9pvisel\u0151-test\u00fclete 2010. december 16-\u00e1n (cs\u00fct\u00f6rt\u00f6k\u00f6n) 14 \u00f3rai kezdettel tartotta soron k\u00f6vetkez\u0151 test\u00fcleti \u00fcl\u00e9s\u00e9t. Jelen vannak: Ramasz Imre polg\u00e1rmester, M\u00f3rocz Lajos, Gombk\u00f6t\u0151 Lajos, Pusztai \u00c1d\u00e1m \u00e9s Varga P\u00e1l telep\u00fcl\u00e9si k\u00e9pvisel\u0151k. Jelen van tov\u00e1bb\u00e1: dr. M\u00e9sz\u00e1ros Erzs\u00e9bet jegyz\u0151, Pappn\u00e9 Neller Borb\u00e1la m\u0171vel\u0151d\u00e9si h\u00e1z igazgat\u00f3, Kapun\u00e9 Sin Anik\u00f3 p\u00e9nz\u00fcgyi f\u0151tan\u00e1csos, T\u00f3th J\u00f3zsefn\u00e9 f\u0151el\u0151ad\u00f3, Skorka P\u00e1ln\u00e9 &hellip; <\/p>\n<p class=\"link-more\"><a href=\"https:\/\/www.kardoskut.hu\/?p=1648\" class=\"more-link\"><span class=\"screen-reader-text\">&#8222;Besz\u00e1mol\u00f3 a test\u00fcleti \u00fcl\u00e9sr\u0151l&#8221;<\/span> b\u0151vebben<\/a><\/p>\n","protected":false},"author":1,"featured_media":0,"comment_status":"closed","ping_status":"closed","sticky":false,"template":"","format":"standard","meta":{"footnotes":""},"categories":[13],"tags":[],"class_list":["post-1648","post","type-post","status-publish","format-standard","hentry","category-13"],"_links":{"self":[{"href":"https:\/\/www.kardoskut.hu\/index.php?rest_route=\/wp\/v2\/posts\/1648","targetHints":{"allow":["GET"]}}],"collection":[{"href":"https:\/\/www.kardoskut.hu\/index.php?rest_route=\/wp\/v2\/posts"}],"about":[{"href":"https:\/\/www.kardoskut.hu\/index.php?rest_route=\/wp\/v2\/types\/post"}],"author":[{"embeddable":true,"href":"https:\/\/www.kardoskut.hu\/index.php?rest_route=\/wp\/v2\/users\/1"}],"replies":[{"embeddable":true,"href":"https:\/\/www.kardoskut.hu\/index.php?rest_route=%2Fwp%2Fv2%2Fcomments&post=1648"}],"version-history":[{"count":1,"href":"https:\/\/www.kardoskut.hu\/index.php?rest_route=\/wp\/v2\/posts\/1648\/revisions"}],"predecessor-version":[{"id":1649,"href":"https:\/\/www.kardoskut.hu\/index.php?rest_route=\/wp\/v2\/posts\/1648\/revisions\/1649"}],"wp:attachment":[{"href":"https:\/\/www.kardoskut.hu\/index.php?rest_route=%2Fwp%2Fv2%2Fmedia&parent=1648"}],"wp:term":[{"taxonomy":"category","embeddable":true,"href":"https:\/\/www.kardoskut.hu\/index.php?rest_route=%2Fwp%2Fv2%2Fcategories&post=1648"},{"taxonomy":"post_tag","embeddable":true,"href":"https:\/\/www.kardoskut.hu\/index.php?rest_route=%2Fwp%2Fv2%2Ftags&post=1648"}],"curies":[{"name":"wp","href":"https:\/\/api.w.org\/{rel}","templated":true}]}}