{"id":1644,"date":"2010-12-31T14:53:50","date_gmt":"2010-12-31T14:53:50","guid":{"rendered":"http:\/\/new.kardoskut.hu\/?p=1644"},"modified":"2017-11-26T14:55:32","modified_gmt":"2017-11-26T14:55:32","slug":"kozosen-leptuk-at-az-ujev-kapujat","status":"publish","type":"post","link":"https:\/\/www.kardoskut.hu\/?p=1644","title":{"rendered":"K\u00f6z\u00f6sen l\u00e9pt\u00fck \u00e1t az \u00faj\u00e9v kapuj\u00e1t"},"content":{"rendered":"<p><a href=\"https:\/\/www.flickr.com\/photos\/kardoskuthu\/albums\/72157659017080780\"><img loading=\"lazy\" decoding=\"async\" src=\"http:\/\/kardoskut.hu\/images\/stories\/2010_szilveszteri_buli_muvhaz_018.jpg\" alt=\"2010_szilveszteri_buli_muvhaz_018\" width=\"550\" height=\"363\" \/><\/a><br \/>\nSzombaton el\u00e9rkezett a fiatalok \u00e1ltal annyira v\u00e1rt szilveszter este. A kis bar\u00e1ti \u00f6sszej\u00f6vetelnek indult mulats\u00e1g a v\u00e9g\u00e9n egy igazi k\u00f6z\u00f6ss\u00e9gform\u00e1l\u00f3 nagy buliv\u00e1 v\u00e1lt. \u00d6sszesz\u00e1moltuk, k\u00f6zel 50 ember fordult meg hosszabb-r\u00f6videbb id\u0151re a m\u0171vel\u0151d\u00e9si h\u00e1zban szilveszter \u00e9jjel. A felcsend\u00fcl\u0151 zen\u00e9k k\u00f6z\u00f6tt mindenki megtal\u00e1lhatta az \u00edzl\u00e9s\u00e9nek megfelel\u0151 muzsik\u00e1t. Felcsend\u00fcltek a nyolcvanas-kilencvenes \u00e9vek legnagyobb sl\u00e1gerei is, \u00e9s hallhattuk a legfrissebb disco zen\u00e9ket is, \u00edgy a t\u00e1ncparkett sosem volt \u00fcres. Az este 9 \u00f3rai kapunyit\u00e1s ut\u00e1n reggelig ropta j\u00f3 hangulatban a t\u00e1ncos l\u00e1b\u00fa t\u00e1rsas\u00e1g. Azt hiszem, hogy aki \u00fagy d\u00f6nt\u00f6tt, hogy vel\u00fcnk szeretn\u00e9 k\u00f6sz\u00f6nteni az \u00faj\u00e9vet \u00e9s j\u00f3l akarta \u00e9rezni mag\u00e1t, nem csal\u00f3dott az est\u00e9ben. J\u00f3 volt l\u00e1tni a vid\u00e1m, \u00f6nfeledt arcokat, \u00e9s hallani, hogy mennyire \u00f6r\u00fcltek ennek a bulinak a fiatalok.<\/p>\n<div>\u00a0<strong>Ez\u00faton is h\u00e1l\u00e1san k\u00f6sz\u00f6nj\u00fck a lehet\u0151s\u00e9get, \u00e9s boldog \u00faj \u00e9vet k\u00edv\u00e1nunk mindenkinek!<\/strong><\/div>\n<p>Tov\u00e1bbi fot\u00f3k\u00e9rt k\u00e9rem kattintson az al\u00e1bbi fot\u00f3ra&#8230;<br \/>\nFot\u00f3k: <em>Rajki Judit<\/em><strong><br \/>\n<a href=\"https:\/\/www.flickr.com\/photos\/kardoskuthu\/albums\/72157659017080780\"><img loading=\"lazy\" decoding=\"async\" src=\"http:\/\/kardoskut.hu\/images\/stories\/2010_szilveszteri_buli_muvhaz_016.jpg\" alt=\"2010_szilveszteri_buli_muvhaz_016\" width=\"550\" height=\"367\" \/><\/a><\/strong><\/p>\n","protected":false},"excerpt":{"rendered":"<p>Szombaton el\u00e9rkezett a fiatalok \u00e1ltal annyira v\u00e1rt szilveszter este. A kis bar\u00e1ti \u00f6sszej\u00f6vetelnek indult mulats\u00e1g a v\u00e9g\u00e9n egy igazi k\u00f6z\u00f6ss\u00e9gform\u00e1l\u00f3 nagy buliv\u00e1 v\u00e1lt. \u00d6sszesz\u00e1moltuk, k\u00f6zel 50 ember fordult meg hosszabb-r\u00f6videbb id\u0151re a m\u0171vel\u0151d\u00e9si h\u00e1zban szilveszter \u00e9jjel. A felcsend\u00fcl\u0151 zen\u00e9k k\u00f6z\u00f6tt mindenki megtal\u00e1lhatta az \u00edzl\u00e9s\u00e9nek megfelel\u0151 muzsik\u00e1t. Felcsend\u00fcltek a nyolcvanas-kilencvenes \u00e9vek legnagyobb sl\u00e1gerei is, \u00e9s hallhattuk &hellip; <\/p>\n<p class=\"link-more\"><a href=\"https:\/\/www.kardoskut.hu\/?p=1644\" class=\"more-link\"><span class=\"screen-reader-text\">&#8222;K\u00f6z\u00f6sen l\u00e9pt\u00fck \u00e1t az \u00faj\u00e9v kapuj\u00e1t&#8221;<\/span> b\u0151vebben<\/a><\/p>\n","protected":false},"author":1,"featured_media":0,"comment_status":"closed","ping_status":"closed","sticky":false,"template":"","format":"standard","meta":{"footnotes":""},"categories":[12],"tags":[],"class_list":["post-1644","post","type-post","status-publish","format-standard","hentry","category-12"],"_links":{"self":[{"href":"https:\/\/www.kardoskut.hu\/index.php?rest_route=\/wp\/v2\/posts\/1644","targetHints":{"allow":["GET"]}}],"collection":[{"href":"https:\/\/www.kardoskut.hu\/index.php?rest_route=\/wp\/v2\/posts"}],"about":[{"href":"https:\/\/www.kardoskut.hu\/index.php?rest_route=\/wp\/v2\/types\/post"}],"author":[{"embeddable":true,"href":"https:\/\/www.kardoskut.hu\/index.php?rest_route=\/wp\/v2\/users\/1"}],"replies":[{"embeddable":true,"href":"https:\/\/www.kardoskut.hu\/index.php?rest_route=%2Fwp%2Fv2%2Fcomments&post=1644"}],"version-history":[{"count":1,"href":"https:\/\/www.kardoskut.hu\/index.php?rest_route=\/wp\/v2\/posts\/1644\/revisions"}],"predecessor-version":[{"id":1645,"href":"https:\/\/www.kardoskut.hu\/index.php?rest_route=\/wp\/v2\/posts\/1644\/revisions\/1645"}],"wp:attachment":[{"href":"https:\/\/www.kardoskut.hu\/index.php?rest_route=%2Fwp%2Fv2%2Fmedia&parent=1644"}],"wp:term":[{"taxonomy":"category","embeddable":true,"href":"https:\/\/www.kardoskut.hu\/index.php?rest_route=%2Fwp%2Fv2%2Fcategories&post=1644"},{"taxonomy":"post_tag","embeddable":true,"href":"https:\/\/www.kardoskut.hu\/index.php?rest_route=%2Fwp%2Fv2%2Ftags&post=1644"}],"curies":[{"name":"wp","href":"https:\/\/api.w.org\/{rel}","templated":true}]}}