{"id":1635,"date":"2010-12-29T14:44:17","date_gmt":"2010-12-29T14:44:17","guid":{"rendered":"http:\/\/new.kardoskut.hu\/?p=1635"},"modified":"2017-11-26T14:46:28","modified_gmt":"2017-11-26T14:46:28","slug":"szilveszter-kupa","status":"publish","type":"post","link":"https:\/\/www.kardoskut.hu\/?p=1635","title":{"rendered":"Szilveszter Kupa"},"content":{"rendered":"<figure id=\"attachment_1636\" aria-describedby=\"caption-attachment-1636\" style=\"width: 1024px\" class=\"wp-caption alignnone\"><a href=\"https:\/\/www.flickr.com\/photos\/kardoskuthu\/albums\/72157659020311958\"><img loading=\"lazy\" decoding=\"async\" class=\"size-full wp-image-1636\" src=\"http:\/\/new.kardoskut.hu\/wp-content\/uploads\/2017\/11\/101229_evzaro_asztalitenisz_kupa_rj_018.jpg\" alt=\"\" width=\"1024\" height=\"667\" srcset=\"https:\/\/www.kardoskut.hu\/wp-content\/uploads\/2017\/11\/101229_evzaro_asztalitenisz_kupa_rj_018.jpg 1024w, https:\/\/www.kardoskut.hu\/wp-content\/uploads\/2017\/11\/101229_evzaro_asztalitenisz_kupa_rj_018-300x195.jpg 300w, https:\/\/www.kardoskut.hu\/wp-content\/uploads\/2017\/11\/101229_evzaro_asztalitenisz_kupa_rj_018-768x500.jpg 768w\" sizes=\"auto, (max-width: 767px) 89vw, (max-width: 1000px) 54vw, (max-width: 1071px) 543px, 580px\" \/><\/a><figcaption id=\"caption-attachment-1636\" class=\"wp-caption-text\">Tov\u00e1bbi fot\u00f3k\u00e9rt k\u00e9rem, kattintson a fenti k\u00e9pre. (Fot\u00f3k: VP.)<\/figcaption><\/figure>\n<p>Tizenhat indul\u00f3val rajtolt az idei asztalitenisz \u00e9vadot lez\u00e1r\u00f3 Szilveszteri Kupa. Sikeres \u00e9v van m\u00f6g\u00f6tt\u00fcnk ami az asztalitenisz \u00e9letet illeti a telep\u00fcl\u00e9sen. Kor\u00e1bbi cikkeinkben folyamatosan besz\u00e1moltunk a sport\u00e1ggal kapcsolatos t\u00f6rt\u00e9n\u00e9sekr\u0151l. B\u00edzzunk benne, hogy j\u00f6v\u0151re m\u00e9g ink\u00e1bb kiteljesedik a mozg\u00e1snak ezen form\u00e1ja Kardosk\u00faton. Az edz\u00e9sekre tov\u00e1bbra is kedden \u00e9s p\u00e9nteken 18 \u00f3r\u00e1t\u00f3l, illetve szombaton 15 \u00f3r\u00e1t\u00f3l v\u00e1rjuk az \u00e9rdekl\u0151d\u0151ket.<\/p>\n<p>A mai kupa a p\u00e1ros versenyekkel kezd\u0151d\u00f6tt. Ezt k\u00f6vette az egy\u00e9ni megm\u00e9rettet\u00e9s. A d\u00f6nt\u0151 szettet K\u00fcrtin\u00e9 R\u00e1cz Anik\u00f3 illetve Miszlai Zolt\u00e1n j\u00e1tszotta. V\u00e9gig szorosan, fej-fej mellett haladva v\u00e9g\u00fcl a meccset 3-2-re K\u00fcrtin\u00e9 R\u00e1cz Anik\u00f3 nyerte.<br \/>\n<strong><a href=\"http:\/\/kardoskut.hu\/images\/stories\/101229_evzaro_asztalitenisz_kupa_rj_023.jpg\"><img loading=\"lazy\" decoding=\"async\" src=\"http:\/\/kardoskut.hu\/images\/stories\/101229_evzaro_asztalitenisz_kupa_rj_023.jpg\" alt=\"101229_evzaro_asztalitenisz_kupa_rj_023\" width=\"550\" height=\"809\" \/><\/a><\/strong><\/p>\n<p><strong><a href=\"http:\/\/kardoskut.hu\/images\/stories\/101229_evzaro_asztalitenisz_kupa_rj_015.jpg\"><img loading=\"lazy\" decoding=\"async\" src=\"http:\/\/kardoskut.hu\/images\/stories\/101229_evzaro_asztalitenisz_kupa_rj_015.jpg\" alt=\"101229_evzaro_asztalitenisz_kupa_rj_015\" width=\"550\" height=\"793\" \/><br \/>\n<\/a><br \/>\n<a href=\"http:\/\/kardoskut.hu\/index.php?option=com_phocagallery&amp;view=category&amp;id=271&amp;Itemid=84\">A versenyen k\u00e9sz\u00fclt tov\u00e1bbi fot\u00f3k\u00e9rt k\u00e9rem kattintson ide&#8230;<\/a><\/strong><a href=\"http:\/\/kardoskut.hu\/index.php?option=com_phocagallery&amp;view=category&amp;id=271&amp;Itemid=84\"> <em><br \/>\n(Fot\u00f3k: Rajki Judit)<\/em><\/a><\/p>\n<p><a href=\"http:\/\/kardoskut.hu\/images\/stories\/utanpotlas_eredmeny_2010_12_29.jpg\"><img loading=\"lazy\" decoding=\"async\" src=\"http:\/\/kardoskut.hu\/images\/stories\/utanpotlas_eredmeny_2010_12_29.jpg\" alt=\"utanpotlas_eredmeny_2010_12_29\" width=\"550\" height=\"413\" \/><\/p>\n<p><img loading=\"lazy\" decoding=\"async\" src=\"http:\/\/kardoskut.hu\/images\/stories\/utanpotlas_eredmeny_2010_12_29_tabla.jpg\" alt=\"utanpotlas_eredmeny_2010_12_29_tabla\" width=\"550\" height=\"500\" \/><\/a><\/p>\n<p><a href=\"http:\/\/kardoskut.hu\/images\/stories\/paros_eredmeny_2010_12_29.jpg\"><img loading=\"lazy\" decoding=\"async\" src=\"http:\/\/kardoskut.hu\/images\/stories\/paros_eredmeny_2010_12_29.jpg\" alt=\"paros_eredmeny_2010_12_29\" width=\"550\" height=\"362\" \/><\/a><\/p>\n<p><a href=\"http:\/\/kardoskut.hu\/images\/stories\/paros_eredmeny_2010_12_29_tabla.jpg\"><img loading=\"lazy\" decoding=\"async\" src=\"http:\/\/kardoskut.hu\/images\/stories\/paros_eredmeny_2010_12_29_tabla.jpg\" alt=\"paros_eredmeny_2010_12_29_tabla\" width=\"550\" height=\"204\" \/><\/a><\/p>\n<p><a href=\"http:\/\/kardoskut.hu\/images\/stories\/egyeni_eredmeny_2010_12_29.jpg\"><img loading=\"lazy\" decoding=\"async\" src=\"http:\/\/kardoskut.hu\/images\/stories\/egyeni_eredmeny_2010_12_29.jpg\" alt=\"egyeni_eredmeny_2010_12_29\" width=\"550\" height=\"413\" \/><\/a><\/p>\n<p><a href=\"http:\/\/kardoskut.hu\/images\/stories\/egyeni_csoport_tabla.jpg\"><img loading=\"lazy\" decoding=\"async\" src=\"http:\/\/kardoskut.hu\/images\/stories\/egyeni_csoport_tabla.jpg\" alt=\"egyeni_csoport_tabla\" width=\"550\" height=\"778\" \/><\/a><\/p>\n<p><a href=\"http:\/\/kardoskut.hu\/images\/stories\/felnott_fotabla.jpg\"><img loading=\"lazy\" decoding=\"async\" src=\"http:\/\/kardoskut.hu\/images\/stories\/felnott_fotabla.jpg\" alt=\"felnott_fotabla\" width=\"550\" height=\"214\" \/><\/a><\/p>\n","protected":false},"excerpt":{"rendered":"<p>Tizenhat indul\u00f3val rajtolt az idei asztalitenisz \u00e9vadot lez\u00e1r\u00f3 Szilveszteri Kupa. Sikeres \u00e9v van m\u00f6g\u00f6tt\u00fcnk ami az asztalitenisz \u00e9letet illeti a telep\u00fcl\u00e9sen. Kor\u00e1bbi cikkeinkben folyamatosan besz\u00e1moltunk a sport\u00e1ggal kapcsolatos t\u00f6rt\u00e9n\u00e9sekr\u0151l. B\u00edzzunk benne, hogy j\u00f6v\u0151re m\u00e9g ink\u00e1bb kiteljesedik a mozg\u00e1snak ezen form\u00e1ja Kardosk\u00faton. Az edz\u00e9sekre tov\u00e1bbra is kedden \u00e9s p\u00e9nteken 18 \u00f3r\u00e1t\u00f3l, illetve szombaton 15 \u00f3r\u00e1t\u00f3l v\u00e1rjuk &hellip; <\/p>\n<p class=\"link-more\"><a href=\"https:\/\/www.kardoskut.hu\/?p=1635\" class=\"more-link\"><span class=\"screen-reader-text\">&#8222;Szilveszter Kupa&#8221;<\/span> b\u0151vebben<\/a><\/p>\n","protected":false},"author":1,"featured_media":0,"comment_status":"closed","ping_status":"closed","sticky":false,"template":"","format":"standard","meta":{"footnotes":""},"categories":[12],"tags":[],"class_list":["post-1635","post","type-post","status-publish","format-standard","hentry","category-12"],"_links":{"self":[{"href":"https:\/\/www.kardoskut.hu\/index.php?rest_route=\/wp\/v2\/posts\/1635","targetHints":{"allow":["GET"]}}],"collection":[{"href":"https:\/\/www.kardoskut.hu\/index.php?rest_route=\/wp\/v2\/posts"}],"about":[{"href":"https:\/\/www.kardoskut.hu\/index.php?rest_route=\/wp\/v2\/types\/post"}],"author":[{"embeddable":true,"href":"https:\/\/www.kardoskut.hu\/index.php?rest_route=\/wp\/v2\/users\/1"}],"replies":[{"embeddable":true,"href":"https:\/\/www.kardoskut.hu\/index.php?rest_route=%2Fwp%2Fv2%2Fcomments&post=1635"}],"version-history":[{"count":1,"href":"https:\/\/www.kardoskut.hu\/index.php?rest_route=\/wp\/v2\/posts\/1635\/revisions"}],"predecessor-version":[{"id":1637,"href":"https:\/\/www.kardoskut.hu\/index.php?rest_route=\/wp\/v2\/posts\/1635\/revisions\/1637"}],"wp:attachment":[{"href":"https:\/\/www.kardoskut.hu\/index.php?rest_route=%2Fwp%2Fv2%2Fmedia&parent=1635"}],"wp:term":[{"taxonomy":"category","embeddable":true,"href":"https:\/\/www.kardoskut.hu\/index.php?rest_route=%2Fwp%2Fv2%2Fcategories&post=1635"},{"taxonomy":"post_tag","embeddable":true,"href":"https:\/\/www.kardoskut.hu\/index.php?rest_route=%2Fwp%2Fv2%2Ftags&post=1635"}],"curies":[{"name":"wp","href":"https:\/\/api.w.org\/{rel}","templated":true}]}}