{"id":1623,"date":"2010-12-04T14:34:54","date_gmt":"2010-12-04T14:34:54","guid":{"rendered":"http:\/\/new.kardoskut.hu\/?p=1623"},"modified":"2017-11-26T14:36:08","modified_gmt":"2017-11-26T14:36:08","slug":"ovisaink-sikere-a-marton-napon","status":"publish","type":"post","link":"https:\/\/www.kardoskut.hu\/?p=1623","title":{"rendered":"Ovisaink sikere a M\u00e1rton-Napon"},"content":{"rendered":"<p>Orosh\u00e1z\u00e1n a m\u0171vel\u0151d\u00e9si k\u00f6zpont \u00e1ltal rendezett M\u00e1rton-napi mond\u00f3ka, vers \u00e9s mesemond\u00f3 versenyen k\u00e9t \u00f3vod\u00e1sunk is eredm\u00e9nyesen szerepelt. A gyerekeknek e jeles naphoz k\u00f6t\u0151d\u0151en verssel vagy pr\u00f3z\u00e1val lehetett k\u00e9sz\u00fclni\u00fck \u00e9s azokat a n\u00e9z\u0151k\u00f6z\u00f6ns\u00e9g el\u0151tt elmondani az \u00c1rp\u00e1d kertben rendezett versenyen. Az \u00f3vod\u00e1sok kateg\u00f3ri\u00e1j\u00e1ban <strong>F\u00e1nczi Gina Katalin<\/strong>\u00a0 1. helyez\u00e9st, m\u00edg <strong>L\u0151rincz Dorina<\/strong> 2. helyez\u00e9st \u00e9rt el. A gyerekek aj\u00e1nd\u00e9kot \u00e9s eml\u00e9klapot vehettek \u00e1t a szervez\u0151kt\u0151l. Szeretettel gratul\u00e1lunk nekik \u00e9s felk\u00e9sz\u00edt\u0151iknek a sikerekhez!<\/p>\n<p><iframe loading=\"lazy\" title=\"Ovisaink sikere a M\u00e1rton-napon\" width=\"525\" height=\"394\" src=\"https:\/\/www.youtube.com\/embed\/50yzFRvSKpo?feature=oembed\" frameborder=\"0\" allow=\"accelerometer; autoplay; clipboard-write; encrypted-media; gyroscope; picture-in-picture; web-share\" referrerpolicy=\"strict-origin-when-cross-origin\" allowfullscreen><\/iframe><\/p>\n","protected":false},"excerpt":{"rendered":"<p>Orosh\u00e1z\u00e1n a m\u0171vel\u0151d\u00e9si k\u00f6zpont \u00e1ltal rendezett M\u00e1rton-napi mond\u00f3ka, vers \u00e9s mesemond\u00f3 versenyen k\u00e9t \u00f3vod\u00e1sunk is eredm\u00e9nyesen szerepelt. A gyerekeknek e jeles naphoz k\u00f6t\u0151d\u0151en verssel vagy pr\u00f3z\u00e1val lehetett k\u00e9sz\u00fclni\u00fck \u00e9s azokat a n\u00e9z\u0151k\u00f6z\u00f6ns\u00e9g el\u0151tt elmondani az \u00c1rp\u00e1d kertben rendezett versenyen. Az \u00f3vod\u00e1sok kateg\u00f3ri\u00e1j\u00e1ban F\u00e1nczi Gina Katalin\u00a0 1. helyez\u00e9st, m\u00edg L\u0151rincz Dorina 2. helyez\u00e9st \u00e9rt el. A &hellip; <\/p>\n<p class=\"link-more\"><a href=\"https:\/\/www.kardoskut.hu\/?p=1623\" class=\"more-link\"><span class=\"screen-reader-text\">&#8222;Ovisaink sikere a M\u00e1rton-Napon&#8221;<\/span> b\u0151vebben<\/a><\/p>\n","protected":false},"author":1,"featured_media":0,"comment_status":"closed","ping_status":"closed","sticky":false,"template":"","format":"standard","meta":{"footnotes":""},"categories":[12],"tags":[],"class_list":["post-1623","post","type-post","status-publish","format-standard","hentry","category-12"],"_links":{"self":[{"href":"https:\/\/www.kardoskut.hu\/index.php?rest_route=\/wp\/v2\/posts\/1623","targetHints":{"allow":["GET"]}}],"collection":[{"href":"https:\/\/www.kardoskut.hu\/index.php?rest_route=\/wp\/v2\/posts"}],"about":[{"href":"https:\/\/www.kardoskut.hu\/index.php?rest_route=\/wp\/v2\/types\/post"}],"author":[{"embeddable":true,"href":"https:\/\/www.kardoskut.hu\/index.php?rest_route=\/wp\/v2\/users\/1"}],"replies":[{"embeddable":true,"href":"https:\/\/www.kardoskut.hu\/index.php?rest_route=%2Fwp%2Fv2%2Fcomments&post=1623"}],"version-history":[{"count":1,"href":"https:\/\/www.kardoskut.hu\/index.php?rest_route=\/wp\/v2\/posts\/1623\/revisions"}],"predecessor-version":[{"id":1624,"href":"https:\/\/www.kardoskut.hu\/index.php?rest_route=\/wp\/v2\/posts\/1623\/revisions\/1624"}],"wp:attachment":[{"href":"https:\/\/www.kardoskut.hu\/index.php?rest_route=%2Fwp%2Fv2%2Fmedia&parent=1623"}],"wp:term":[{"taxonomy":"category","embeddable":true,"href":"https:\/\/www.kardoskut.hu\/index.php?rest_route=%2Fwp%2Fv2%2Fcategories&post=1623"},{"taxonomy":"post_tag","embeddable":true,"href":"https:\/\/www.kardoskut.hu\/index.php?rest_route=%2Fwp%2Fv2%2Ftags&post=1623"}],"curies":[{"name":"wp","href":"https:\/\/api.w.org\/{rel}","templated":true}]}}