{"id":1614,"date":"2010-11-16T13:55:38","date_gmt":"2010-11-16T13:55:38","guid":{"rendered":"http:\/\/new.kardoskut.hu\/?p=1614"},"modified":"2017-11-26T14:03:32","modified_gmt":"2017-11-26T14:03:32","slug":"palicsi-allatkerti-seta","status":"publish","type":"post","link":"https:\/\/www.kardoskut.hu\/?p=1614","title":{"rendered":"Palicsi \u00e1llatkerti s\u00e9ta"},"content":{"rendered":"<figure id=\"attachment_1615\" aria-describedby=\"caption-attachment-1615\" style=\"width: 574px\" class=\"wp-caption alignnone\"><a href=\"https:\/\/www.flickr.com\/photos\/kardoskuthu\/albums\/72157666784624309\"><img loading=\"lazy\" decoding=\"async\" class=\"size-full wp-image-1615\" src=\"http:\/\/new.kardoskut.hu\/wp-content\/uploads\/2017\/11\/palics_2010-6.jpg\" alt=\"\" width=\"574\" height=\"419\" srcset=\"https:\/\/www.kardoskut.hu\/wp-content\/uploads\/2017\/11\/palics_2010-6.jpg 574w, https:\/\/www.kardoskut.hu\/wp-content\/uploads\/2017\/11\/palics_2010-6-300x219.jpg 300w\" sizes=\"auto, (max-width: 574px) 100vw, 574px\" \/><\/a><figcaption id=\"caption-attachment-1615\" class=\"wp-caption-text\">Tov\u00e1bbi fot\u00f3k\u00e9rt k\u00e9rem, kattintson a fenti k\u00e9pre. (Fot\u00f3k: Csizmadia S\u00e1ndor.)<\/figcaption><\/figure>\n<p>2010 \u0151szi sz\u00fcnete bizony\u00e1ra egy \u00e9letre megmarad a kardosk\u00fati \u00f6t\u00f6dik oszt\u00e1ly tanul\u00f3i sz\u00e1m\u00e1ra: az iskol\u00e1sok l\u00e1togat\u00e1st tettek egy szomsz\u00e9dos orsz\u00e1g \u00e1llatkertj\u00e9ben. De kezdj\u00fck az elej\u00e9n. Ez \u00e9v nyar\u00e1n k\u00e9t \u00f6t\u00f6dik oszt\u00e1lyos gyermek csal\u00e1dja elhat\u00e1rozta, hogy &#8211; annyi k\u00f6z\u00f6s programmal a h\u00e1tuk m\u00f6g\u00f6tt &#8211; m\u00e9g az id\u00e9n egy h\u00e9tv\u00e9g\u00e9n kir\u00e1ndulni kellene a palicsi \u00e1llatkertbe. \u00a0A k\u00f6z\u00f6s megegyez\u00e9s ut\u00e1n, \u00a0konkr\u00e9t \u00a0id\u0151pont \u00a0meghat\u00e1roz\u00e1sa n\u00e9lk\u00fcl, tervezgetni kezdt\u00fck az utat. \u00a0Egy hirtelen \u00f6tlett\u0151l vez\u00e9relve felmer\u00fclt egy \u00fajabb gondolat: mivel csak \u00a0hatan \u00a0j\u00e1rnak az \u00a0oszt\u00e1lyba, \u00a0mi lenne, \u00a0ha minden gyermeket elvinn\u00e9nk a \u00a0kir\u00e1ndul\u00e1sra? Amilyen hirtelen j\u00f6tt az \u00f6tlet, olyan gyors volt a d\u00f6nt\u00e9s is: \u00a0ha a sz\u00fcl\u0151k hozz\u00e1j\u00e1rulnak, \u00a0akkor megkeress\u00fck a m\u00f3dj\u00e1t a k\u00f6z\u00f6s \u00fatnak. A szervez\u00e9s egy sz\u00fcl\u0151i \u00a0\u00e9rtekezlettel \u00a0kezd\u0151d\u00f6tt az \u00a0iskol\u00e1ban, \u00a0ahol \u00a0az \u00a0oszt\u00e1lyf\u0151n\u00f6k, P\u00e1sztor Istv\u00e1n \u00a0tan\u00e1r \u00far, a sz\u00fcl\u0151kkel egy\u00fctt nagy lelkesed\u00e9ssel fogadta az \u00f6tletet. \u00a0Itt lett k\u00f6z\u00f6lve a sz\u00fcl\u0151kkel, hogy j\u00faliust\u00f3l Szerbi\u00e1ba is el\u00e9g a szem\u00e9lyi igazolv\u00e1ny, ez\u00e9rt minden gyermeknek csin\u00e1ltass\u00e1k meg az okm\u00e1nyt. (Ez egy\u00e9bk\u00e9nt nem jelentett plusz k\u00f6lts\u00e9get a sz\u00fcl\u0151kre, mivel ez sz\u00e1mukra ingyenes). \u00a0Az is meg lett besz\u00e9lve, \u00a0hogy az \u0151szi sz\u00fcnetben \u00a0legyen, mert ez az id\u0151pont az iskolai elfoglalts\u00e1ggal nem \u00fctk\u00f6zik. Mivel az oszt\u00e1lyf\u0151n\u00f6k v\u00e1llalta, hogy \u0151 is elj\u00f6n a kir\u00e1ndul\u00e1sra, \u00a0\u00edgy az is megold\u00f3dott, hogy mindenkinek legyen helye a csapatban.\u00a0 Az \u00a0egy\u00e9b apr\u00f3s\u00e1gokat menet k\u00f6zben oldottuk meg. \u00a0Beszerezt\u00fcnk minden\u00a0 gyermeknek \u00a0\u00fcl\u00e9smagas\u00edt\u00f3t, megbesz\u00e9lt\u00fck az \u00e9telt-italt, \u00a0p\u00e9nzt v\u00e1ltottunk, stb. Majd el\u00e9rkezett a nagy nap\u2026<\/p>\n<p>P\u00e9ntek reggel f\u00e9l nyolckor &#8211; \u00a0a felkel\u0151 nap \u00a0b\u00e1gyadt f\u00e9ny\u00e9ben &#8211; gy\u00fclekezt\u00fcnk az iskola el\u0151tt. \u00a0Izgatott gyerekek, \u00e9s legal\u00e1bb \u00a0olyan \u00a0izgatott sz\u00fcleik \u00a0b\u00facs\u00fazkodtak. \u00a0Az indul\u00e1s ut\u00e1n Tiszasziget fel\u00e9 vett\u00fck az \u00fatir\u00e1nyt. A nem uni\u00f3s hat\u00e1ron r\u00e9gi, \u00a0szocialista \u00a0szok\u00e1s \u00a0szerinti \u00a0\u00fatlev\u00e9l- \u00e9s v\u00e1mvizsg\u00e1lat ut\u00e1n tov\u00e1bbmehett\u00fcnk \u00fati c\u00e9lunk fel\u00e9. \u00a0Az indul\u00e1st\u00f3l sz\u00e1m\u00edtott k\u00e9t\u00f3rai \u00fat v\u00e9g\u00e9n meg\u00e9rkezt\u00fcnk az \u00e1llatkerthez. A r\u00f6vid reggelit \u00e9s k\u00e1v\u00e9t k\u00f6vet\u0151en megv\u00e1ltottuk a bel\u00e9p\u0151ket, \u00e9s kezd\u0151dhetett a \u201enagy kaland\u201d! A \u201eJeti\u201d nyom\u00e1t k\u00f6vetve haladtunk az \u0151szi lombhull\u00e1s ellen\u00e9re gy\u00f6ny\u00f6r\u0171, gondozott parkban. A klasszikust id\u00e9zve, kicsit \u00e1talak\u00edtva: \u201ePalicsra besz\u00f6k\u00f6tt az \u0151sz\u201d. A f\u00e1kon lev\u0151 s\u00e1rga, piros, barna levelek n\u00e9mi z\u00f6ld n\u00f6v\u00e9nyzettel elegy\u00edtve val\u00f3ban fest\u0151iek voltak! Menet k\u00f6zben megcsod\u00e1ltuk a tr\u00f3pusi madarak v\u00e1ltozatos m\u00e9ret\u00e9t, az \u0151szi levelekhez ill\u0151 tarka ruh\u00e1zatukat. \u00a0Tov\u00e1bb hatty\u00fak \u00faszk\u00e1ltak m\u00e9lt\u00f3s\u00e1gteljesen a \u00a0sz\u00e1mukra\u00a0 otthont jelent\u0151 \u00a0tavacsk\u00e1ban. K\u00e9s\u0151bb a vad\u00e1llatok l\u00e1tszottak: leop\u00e1rd, tigris. Nem maradhatott ki az \u00e1llatok kir\u00e1lya sem, az oroszl\u00e1n is l\u00e1that\u00f3 volt. A gyerekek kedvencei, a zsir\u00e1fok \u00e9s a zebra is kint napf\u00fcrd\u0151z\u00f6tt az udvaron. \u00a0A sr\u00e1cok k\u00f6zbe-k\u00f6zbe \u00a0kihaszn\u00e1lt\u00e1k a szabads\u00e1got, \u00a0\u00e9s \u00a0\u00f6nfeledten \u00a0szaladg\u00e1ltak a szabadban, vagy j\u00e1tszottak a parkban tal\u00e1lhat\u00f3 szabadt\u00e9ri j\u00e1t\u00e9kokkal. J\u00f3t der\u00fclt\u00fcnk a cs\u00fcng\u0151-has\u00fa malacok \u00a0kicsinyeinek szeleburdis\u00e1g\u00e1n. \u00a0Majd k\u00f6vetkezett a nap egyik f\u00e9nypontja, mindenki kedvence, az elef\u00e1nt. (A nagy m\u00falt\u00fa \u00e1llatkertben megfigyelhet\u0151, hogy az \u00e1llatok sokkal ember k\u00f6zelibb \u00a0m\u00f3don vannak elhelyezve, \u00a0mint \u00a0\u00e1ltal\u00e1ban \u00a0megszoktuk azt.) \u00a0Itt a vizes\u00e1rok v\u00e1lasztja el a hatalmas \u00e1llatot a l\u00e1togat\u00f3kt\u00f3l, de csak olyan messzire, hogy orm\u00e1nya ki\u00e9r a korl\u00e1tig. A gyerekek \u00f6r\u00f6mmel fedezt\u00e9k fel, hogy milyen \u00fcgyesen veszi el kez\u00fckb\u0151l a felk\u00edn\u00e1lt falevelet. Azonnal versenyt futva hordt\u00e1k sz\u00e1m\u00e1ra a hullott lombot. K\u00e9s\u0151bb a b\u00e1tortalanok is bekapcsol\u00f3dtak a \u201enagytakar\u00edt\u00e1sba\u201d. \u00a0Hossz\u00fa etet\u00e9s ut\u00e1n ment\u00fcnk tov\u00e1bb. \u00a0Egy kisebb tavon \u00e1t\u00edvel\u0151 fah\u00eddon v\u00e9gighaladva \u00a0szarvasokat \u00a0csod\u00e1lhattunk meg. \u00a0Egy pihen\u0151n\u00e9l \u00a0r\u00f6vidid\u0151re meg\u00e1llva ett\u00fcnk-ittunk valamicsk\u00e9t, majd \u00fajult er\u0151vel indultunk tov\u00e1bb. Mint k\u00e9s\u0151bb kider\u00fclt, erre nagy sz\u00fcks\u00e9g is volt. Kis t\u00f3 \u00e9s benne sziget: majmok tany\u00e1ztak rajta, \u0151k is a napos oldalon pihengettek. Kacs\u00e1k \u00faszk\u00e1ltak a tiszta v\u00edzben. Utunk ism\u00e9t az elef\u00e1nt el\u0151tt vitt el, \u00a0ahol megism\u00e9tl\u0151d\u00f6tt az etet\u00e9s. \u00a0Kicsit t\u00e1volabb far-kast ki\u00e1ltottunk, de senki sem ijedt meg. \u00a0Ugyanis ketrecben voltak. \u00a0A \u201etabl\u00f3k\u00e9p\u201d ut\u00e1n a majmok sziget\u00e9n megcsod\u00e1ltuk azok rendk\u00edv\u00fcli \u00fcgyess\u00e9g\u00e9t, b\u00e1tors\u00e1g\u00e1t. A k\u00f6vetkez\u0151 \u00e1llom\u00e1s szint\u00e9n egy gyerek kedvenc volt. Ugr\u00e1l\u00f3 v\u00e1r volt fel\u00e1ll\u00edtva, ahova el\u0151sz\u00f6r nem \u00a0akart mindenki felmenni, \u00a0\u00e1m r\u00f6vid r\u00e1besz\u00e9l\u00e9s \u00a0ut\u00e1n egy emberk\u00e9nt, \u00a0vagyis egy oszt\u00e1lyk\u00e9nt m\u00e1sztak a magasba. (B\u00e1r az oszt\u00e1lyf\u0151n\u00f6k tov\u00e1bbi unszol\u00e1sra sem \u00e1llt k\u00f6t\u00e9lnek.) A v\u00e9g\u00e9n mindenki \u00fagy mozgott m\u00e1r csak, mint egy lass\u00edtott filmen. \u00a0Egyik\u00fck sem b\u00e1nta, \u00a0hogy letelt az id\u0151. \u00a0Ezut\u00e1n a lef\u00e1rad\u00e1s ut\u00e1n \u00a0\u201elass\u00famenetben\u201d \u00a0megn\u00e9zt\u00fck a jegesmedv\u00e9ket, f\u00f3k\u00e1kat, tekn\u0151s\u00f6ket, majd a terr\u00e1rium k\u00f6vetkezett. T\u00e1volabb a kar\u00e1mban bar\u00e1ts\u00e1gos \u00e9s sz\u00e9p lovak kedveltett\u00e9k magukat. \u00a0L\u00e1togat\u00e1sunk v\u00e9g\u00e9n a \u00a0f\u0151bej\u00e1ratn\u00e1l \u00a0egy k\u00f6z\u00f6s \u00a0fot\u00f3val \u00e9rt v\u00e9get \u00a0\u00e1llatkerti s\u00e9t\u00e1nk. \u00a0Innen \u00a0leballagtunk \u00a0a hossz\u00fa \u00a0s\u00e9t\u00e1nyon \u00a0a \u00a0palicsi t\u00f3hoz, \u00a0melynek \u00a0krist\u00e1lytiszta \u00a0vize csillogott a napf\u00e9nyben. Sz\u00e9p, gondozott a partja, r\u00e9gi, patin\u00e1s vill\u00e1k sorakoznak a sz\u00e9l\u00e9n. Az eg\u00e9sz t\u00e1j nyugalmat \u00e1raszt. Ezut\u00e1n elindultunk hazafel\u00e9. A szok\u00e1sos tort\u00fara ut\u00e1n l\u00e9phett\u00fck \u00e1t a hat\u00e1rt. \u00a0Kardosk\u00fatra\u00a0 \u00e9rkezve\u00a0 minden\u00a0 r\u00e1nk\u00a0 b\u00edzott \u00a0gyermeket \u00e9ps\u00e9gben \u00a0\u00e1tadtunk \u00a0sz\u00fcleiknek.<\/p>\n<div>\u00a0Egy gy\u00f6ny\u00f6r\u0171 napon egy m\u00e9g szebb kir\u00e1ndul\u00e1ssal koron\u00e1ztuk meg az \u0151szi sz\u00fcnetet. A napi kiad\u00e1si oldalon (\u00fatik\u00f6lts\u00e9get nem sz\u00e1m\u00edtva) \u00a0670 forintba ker\u00fclt \u00a0szem\u00e9lyenk\u00e9nt az\u00a0 \u00e1llatkerti s\u00e9ta. \u00a0B\u00edzunk benne, \u00a0hogy lesz m\u00e9g t\u00f6bb ilyen alkalom, \u00a0tudunk \u00a0tartalmas \u00a0programokat biztos\u00edtani a gyerekeknek. Z\u00e1rsz\u00f3k\u00e9nt: valami csoda folyt\u00e1n minden gyermek j\u00f3l viselkedett \u00e9s sz\u00f3t fogadott eg\u00e9sz nap, sz\u00fcl\u0151nek, tan\u00e1rnak egyar\u00e1nt.<\/div>\n<p>Csizmadia S\u00e1ndor<\/p>\n","protected":false},"excerpt":{"rendered":"<p>2010 \u0151szi sz\u00fcnete bizony\u00e1ra egy \u00e9letre megmarad a kardosk\u00fati \u00f6t\u00f6dik oszt\u00e1ly tanul\u00f3i sz\u00e1m\u00e1ra: az iskol\u00e1sok l\u00e1togat\u00e1st tettek egy szomsz\u00e9dos orsz\u00e1g \u00e1llatkertj\u00e9ben. De kezdj\u00fck az elej\u00e9n. Ez \u00e9v nyar\u00e1n k\u00e9t \u00f6t\u00f6dik oszt\u00e1lyos gyermek csal\u00e1dja elhat\u00e1rozta, hogy &#8211; annyi k\u00f6z\u00f6s programmal a h\u00e1tuk m\u00f6g\u00f6tt &#8211; m\u00e9g az id\u00e9n egy h\u00e9tv\u00e9g\u00e9n kir\u00e1ndulni kellene a palicsi \u00e1llatkertbe. \u00a0A k\u00f6z\u00f6s &hellip; <\/p>\n<p class=\"link-more\"><a href=\"https:\/\/www.kardoskut.hu\/?p=1614\" class=\"more-link\"><span class=\"screen-reader-text\">&#8222;Palicsi \u00e1llatkerti s\u00e9ta&#8221;<\/span> b\u0151vebben<\/a><\/p>\n","protected":false},"author":1,"featured_media":0,"comment_status":"closed","ping_status":"closed","sticky":false,"template":"","format":"standard","meta":{"footnotes":""},"categories":[12],"tags":[],"class_list":["post-1614","post","type-post","status-publish","format-standard","hentry","category-12"],"_links":{"self":[{"href":"https:\/\/www.kardoskut.hu\/index.php?rest_route=\/wp\/v2\/posts\/1614","targetHints":{"allow":["GET"]}}],"collection":[{"href":"https:\/\/www.kardoskut.hu\/index.php?rest_route=\/wp\/v2\/posts"}],"about":[{"href":"https:\/\/www.kardoskut.hu\/index.php?rest_route=\/wp\/v2\/types\/post"}],"author":[{"embeddable":true,"href":"https:\/\/www.kardoskut.hu\/index.php?rest_route=\/wp\/v2\/users\/1"}],"replies":[{"embeddable":true,"href":"https:\/\/www.kardoskut.hu\/index.php?rest_route=%2Fwp%2Fv2%2Fcomments&post=1614"}],"version-history":[{"count":1,"href":"https:\/\/www.kardoskut.hu\/index.php?rest_route=\/wp\/v2\/posts\/1614\/revisions"}],"predecessor-version":[{"id":1616,"href":"https:\/\/www.kardoskut.hu\/index.php?rest_route=\/wp\/v2\/posts\/1614\/revisions\/1616"}],"wp:attachment":[{"href":"https:\/\/www.kardoskut.hu\/index.php?rest_route=%2Fwp%2Fv2%2Fmedia&parent=1614"}],"wp:term":[{"taxonomy":"category","embeddable":true,"href":"https:\/\/www.kardoskut.hu\/index.php?rest_route=%2Fwp%2Fv2%2Fcategories&post=1614"},{"taxonomy":"post_tag","embeddable":true,"href":"https:\/\/www.kardoskut.hu\/index.php?rest_route=%2Fwp%2Fv2%2Ftags&post=1614"}],"curies":[{"name":"wp","href":"https:\/\/api.w.org\/{rel}","templated":true}]}}