{"id":1611,"date":"2010-11-16T13:53:41","date_gmt":"2010-11-16T13:53:41","guid":{"rendered":"http:\/\/new.kardoskut.hu\/?p=1611"},"modified":"2017-11-26T13:55:27","modified_gmt":"2017-11-26T13:55:27","slug":"erdotelepites","status":"publish","type":"post","link":"https:\/\/www.kardoskut.hu\/?p=1611","title":{"rendered":"Erd\u0151telep\u00edt\u00e9s"},"content":{"rendered":"<figure id=\"attachment_1612\" aria-describedby=\"caption-attachment-1612\" style=\"width: 1629px\" class=\"wp-caption alignnone\"><a href=\"https:\/\/www.flickr.com\/photos\/kardoskuthu\/albums\/72157659431486341\"><img loading=\"lazy\" decoding=\"async\" class=\"size-full wp-image-1612\" src=\"http:\/\/new.kardoskut.hu\/wp-content\/uploads\/2017\/11\/faultetes_2010-11_16-17.jpg\" alt=\"\" width=\"1629\" height=\"1247\" srcset=\"https:\/\/www.kardoskut.hu\/wp-content\/uploads\/2017\/11\/faultetes_2010-11_16-17.jpg 1629w, https:\/\/www.kardoskut.hu\/wp-content\/uploads\/2017\/11\/faultetes_2010-11_16-17-300x230.jpg 300w, https:\/\/www.kardoskut.hu\/wp-content\/uploads\/2017\/11\/faultetes_2010-11_16-17-768x588.jpg 768w, https:\/\/www.kardoskut.hu\/wp-content\/uploads\/2017\/11\/faultetes_2010-11_16-17-1024x784.jpg 1024w\" sizes=\"auto, (max-width: 767px) 89vw, (max-width: 1000px) 54vw, (max-width: 1071px) 543px, 580px\" \/><\/a><figcaption id=\"caption-attachment-1612\" class=\"wp-caption-text\"><a href=\"https:\/\/www.flickr.com\/photos\/kardoskuthu\/albums\/72157659431486341\">Tov\u00e1bbi fot\u00f3k\u00e9rt k\u00e9rem, kattintson a fenti k\u00e9pre. (Fot\u00f3k: VP.)<\/a><\/figcaption><\/figure>\n<p>Az elm\u00falt h\u00e9t kedvez\u0151tlen id\u0151j\u00e1r\u00e1sa ut\u00e1n &#8211; a napokban bek\u00f6sz\u00f6nt\u00f6tt tavaszias id\u0151ben -, elkezd\u0151d\u00f6tt a f\u00e1s\u00edt\u00e1s a telep\u00fcl\u00e9s Orosh\u00e1za fel\u0151li r\u00e9sz\u00e9n. K\u00f6zel 1600 pusztaszil, t\u00f6lgy, juhar \u00e9s ostorfa telep\u00edt\u00e9se van folyamatban, vegyes megoszt\u00e1sban. A lakoss\u00e1g r\u00e9sz\u00e9r\u0151l is j\u00f6ttek p\u00e1ran\u00a0 a felh\u00edv\u00e1sra, hogy k\u00f6z\u00f6sen \u00fcltess\u00fcnk f\u00e1t az ut\u00f3kornak. Az \u00e1ltal\u00e1nos iskola tanul\u00f3i d\u00e9lut\u00e1nonk\u00e9nt veszik ki r\u00e9sz\u00fcket a munk\u00e1latokb\u00f3l. Az \u00f3vod\u00e1sok \u00a0\u00e9rdekl\u0151d\u00e9ssel \u00e1lltak a nagy g\u00f6dr\u00f6k el\u0151tt, sz\u00edvesen fogt\u00e1k a facsemet\u00e9ket a f\u00f6ld betemet\u00e9sekor. Rem\u00e9lhet\u0151leg az id\u0151 kegyes lesz hozz\u00e1nk \u00e9s a h\u00e9ten az \u00f6sszes csemete el\u00fcltet\u00e9sre ker\u00fcl. Tov\u00e1bbra is sz\u00e1m\u00edtunk a lakoss\u00e1g seg\u00edt\u0151 k\u00f6zrem\u0171k\u00f6d\u00e9s\u00e9re.<\/p>\n","protected":false},"excerpt":{"rendered":"<p>Az elm\u00falt h\u00e9t kedvez\u0151tlen id\u0151j\u00e1r\u00e1sa ut\u00e1n &#8211; a napokban bek\u00f6sz\u00f6nt\u00f6tt tavaszias id\u0151ben -, elkezd\u0151d\u00f6tt a f\u00e1s\u00edt\u00e1s a telep\u00fcl\u00e9s Orosh\u00e1za fel\u0151li r\u00e9sz\u00e9n. K\u00f6zel 1600 pusztaszil, t\u00f6lgy, juhar \u00e9s ostorfa telep\u00edt\u00e9se van folyamatban, vegyes megoszt\u00e1sban. A lakoss\u00e1g r\u00e9sz\u00e9r\u0151l is j\u00f6ttek p\u00e1ran\u00a0 a felh\u00edv\u00e1sra, hogy k\u00f6z\u00f6sen \u00fcltess\u00fcnk f\u00e1t az ut\u00f3kornak. Az \u00e1ltal\u00e1nos iskola tanul\u00f3i d\u00e9lut\u00e1nonk\u00e9nt veszik ki r\u00e9sz\u00fcket &hellip; <\/p>\n<p class=\"link-more\"><a href=\"https:\/\/www.kardoskut.hu\/?p=1611\" class=\"more-link\"><span class=\"screen-reader-text\">&#8222;Erd\u0151telep\u00edt\u00e9s&#8221;<\/span> b\u0151vebben<\/a><\/p>\n","protected":false},"author":1,"featured_media":0,"comment_status":"closed","ping_status":"closed","sticky":false,"template":"","format":"standard","meta":{"footnotes":""},"categories":[12],"tags":[],"class_list":["post-1611","post","type-post","status-publish","format-standard","hentry","category-12"],"_links":{"self":[{"href":"https:\/\/www.kardoskut.hu\/index.php?rest_route=\/wp\/v2\/posts\/1611","targetHints":{"allow":["GET"]}}],"collection":[{"href":"https:\/\/www.kardoskut.hu\/index.php?rest_route=\/wp\/v2\/posts"}],"about":[{"href":"https:\/\/www.kardoskut.hu\/index.php?rest_route=\/wp\/v2\/types\/post"}],"author":[{"embeddable":true,"href":"https:\/\/www.kardoskut.hu\/index.php?rest_route=\/wp\/v2\/users\/1"}],"replies":[{"embeddable":true,"href":"https:\/\/www.kardoskut.hu\/index.php?rest_route=%2Fwp%2Fv2%2Fcomments&post=1611"}],"version-history":[{"count":1,"href":"https:\/\/www.kardoskut.hu\/index.php?rest_route=\/wp\/v2\/posts\/1611\/revisions"}],"predecessor-version":[{"id":1613,"href":"https:\/\/www.kardoskut.hu\/index.php?rest_route=\/wp\/v2\/posts\/1611\/revisions\/1613"}],"wp:attachment":[{"href":"https:\/\/www.kardoskut.hu\/index.php?rest_route=%2Fwp%2Fv2%2Fmedia&parent=1611"}],"wp:term":[{"taxonomy":"category","embeddable":true,"href":"https:\/\/www.kardoskut.hu\/index.php?rest_route=%2Fwp%2Fv2%2Fcategories&post=1611"},{"taxonomy":"post_tag","embeddable":true,"href":"https:\/\/www.kardoskut.hu\/index.php?rest_route=%2Fwp%2Fv2%2Ftags&post=1611"}],"curies":[{"name":"wp","href":"https:\/\/api.w.org\/{rel}","templated":true}]}}