{"id":1215,"date":"2009-12-04T12:18:06","date_gmt":"2009-12-04T12:18:06","guid":{"rendered":"http:\/\/new.kardoskut.hu\/?p=1215"},"modified":"2017-11-23T12:19:43","modified_gmt":"2017-11-23T12:19:43","slug":"az-e-on-mikulasa-visszatert-hozzank","status":"publish","type":"post","link":"https:\/\/www.kardoskut.hu\/?p=1215","title":{"rendered":"Az E-On mikul\u00e1sa visszat\u00e9rt hozz\u00e1nk"},"content":{"rendered":"<figure id=\"attachment_1216\" aria-describedby=\"caption-attachment-1216\" style=\"width: 912px\" class=\"wp-caption alignleft\"><a href=\"https:\/\/www.flickr.com\/photos\/kardoskuthu\/albums\/72157659355177745\"><img loading=\"lazy\" decoding=\"async\" class=\"size-full wp-image-1216\" src=\"http:\/\/new.kardoskut.hu\/wp-content\/uploads\/2017\/11\/eon_ovoda_2009_12_04-21.jpg\" alt=\"\" width=\"912\" height=\"684\" srcset=\"https:\/\/www.kardoskut.hu\/wp-content\/uploads\/2017\/11\/eon_ovoda_2009_12_04-21.jpg 912w, https:\/\/www.kardoskut.hu\/wp-content\/uploads\/2017\/11\/eon_ovoda_2009_12_04-21-300x225.jpg 300w, https:\/\/www.kardoskut.hu\/wp-content\/uploads\/2017\/11\/eon_ovoda_2009_12_04-21-768x576.jpg 768w\" sizes=\"auto, (max-width: 767px) 89vw, (max-width: 1000px) 54vw, (max-width: 1071px) 543px, 580px\" \/><\/a><figcaption id=\"caption-attachment-1216\" class=\"wp-caption-text\">Tov\u00e1bbi fot\u00f3k\u00e9rt k\u00e9rem, kattintson a fenti k\u00e9pre. (Fot\u00f3k: VP.)<\/figcaption><\/figure>\n<p>Hideg t\u00e9lnek nyom\u00e1t sem l\u00e1ttuk ma, ennek ellen\u00e9re m\u00e9gis csak ell\u00e1togatott a T\u00e9lap\u00f3 Kardosk\u00fatra. Elhozta mag\u00e1val a krampusz\u00e1t is, de neki csak az aj\u00e1nd\u00e9kok sz\u00e9toszt\u00e1s\u00e1ban volt ma szerepe. Mint megtudtuk, rossz gyerek nem volt az id\u00e9n Kardosk\u00faton. Az iskol\u00e1ban kezdte a T\u00e9lap\u00f3 a munk\u00e1j\u00e1t, ahol is a T\u00fcnd\u00e9rpalota csod\u00e1latos f\u00e9ny\u00e9\u00e9rt dolgoz\u00f3 b\u00e1csik (E-ON Zrt.) aj\u00e1nd\u00e9kait vehett\u00e9k \u00e1t a gyerekek: asztalitenisz asztal teljes felszerel\u00e9ssel, \u00fct\u0151kkel \u00e9s labd\u00e1val illetve sok \u00e9rt\u00e9kes t\u00e1rsasj\u00e1t\u00e9kot is hozott zs\u00e1kj\u00e1ban. A gyerekek is megaj\u00e1nd\u00e9kozt\u00e1k a T\u00e9lap\u00f3t egy kedves kis mesej\u00e1t\u00e9kkel. Sietnie kellett tov\u00e1bb a T\u00e9lap\u00f3nak, hiszen az ovisok is nagyon v\u00e1rt\u00e1k m\u00e1r a csengetty\u0171 sz\u00f3t. Meg is \u00e9rkezett a legkisebbekhez, azok nagy meglepet\u00e9s\u00e9re. A meglepet\u00e9s csak n\u0151tt \u00e9s n\u0151tt. Pl\u00e1ne amikor megtudt\u00e1k a gyerekek, hogy a T\u00e9lap\u00f3 bizony l\u00e1tta amikor odacsukta az egyik gyerek a m\u00e1sik \u00faj\u00e1t az ajt\u00f3val. S\u0151t. Azt is l\u00e1tta amikor az egyik kisl\u00e1ny nem mosott kezet eb\u00e9d el\u0151tt. De persze l\u00e1tta azt is, hogy milyen \u00fcgyesen v\u00e1rj\u00e1k itt \u0151t a gyerekek.\u00a0 Ki is ny\u00edlt a versek \u00e9s mond\u00f3k\u00e1k hallat\u00e1n a b\u0171v\u00f6s zs\u00e1k. \u00c9s csak \u00fagy ontotta mag\u00e1b\u00f3l az aj\u00e1nd\u00e9kokat amiket azonnal ki is pr\u00f3b\u00e1ltak a gyerekek.<\/p>\n","protected":false},"excerpt":{"rendered":"<p>Hideg t\u00e9lnek nyom\u00e1t sem l\u00e1ttuk ma, ennek ellen\u00e9re m\u00e9gis csak ell\u00e1togatott a T\u00e9lap\u00f3 Kardosk\u00fatra. Elhozta mag\u00e1val a krampusz\u00e1t is, de neki csak az aj\u00e1nd\u00e9kok sz\u00e9toszt\u00e1s\u00e1ban volt ma szerepe. Mint megtudtuk, rossz gyerek nem volt az id\u00e9n Kardosk\u00faton. Az iskol\u00e1ban kezdte a T\u00e9lap\u00f3 a munk\u00e1j\u00e1t, ahol is a T\u00fcnd\u00e9rpalota csod\u00e1latos f\u00e9ny\u00e9\u00e9rt dolgoz\u00f3 b\u00e1csik (E-ON Zrt.) aj\u00e1nd\u00e9kait &hellip; <\/p>\n<p class=\"link-more\"><a href=\"https:\/\/www.kardoskut.hu\/?p=1215\" class=\"more-link\"><span class=\"screen-reader-text\">&#8222;Az E-On mikul\u00e1sa visszat\u00e9rt hozz\u00e1nk&#8221;<\/span> b\u0151vebben<\/a><\/p>\n","protected":false},"author":1,"featured_media":0,"comment_status":"closed","ping_status":"closed","sticky":false,"template":"","format":"standard","meta":{"footnotes":""},"categories":[11],"tags":[],"class_list":["post-1215","post","type-post","status-publish","format-standard","hentry","category-11"],"_links":{"self":[{"href":"https:\/\/www.kardoskut.hu\/index.php?rest_route=\/wp\/v2\/posts\/1215","targetHints":{"allow":["GET"]}}],"collection":[{"href":"https:\/\/www.kardoskut.hu\/index.php?rest_route=\/wp\/v2\/posts"}],"about":[{"href":"https:\/\/www.kardoskut.hu\/index.php?rest_route=\/wp\/v2\/types\/post"}],"author":[{"embeddable":true,"href":"https:\/\/www.kardoskut.hu\/index.php?rest_route=\/wp\/v2\/users\/1"}],"replies":[{"embeddable":true,"href":"https:\/\/www.kardoskut.hu\/index.php?rest_route=%2Fwp%2Fv2%2Fcomments&post=1215"}],"version-history":[{"count":1,"href":"https:\/\/www.kardoskut.hu\/index.php?rest_route=\/wp\/v2\/posts\/1215\/revisions"}],"predecessor-version":[{"id":1217,"href":"https:\/\/www.kardoskut.hu\/index.php?rest_route=\/wp\/v2\/posts\/1215\/revisions\/1217"}],"wp:attachment":[{"href":"https:\/\/www.kardoskut.hu\/index.php?rest_route=%2Fwp%2Fv2%2Fmedia&parent=1215"}],"wp:term":[{"taxonomy":"category","embeddable":true,"href":"https:\/\/www.kardoskut.hu\/index.php?rest_route=%2Fwp%2Fv2%2Fcategories&post=1215"},{"taxonomy":"post_tag","embeddable":true,"href":"https:\/\/www.kardoskut.hu\/index.php?rest_route=%2Fwp%2Fv2%2Ftags&post=1215"}],"curies":[{"name":"wp","href":"https:\/\/api.w.org\/{rel}","templated":true}]}}