{"id":1201,"date":"2009-11-20T12:03:22","date_gmt":"2009-11-20T12:03:22","guid":{"rendered":"http:\/\/new.kardoskut.hu\/?p=1201"},"modified":"2017-11-23T12:04:55","modified_gmt":"2017-11-23T12:04:55","slug":"az-elso-orszagos-bajnokunk","status":"publish","type":"post","link":"https:\/\/www.kardoskut.hu\/?p=1201","title":{"rendered":"Az els\u0151 orsz\u00e1gos bajnokunk"},"content":{"rendered":"<p><a href=\"http:\/\/new.kardoskut.hu\/wp-content\/uploads\/2017\/11\/kissimi.jpg\"><img loading=\"lazy\" decoding=\"async\" class=\"alignleft size-medium wp-image-1202\" src=\"http:\/\/new.kardoskut.hu\/wp-content\/uploads\/2017\/11\/kissimi-102x300.jpg\" alt=\"\" width=\"102\" height=\"300\" srcset=\"https:\/\/www.kardoskut.hu\/wp-content\/uploads\/2017\/11\/kissimi-102x300.jpg 102w, https:\/\/www.kardoskut.hu\/wp-content\/uploads\/2017\/11\/kissimi-348x1024.jpg 348w, https:\/\/www.kardoskut.hu\/wp-content\/uploads\/2017\/11\/kissimi.jpg 764w\" sizes=\"auto, (max-width: 102px) 100vw, 102px\" \/><\/a>Veraszt\u00f3 J\u00f3zsef igazgat\u00f3 \u00far oszt\u00e1lyf\u0151n\u00f6ki \u00f3r\u00e1ra invit\u00e1lt.\u00a0 Az \u00f3ra elej\u00e9n elmondta a tanul\u00f3knak, hogy soha de soha nem volt m\u00e9g orsz\u00e1gos bajnok sportol\u00f3ja a kardosk\u00fati iskol\u00e1nak. Kiemelked\u0151 egy\u00e9nis\u00e9gek term\u00e9szetesen voltak, de bajnok m\u00e9g nem. Volt m\u00e1r, hogy a megyei \u00fatt\u00f6r\u0151 olimpi\u00e1n d\u00f6nt\u0151t j\u00e1tszottak a Kardosk\u00fatiak fociban anno, de azt sajnos nem nyert\u00e9k meg. \u00cdgy nem aranyoz\u00f3dott be az \u00e9rem.\u00a0\u00a0 Eddig. Van a faluban egy l\u00e1ny &#8211; Kiss Zsuzsa &#8211; akir\u0151l m\u00e1r besz\u00e1moltunk nemr\u00e9gen. Azt lehet l\u00e1tni, ha j\u00f3 az id\u0151, akkor \u0151 k\u00f6rbe-k\u00f6rbe fut a faluban. Nagyon sok j\u00f3 eredm\u00e9nnyel b\u00fcszk\u00e9lkedhet. \u00c9s van neki egy \u00f6ccse, aki most k\u00e9sz\u00fcl ballagni az \u00e1ltal\u00e1nos iskol\u00e1b\u00f3l. Kiss Imr\u00e9nek h\u00edvj\u00e1k. Nem \u0171zi versenyszer\u0171en a fut\u00e1st, nem j\u00e1r komoly edz\u00e9sekre, nincs profi edz\u0151je sem. Fut, mert j\u00f3lesik neki a fut\u00e1s. Nemr\u00e9gen r\u00e9szt vett Bog\u00e1rz\u00f3n az iskol\u00e1k k\u00f6z\u00f6tt megrendez\u00e9sre ker\u00fcl\u0151 k\u00f6rzeti mezei fut\u00f3versenyen, amit megnyert. Itt figyelt fel r\u00e1 a Buda-Cash B\u00e9k\u00e9scsabai Atl\u00e9tikai Club vezet\u0151 edz\u0151je. Si\u00f3fokon ker\u00fclt megrendez\u00e9sre november 14-\u00e9n a kismaratoni orsz\u00e1gos-bajnoks\u00e1g. Sz\u00f3ltak Imr\u00e9nek, hogy ha van kedve, akkor csatlakozzon a b\u00e9k\u00e9scsabai csapatba. Egyfajta tartal\u00e9k tagk\u00e9nt. A sors \u00fagy hozta, hogy Imre lefuthatta a t\u00e1vot 3 m\u00e1sik csapatt\u00e1rs\u00e1val egy\u00fctt \u00e9s csapatban elhozt\u00e1k az els\u0151 helyet. Orsz\u00e1gos bajnokot k\u00f6sz\u00f6nthetnek oszt\u00e1lyt\u00e1rsai Kardosk\u00faton. Imre az al\u00e1bbiakat v\u00e1laszolta az oszt\u00e1lyt\u00e1rsait\u00f3l hozz\u00e1 \u00e9rkez\u0151 k\u00e9rd\u00e9sekre:<\/p>\n<p><strong>Futott\u00e1l m\u00e1r a verseny el\u0151tt is 10km-t?<\/strong><\/p>\n<p>Nem, soha. De aznap a verseny el\u0151tt a helysz\u00ednen lefutottam, hogy tudjam, mir\u0151l is lesz sz\u00f3.<br \/>\nP\u00e1sztor Istv\u00e1n tan\u00e1rom javaslat\u00e1ra el\u0151zetesen r\u00f6videbb t\u00e1vokon gyakoroltam. Kifutottam Pusztak\u00f6zpontr\u00f3l a kis kil\u00e1t\u00f3ig \u00e9s vissza. Erre ugyanis nem kell menek\u00fclni a k\u00f6rny\u00e9kbeli kuty\u00e1kt\u00f3l. Ez olyan 3 km lehet.<\/p>\n<p><strong>H\u00e1ny versenyz\u0151 volt \u00f6sszesen a si\u00f3foki versenyen?<\/strong><\/p>\n<p>K\u00f6r\u00fclbel\u00fcl 60-70 r\u00e9sztvev\u0151 indult. A fiatalokt\u00f3l az id\u0151sekig. Egyszerre \u00e1llt rajthoz mindenki. \u00c9n a k\u00f6z\u00e9pmez\u0151nyben v\u00e9geztem, koroszt\u00e1lyomban pedig els\u0151k lett\u00fcnk csapatban.<\/p>\n<p><strong>Mennyi id\u0151 alatt futottad le a t\u00e1vot \u00e9s mennyi er\u0151t vett ki bel\u0151led? Volt valami taktik\u00e1d?<\/strong><strong><br \/>\n<\/strong>37 perc alatt futottam le a 10 km-t. Azt nem mondom, hogy harmadj\u00e1ra is le tudtam volna m\u00e9g futni a t\u00e1vot, de nem is \u00e1jultam el a f\u00e1radts\u00e1gt\u00f3l. Taktik\u00e1m igaz\u00e1b\u00f3l annyi volt, hogy 9 km-ig k\u00f6zepes temp\u00f3ban futottam \u00e9s az utols\u00f3 egy kilom\u00e9teren adtam ki magamb\u00f3l a maximumot.<\/p>\n<p><strong>A k\u00e9s\u0151bbiekben esetleg profi versenyz\u00e9sben gondolkodsz?<\/strong><\/p>\n<p>Nem. P\u00e1lyav\u00e1laszt\u00e1s el\u0151tt \u00e1llok. Orosh\u00e1z\u00e1ra a Harruckernbe jelentkezem majd. Azt nem z\u00e1rom ki, hogy hetente 1x ne j\u00e1rjak \u00e1t B\u00e9k\u00e9scsab\u00e1ra edz\u00e9sre, de komolyabban nem akarok a fut\u00e1ssal foglalkozni.<\/p>\n","protected":false},"excerpt":{"rendered":"<p>Veraszt\u00f3 J\u00f3zsef igazgat\u00f3 \u00far oszt\u00e1lyf\u0151n\u00f6ki \u00f3r\u00e1ra invit\u00e1lt.\u00a0 Az \u00f3ra elej\u00e9n elmondta a tanul\u00f3knak, hogy soha de soha nem volt m\u00e9g orsz\u00e1gos bajnok sportol\u00f3ja a kardosk\u00fati iskol\u00e1nak. Kiemelked\u0151 egy\u00e9nis\u00e9gek term\u00e9szetesen voltak, de bajnok m\u00e9g nem. Volt m\u00e1r, hogy a megyei \u00fatt\u00f6r\u0151 olimpi\u00e1n d\u00f6nt\u0151t j\u00e1tszottak a Kardosk\u00fatiak fociban anno, de azt sajnos nem nyert\u00e9k meg. \u00cdgy nem &hellip; <\/p>\n<p class=\"link-more\"><a href=\"https:\/\/www.kardoskut.hu\/?p=1201\" class=\"more-link\"><span class=\"screen-reader-text\">&#8222;Az els\u0151 orsz\u00e1gos bajnokunk&#8221;<\/span> b\u0151vebben<\/a><\/p>\n","protected":false},"author":1,"featured_media":0,"comment_status":"closed","ping_status":"closed","sticky":false,"template":"","format":"standard","meta":{"footnotes":""},"categories":[11],"tags":[],"class_list":["post-1201","post","type-post","status-publish","format-standard","hentry","category-11"],"_links":{"self":[{"href":"https:\/\/www.kardoskut.hu\/index.php?rest_route=\/wp\/v2\/posts\/1201","targetHints":{"allow":["GET"]}}],"collection":[{"href":"https:\/\/www.kardoskut.hu\/index.php?rest_route=\/wp\/v2\/posts"}],"about":[{"href":"https:\/\/www.kardoskut.hu\/index.php?rest_route=\/wp\/v2\/types\/post"}],"author":[{"embeddable":true,"href":"https:\/\/www.kardoskut.hu\/index.php?rest_route=\/wp\/v2\/users\/1"}],"replies":[{"embeddable":true,"href":"https:\/\/www.kardoskut.hu\/index.php?rest_route=%2Fwp%2Fv2%2Fcomments&post=1201"}],"version-history":[{"count":1,"href":"https:\/\/www.kardoskut.hu\/index.php?rest_route=\/wp\/v2\/posts\/1201\/revisions"}],"predecessor-version":[{"id":1203,"href":"https:\/\/www.kardoskut.hu\/index.php?rest_route=\/wp\/v2\/posts\/1201\/revisions\/1203"}],"wp:attachment":[{"href":"https:\/\/www.kardoskut.hu\/index.php?rest_route=%2Fwp%2Fv2%2Fmedia&parent=1201"}],"wp:term":[{"taxonomy":"category","embeddable":true,"href":"https:\/\/www.kardoskut.hu\/index.php?rest_route=%2Fwp%2Fv2%2Fcategories&post=1201"},{"taxonomy":"post_tag","embeddable":true,"href":"https:\/\/www.kardoskut.hu\/index.php?rest_route=%2Fwp%2Fv2%2Ftags&post=1201"}],"curies":[{"name":"wp","href":"https:\/\/api.w.org\/{rel}","templated":true}]}}