{"id":1198,"date":"2009-11-20T11:56:05","date_gmt":"2009-11-20T11:56:05","guid":{"rendered":"http:\/\/new.kardoskut.hu\/?p=1198"},"modified":"2017-11-23T12:03:11","modified_gmt":"2017-11-23T12:03:11","slug":"faultetes-az-iskolanal","status":"publish","type":"post","link":"https:\/\/www.kardoskut.hu\/?p=1198","title":{"rendered":"Fa\u00fcltet\u00e9s az iskol\u00e1n\u00e1l"},"content":{"rendered":"<figure id=\"attachment_1199\" aria-describedby=\"caption-attachment-1199\" style=\"width: 972px\" class=\"wp-caption alignnone\"><a href=\"https:\/\/www.flickr.com\/photos\/kardoskuthu\/albums\/72157658994406658\"><img loading=\"lazy\" decoding=\"async\" class=\"wp-image-1199 size-full\" src=\"http:\/\/new.kardoskut.hu\/wp-content\/uploads\/2017\/11\/faultetes_iskola_2009-15.jpg\" alt=\"\" width=\"972\" height=\"729\" srcset=\"https:\/\/www.kardoskut.hu\/wp-content\/uploads\/2017\/11\/faultetes_iskola_2009-15.jpg 972w, https:\/\/www.kardoskut.hu\/wp-content\/uploads\/2017\/11\/faultetes_iskola_2009-15-300x225.jpg 300w, https:\/\/www.kardoskut.hu\/wp-content\/uploads\/2017\/11\/faultetes_iskola_2009-15-768x576.jpg 768w\" sizes=\"auto, (max-width: 767px) 89vw, (max-width: 1000px) 54vw, (max-width: 1071px) 543px, 580px\" \/><\/a><figcaption id=\"caption-attachment-1199\" class=\"wp-caption-text\">Tov\u00e1bbi fot\u00f3k\u00e9rt k\u00e9rem, kattintson a fenti k\u00e9pre. (Fot\u00f3k: VP.)<\/figcaption><\/figure>\n<p>November m\u00e1sodik fel\u00e9hez k\u00e9pest igencsak szikr\u00e1z\u00f3 naps\u00fct\u00e9sben kezdek neki az \u00e1ltal\u00e1nos iskol\u00e1sok a Kossuth utcai fa\u00fcltet\u00e9snek. Minden oszt\u00e1ly el\u00fcltetett egy d\u00edszf\u00e1t amelyet a k\u00e9s\u0151bbiekben \u00e1polnak, \u00f6nt\u00f6znek. Ez az \u00f5 f\u00e1juk lesz. Veraszt\u00f3 igazgat\u00f3 \u00far felh\u00edvta a gyerekek figyelm\u00e9t, ha majd 20 \u00e9v m\u00falva erre j\u00e1rnak, mutass\u00e1k meg a gyerekeiknek, hogy ezt a f\u00e1t \u0151k \u00fcltett\u00e9k.<\/p>\n","protected":false},"excerpt":{"rendered":"<p>November m\u00e1sodik fel\u00e9hez k\u00e9pest igencsak szikr\u00e1z\u00f3 naps\u00fct\u00e9sben kezdek neki az \u00e1ltal\u00e1nos iskol\u00e1sok a Kossuth utcai fa\u00fcltet\u00e9snek. Minden oszt\u00e1ly el\u00fcltetett egy d\u00edszf\u00e1t amelyet a k\u00e9s\u0151bbiekben \u00e1polnak, \u00f6nt\u00f6znek. Ez az \u00f5 f\u00e1juk lesz. Veraszt\u00f3 igazgat\u00f3 \u00far felh\u00edvta a gyerekek figyelm\u00e9t, ha majd 20 \u00e9v m\u00falva erre j\u00e1rnak, mutass\u00e1k meg a gyerekeiknek, hogy ezt a f\u00e1t \u0151k \u00fcltett\u00e9k.<\/p>\n","protected":false},"author":1,"featured_media":0,"comment_status":"closed","ping_status":"closed","sticky":false,"template":"","format":"standard","meta":{"footnotes":""},"categories":[11],"tags":[],"class_list":["post-1198","post","type-post","status-publish","format-standard","hentry","category-11"],"_links":{"self":[{"href":"https:\/\/www.kardoskut.hu\/index.php?rest_route=\/wp\/v2\/posts\/1198","targetHints":{"allow":["GET"]}}],"collection":[{"href":"https:\/\/www.kardoskut.hu\/index.php?rest_route=\/wp\/v2\/posts"}],"about":[{"href":"https:\/\/www.kardoskut.hu\/index.php?rest_route=\/wp\/v2\/types\/post"}],"author":[{"embeddable":true,"href":"https:\/\/www.kardoskut.hu\/index.php?rest_route=\/wp\/v2\/users\/1"}],"replies":[{"embeddable":true,"href":"https:\/\/www.kardoskut.hu\/index.php?rest_route=%2Fwp%2Fv2%2Fcomments&post=1198"}],"version-history":[{"count":1,"href":"https:\/\/www.kardoskut.hu\/index.php?rest_route=\/wp\/v2\/posts\/1198\/revisions"}],"predecessor-version":[{"id":1200,"href":"https:\/\/www.kardoskut.hu\/index.php?rest_route=\/wp\/v2\/posts\/1198\/revisions\/1200"}],"wp:attachment":[{"href":"https:\/\/www.kardoskut.hu\/index.php?rest_route=%2Fwp%2Fv2%2Fmedia&parent=1198"}],"wp:term":[{"taxonomy":"category","embeddable":true,"href":"https:\/\/www.kardoskut.hu\/index.php?rest_route=%2Fwp%2Fv2%2Fcategories&post=1198"},{"taxonomy":"post_tag","embeddable":true,"href":"https:\/\/www.kardoskut.hu\/index.php?rest_route=%2Fwp%2Fv2%2Ftags&post=1198"}],"curies":[{"name":"wp","href":"https:\/\/api.w.org\/{rel}","templated":true}]}}